{"id":20248,"date":"2023-05-29T11:41:38","date_gmt":"2023-05-29T09:41:38","guid":{"rendered":"http:\/\/smaria.salou.arqtgn.cat\/?p=20248"},"modified":"2023-06-03T11:41:51","modified_gmt":"2023-06-03T09:41:51","slug":"vigilia-de-pentecostes-en-santa-maria-del-mar","status":"publish","type":"post","link":"https:\/\/smaria.salou.arqtgn.cat\/es\/vigilia-de-pentecostes-en-santa-maria-del-mar\/","title":{"rendered":"Vigilia de Pentecost\u00e9s en Santa Maria del Mar"},"content":{"rendered":"<p><a href=\"http:\/\/smaria.salou.arqtgn.cat\/wp-content\/uploads\/sites\/10\/2023\/06\/vetlla.jpg\"><img loading=\"lazy\" decoding=\"async\" class=\"aligncenter size-full wp-image-20245\" src=\"http:\/\/smaria.salou.arqtgn.cat\/wp-content\/uploads\/sites\/10\/2023\/06\/vetlla.jpg\" alt=\"\" width=\"1200\" height=\"1800\" srcset=\"https:\/\/smaria.salou.arqtgn.cat\/wp-content\/uploads\/sites\/10\/2023\/06\/vetlla.jpg 1200w, https:\/\/smaria.salou.arqtgn.cat\/wp-content\/uploads\/sites\/10\/2023\/06\/vetlla-200x300.jpg 200w, https:\/\/smaria.salou.arqtgn.cat\/wp-content\/uploads\/sites\/10\/2023\/06\/vetlla-683x1024.jpg 683w, https:\/\/smaria.salou.arqtgn.cat\/wp-content\/uploads\/sites\/10\/2023\/06\/vetlla-768x1152.jpg 768w, https:\/\/smaria.salou.arqtgn.cat\/wp-content\/uploads\/sites\/10\/2023\/06\/vetlla-1024x1536.jpg 1024w, https:\/\/smaria.salou.arqtgn.cat\/wp-content\/uploads\/sites\/10\/2023\/06\/vetlla-560x840.jpg 560w\" sizes=\"auto, (max-width: 1200px) 100vw, 1200px\" \/><\/a>Como ya venimos haciendo tradicionalmente estos \u00faltimos a\u00f1os, este s\u00e1bado pasado a las 21h, una cuarentena de personas nos encontramos para orar por la venida del Esp\u00edritu Santo en una \u00edntima y vivida vigilia de oraci\u00f3n de Pentecost\u00e9s.<\/p>\n<p>La oraci\u00f3n const\u00f3 con la lectura de la Palabra de Dios alternando momentos de silencio y meditaci\u00f3n con canciones y recitaci\u00f3n conjunta de oraciones.<\/p>\n","protected":false},"excerpt":{"rendered":"<p>Como ya venimos haciendo tradicionalmente estos \u00faltimos a\u00f1os, este s\u00e1bado pasado a las 21h, una cuarentena de personas nos encontramos para orar por la venida del Esp\u00edritu Santo en una \u00edntima y vivida vigilia de oraci\u00f3n de Pentecost\u00e9s. La oraci\u00f3n const\u00f3 con la lectura de la Palabra de Dios alternando momentos de silencio y meditaci\u00f3n &hellip; <\/p>\n<p><a class=\"more-link btn\" href=\"https:\/\/smaria.salou.arqtgn.cat\/es\/vigilia-de-pentecostes-en-santa-maria-del-mar\/\">Seguir leyendo<\/a><\/p>\n","protected":false},"author":11,"featured_media":0,"comment_status":"closed","ping_status":"closed","sticky":false,"template":"","format":"standard","meta":{"footnotes":""},"categories":[52,64],"tags":[],"class_list":["post-20248","post","type-post","status-publish","format-standard","hentry","category-para-reflexionar","category-vida-parroquial-es","item-wrap"],"amp_enabled":true,"_links":{"self":[{"href":"https:\/\/smaria.salou.arqtgn.cat\/es\/wp-json\/wp\/v2\/posts\/20248","targetHints":{"allow":["GET"]}}],"collection":[{"href":"https:\/\/smaria.salou.arqtgn.cat\/es\/wp-json\/wp\/v2\/posts"}],"about":[{"href":"https:\/\/smaria.salou.arqtgn.cat\/es\/wp-json\/wp\/v2\/types\/post"}],"author":[{"embeddable":true,"href":"https:\/\/smaria.salou.arqtgn.cat\/es\/wp-json\/wp\/v2\/users\/11"}],"replies":[{"embeddable":true,"href":"https:\/\/smaria.salou.arqtgn.cat\/es\/wp-json\/wp\/v2\/comments?post=20248"}],"version-history":[{"count":1,"href":"https:\/\/smaria.salou.arqtgn.cat\/es\/wp-json\/wp\/v2\/posts\/20248\/revisions"}],"predecessor-version":[{"id":20249,"href":"https:\/\/smaria.salou.arqtgn.cat\/es\/wp-json\/wp\/v2\/posts\/20248\/revisions\/20249"}],"wp:attachment":[{"href":"https:\/\/smaria.salou.arqtgn.cat\/es\/wp-json\/wp\/v2\/media?parent=20248"}],"wp:term":[{"taxonomy":"category","embeddable":true,"href":"https:\/\/smaria.salou.arqtgn.cat\/es\/wp-json\/wp\/v2\/categories?post=20248"},{"taxonomy":"post_tag","embeddable":true,"href":"https:\/\/smaria.salou.arqtgn.cat\/es\/wp-json\/wp\/v2\/tags?post=20248"}],"curies":[{"name":"wp","href":"https:\/\/api.w.org\/{rel}","templated":true}]}}