{"id":20239,"date":"2023-05-29T11:23:51","date_gmt":"2023-05-29T09:23:51","guid":{"rendered":"http:\/\/smaria.salou.arqtgn.cat\/?p=20239"},"modified":"2023-06-03T11:26:20","modified_gmt":"2023-06-03T09:26:20","slug":"eucaristia-familiar-final-con-los-ninos-de-2o-ano-de-iniciacion-cristiana-de-familias-y-ninos","status":"publish","type":"post","link":"https:\/\/smaria.salou.arqtgn.cat\/es\/eucaristia-familiar-final-con-los-ninos-de-2o-ano-de-iniciacion-cristiana-de-familias-y-ninos\/","title":{"rendered":"Eucarist\u00eda familiar final con los ni\u00f1os de 2\u00ba a\u00f1o de Iniciaci\u00f3n Cristiana de Familias y Ni\u00f1os"},"content":{"rendered":"<p style=\"text-align: justify\"><a href=\"http:\/\/smaria.salou.arqtgn.cat\/wp-content\/uploads\/sites\/10\/2023\/06\/fi_2n_cate.jpg\" target=\"_blank\" rel=\"noopener\"><img loading=\"lazy\" decoding=\"async\" class=\"aligncenter wp-image-20235 size-full\" src=\"http:\/\/smaria.salou.arqtgn.cat\/wp-content\/uploads\/sites\/10\/2023\/06\/fi_2n_cate.jpg\" alt=\"\" width=\"800\" height=\"668\" srcset=\"https:\/\/smaria.salou.arqtgn.cat\/wp-content\/uploads\/sites\/10\/2023\/06\/fi_2n_cate.jpg 800w, https:\/\/smaria.salou.arqtgn.cat\/wp-content\/uploads\/sites\/10\/2023\/06\/fi_2n_cate-300x251.jpg 300w, https:\/\/smaria.salou.arqtgn.cat\/wp-content\/uploads\/sites\/10\/2023\/06\/fi_2n_cate-768x641.jpg 768w, https:\/\/smaria.salou.arqtgn.cat\/wp-content\/uploads\/sites\/10\/2023\/06\/fi_2n_cate-560x468.jpg 560w\" sizes=\"auto, (max-width: 800px) 100vw, 800px\" \/><\/a>El s\u00e1bado pasado tuvimos detr\u00e1s de Eucarist\u00eda familiar de este curso con las familias y ni\u00f1os de 2\u00ba a\u00f1o de la Iniciaci\u00f3n Cristiana de Familias e Ni\u00f1os con una muy buena asistencia.<\/p>\n<p style=\"text-align: justify\">La Eucarist\u00eda fue muy participada y animada, tanto por las familias como por los ni\u00f1os, terminando con una emotiva oraci\u00f3n rezada conjuntamente por todos invocando la PAU por obra el Esp\u00edritu Santo.<\/p>\n<p style=\"text-align: justify\">El cura les record\u00f3 que la catequesis s\u00ed se va de vacaciones pero Jes\u00fas no, y les invit\u00f3 a participar en las eucarist\u00edas este verano.<\/p>\n<p>&nbsp;<\/p>\n","protected":false},"excerpt":{"rendered":"<p>El s\u00e1bado pasado tuvimos detr\u00e1s de Eucarist\u00eda familiar de este curso con las familias y ni\u00f1os de 2\u00ba a\u00f1o de la Iniciaci\u00f3n Cristiana de Familias e Ni\u00f1os con una muy buena asistencia. La Eucarist\u00eda fue muy participada y animada, tanto por las familias como por los ni\u00f1os, terminando con una emotiva oraci\u00f3n rezada conjuntamente por &hellip; <\/p>\n<p><a class=\"more-link btn\" href=\"https:\/\/smaria.salou.arqtgn.cat\/es\/eucaristia-familiar-final-con-los-ninos-de-2o-ano-de-iniciacion-cristiana-de-familias-y-ninos\/\">Seguir leyendo<\/a><\/p>\n","protected":false},"author":11,"featured_media":0,"comment_status":"closed","ping_status":"closed","sticky":false,"template":"","format":"standard","meta":{"footnotes":""},"categories":[50],"tags":[],"class_list":["post-20239","post","type-post","status-publish","format-standard","hentry","category-catequesis","item-wrap"],"amp_enabled":true,"_links":{"self":[{"href":"https:\/\/smaria.salou.arqtgn.cat\/es\/wp-json\/wp\/v2\/posts\/20239","targetHints":{"allow":["GET"]}}],"collection":[{"href":"https:\/\/smaria.salou.arqtgn.cat\/es\/wp-json\/wp\/v2\/posts"}],"about":[{"href":"https:\/\/smaria.salou.arqtgn.cat\/es\/wp-json\/wp\/v2\/types\/post"}],"author":[{"embeddable":true,"href":"https:\/\/smaria.salou.arqtgn.cat\/es\/wp-json\/wp\/v2\/users\/11"}],"replies":[{"embeddable":true,"href":"https:\/\/smaria.salou.arqtgn.cat\/es\/wp-json\/wp\/v2\/comments?post=20239"}],"version-history":[{"count":2,"href":"https:\/\/smaria.salou.arqtgn.cat\/es\/wp-json\/wp\/v2\/posts\/20239\/revisions"}],"predecessor-version":[{"id":20242,"href":"https:\/\/smaria.salou.arqtgn.cat\/es\/wp-json\/wp\/v2\/posts\/20239\/revisions\/20242"}],"wp:attachment":[{"href":"https:\/\/smaria.salou.arqtgn.cat\/es\/wp-json\/wp\/v2\/media?parent=20239"}],"wp:term":[{"taxonomy":"category","embeddable":true,"href":"https:\/\/smaria.salou.arqtgn.cat\/es\/wp-json\/wp\/v2\/categories?post=20239"},{"taxonomy":"post_tag","embeddable":true,"href":"https:\/\/smaria.salou.arqtgn.cat\/es\/wp-json\/wp\/v2\/tags?post=20239"}],"curies":[{"name":"wp","href":"https:\/\/api.w.org\/{rel}","templated":true}]}}