{"id":20229,"date":"2023-06-03T10:28:09","date_gmt":"2023-06-03T08:28:09","guid":{"rendered":"http:\/\/smaria.salou.arqtgn.cat\/?p=20229"},"modified":"2023-06-03T10:28:09","modified_gmt":"2023-06-03T08:28:09","slug":"santisima-trinidad-a-2023","status":"publish","type":"post","link":"https:\/\/smaria.salou.arqtgn.cat\/es\/santisima-trinidad-a-2023\/","title":{"rendered":"SANT\u00cdSIMA TRINIDAD \/ A \/ 2023"},"content":{"rendered":"<p>\u200b<\/p>\n<table style=\"height: 10px;width: 97.3345%\">\n<tbody>\n<tr style=\"height: 256px\">\n<td style=\"height: 10px;width: 30.085%;text-align: center\">\n<p><div id=\"attachment_20221\" style=\"width: 278px\" class=\"wp-caption aligncenter\"><a href=\"https:\/\/www.arquebisbattarragona.cat\/es\/recursos-pastorals\/lectures-dominicals\/\" target=\"_blank\" rel=\"noopener\"><img loading=\"lazy\" decoding=\"async\" aria-describedby=\"caption-attachment-20221\" class=\"wp-image-20221 size-medium\" src=\"http:\/\/smaria.salou.arqtgn.cat\/wp-content\/uploads\/sites\/10\/2023\/06\/trinitat-278x300.jpg\" alt=\"\" width=\"278\" height=\"300\" srcset=\"https:\/\/smaria.salou.arqtgn.cat\/wp-content\/uploads\/sites\/10\/2023\/06\/trinitat-278x300.jpg 278w, https:\/\/smaria.salou.arqtgn.cat\/wp-content\/uploads\/sites\/10\/2023\/06\/trinitat-560x604.jpg 560w, https:\/\/smaria.salou.arqtgn.cat\/wp-content\/uploads\/sites\/10\/2023\/06\/trinitat.jpg 600w\" sizes=\"auto, (max-width: 278px) 100vw, 278px\" \/><\/a><p id=\"caption-attachment-20221\" class=\"wp-caption-text\">Leer la Palabra de Dios<\/p><\/div><\/td>\n<td style=\"height: 10px;width: 22.5173%;text-align: center\">\n<p><div id=\"attachment_14542\" style=\"width: 228px\" class=\"wp-caption aligncenter\"><a href=\"http:\/\/hemeroteca.arqtgn.cat\/bitstream\/123456789\/13443\/2\/hd3821.pdf\" target=\"_blank\" rel=\"noopener noreferrer\"><img loading=\"lazy\" decoding=\"async\" aria-describedby=\"caption-attachment-14542\" class=\"wp-image-14542\" src=\"http:\/\/smaria.salou.arqtgn.cat\/wp-content\/uploads\/sites\/10\/2021\/01\/full_es.jpg\" alt=\"\" width=\"228\" height=\"134\" srcset=\"https:\/\/smaria.salou.arqtgn.cat\/wp-content\/uploads\/sites\/10\/2021\/01\/full_es.jpg 400w, https:\/\/smaria.salou.arqtgn.cat\/wp-content\/uploads\/sites\/10\/2021\/01\/full_es-300x176.jpg 300w\" sizes=\"auto, (max-width: 228px) 100vw, 228px\" \/><\/a><p id=\"caption-attachment-14542\" class=\"wp-caption-text\">Leer la Hoja Dominical<\/p><\/div><\/td>\n<\/tr>\n<\/tbody>\n<\/table>\n<p>&nbsp;<\/p>\n<div class=\"embed-container\"><iframe loading=\"lazy\" title=\"Carta domical. \u00abLa perfecta alegr\u00eda\u00bb\" width=\"560\" height=\"315\" src=\"https:\/\/www.youtube.com\/embed\/B3FqM4SfQZQ?feature=oembed\" frameborder=\"0\" allow=\"accelerometer; autoplay; clipboard-write; encrypted-media; gyroscope; picture-in-picture; web-share\" referrerpolicy=\"strict-origin-when-cross-origin\" allowfullscreen><\/iframe><\/div>\n<p>&nbsp;<\/p>\n<div class=\"embed-container\"><iframe loading=\"lazy\" title=\"Pray - Domingo de la Sant\u00edsima Trinidad, Ciclo A\" width=\"560\" height=\"315\" src=\"https:\/\/www.youtube.com\/embed\/DkxSDGiK0II?feature=oembed\" frameborder=\"0\" allow=\"accelerometer; autoplay; clipboard-write; encrypted-media; gyroscope; picture-in-picture; web-share\" referrerpolicy=\"strict-origin-when-cross-origin\" allowfullscreen><\/iframe><\/div>\n<p>&nbsp;<\/p>\n<p>&nbsp;<\/p>\n<h4><span style=\"color: #1c70ed\">Una mirada art\u00edstica a l&#8217;Evangeli del Diumenge, un gentilesa de l&#8217;<em>Amadeu Bonet<\/em>, artista.<\/span><\/h4>\n<p><a href=\"https:\/\/upapilarmagdalena.org\/levangeli-des-de-lart-una-mirada-artistica-a-levangeli-del-diumenge-6-de-juny-de-2023\/\" target=\"_blank\" rel=\"noopener\"><img loading=\"lazy\" decoding=\"async\" class=\"aligncenter\" src=\"https:\/\/upapilarmagdalena.org\/wp-content\/uploads\/2023\/05\/COMPOSICION-20230604.jpg\" alt=\"\" width=\"1417\" height=\"1077\" \/><\/a><\/p>\n<p><strong>LA PREGUNTA <em>(Jn 21,15-17;19) <\/em><\/strong><br \/>\n<strong>La sabidur\u00eda debe verificarse en compasi\u00f3n<\/strong><\/p>\n<p style=\"text-align: justify\">Jes\u00fas parece no cansarse de preguntarle a Pedro por el amor que le profesa. La vida, despu\u00e9s de todo, nos hace continuamente esta misma pregunta. Cada momento es una invitaci\u00f3n a fundirnos en \u00e9l o, por contrapartida, a rechazarlo y escaparnos qui\u00e9n sabe ad\u00f3nde. A cada instante debemos elegir entre involucrarnos o quedarnos fuera, entre ser generosos o ap\u00e1ticos, entre responder o, simplemente, reaccionar. <em>\u00a1S\u00edgueme!, <\/em>esa es la llamada que nos hace a cada instante la vida. <em>\u00bfMe quieres?<\/em><\/p>\n<p style=\"text-align: justify\">Pedro es el hombre que ha negado a Jes\u00fas y que se ha purificado con sus l\u00e1grimas. Por eso ahora es capaz de responder: <em>Se\u00f1or, t\u00fa sabes que te quiero. <\/em>Es una respuesta que apunta al horizonte m\u00e1s noble: el amor. Pero tambi\u00e9n es una respuesta dada con la consciencia del propio l\u00edmite. Una declaraci\u00f3n de amor que no haya pasado por la experiencia del fracaso amoroso, es poco fiable.<\/p>\n<p style=\"text-align: justify\">Para entender su <em>Se\u00f1or, t\u00fa sabes que te quiero,<\/em> dicho con tanto coraz\u00f3n, hay que entender al menos otras dos afirmaciones suyas que preceden a \u00e9sta: <em>\u00a1No lo permita Dios, Se\u00f1or! Eso no puede pasarte <\/em>(Mt 16,22), exclama Pedro cuando Jes\u00fas predice su Pasi\u00f3n. <em>\u00a1No me lavar\u00e1s los pies jam\u00e1s! <\/em>(Jn 13,18), protesta cuando ve que su maestro se rebaja hasta el punto de asumir una faena de esclavos. \u00a1Qu\u00e9 duro ver peque\u00f1os a quienes creemos grandes!<\/p>\n<p style=\"text-align: justify\">Este Pedro, que se resiste a que se cumpla el tr\u00e1gico destino de su maestro tiene un coraz\u00f3n noble, pero inmaduro. Esta inmadurez suya la mantiene casi hasta el final, cuando desenvaina la espada y corta la oreja del criado Malco, para defender a Jes\u00fas cuando vienen a prenderlo. Con todo lo que ya ha visto y o\u00eddo, todav\u00eda no se ha enterado de nada. No se ha hecho cargo a\u00fan de que el amor no es cuesti\u00f3n de fuerza, arrojo o confrontaci\u00f3n.<\/p>\n<p style=\"text-align: justify\">\u00bfQu\u00e9 le falta entonces a Pedro para madurar? Ya ha llorado por su traici\u00f3n. Ya ha limpiado su mirada con l\u00e1grimas y se ha dado cuenta de que ning\u00fan amor puede edificarse sobre uno mismo. Ahora que por fin ha dicho: <em>Si, Se\u00f1or, t\u00fa sabes que te quiero, <\/em>lo que le queda de vida es para hacer realidad esta afirmaci\u00f3n. Le queda la vida entera, tras la partida del maestro, para ir realizando en su vida, poco a poco, la voluntad de Dios. Para irse dejando colonizar del todo por su Se\u00f1or. S\u00f3lo desde aqu\u00ed puede entenderse que Jes\u00fas le responda por tres veces consecutivas con su <em>apacienta mis corderos<\/em>. El amor que se le profesa \u2014\u00e9sa parece ser la conclusi\u00f3n\u2014 debe traducirse en repetida y paciente atenci\u00f3n a los m\u00e1s d\u00e9biles. La sabidur\u00eda debe verificarse y acrisolarse en compasi\u00f3n.<\/p>\n<p style=\"text-align: justify\">Nosotros \u2014eso no hay ni que decirlo\u2014 preferir\u00edamos que todo fuese de golpe, en un \u00fanico acto, heroico y definitivo. De este modo nos quitar\u00edamos el asunto de encima. El obrar de Dios en el hombre, sin embargo, es siempre poco a poco. No hay amor sin pedagog\u00eda. La historia de amor entre Jes\u00fas y Pedro es una lecci\u00f3n magistral del amor pedag\u00f3gico de Dios. Es la historia de c\u00f3mo un ego va cediendo hasta finalmente quedar vencido. Es el relato de c\u00f3mo se prepara, tras a\u00f1os de aventuras y desventuras, el coraz\u00f3n de un pastor.<\/p>\n<p style=\"text-align: justify\">Un pastor como Dios manda tiene que haber sido un necio, haberse resistido, haber llorado\u2026 Un pastor como Dios manda tiene que haber pasado, de alg\u00fan modo, por todas las situaciones por las que pasan las ovejas. S\u00f3lo as\u00ed podr\u00e1 decir que las conoce. S\u00f3lo as\u00ed se sentir\u00e1n ellas conocidas y llamadas por su nombre. La formaci\u00f3n de un pastor de almas es necesariamente atribulada. S\u00f3lo as\u00ed, alg\u00fan d\u00eda, podr\u00e1 su vida ser espejo del Buen Pastor.<\/p>\n<p style=\"text-align: justify\">Meditar, d\u00eda a d\u00eda, con inquebrantable fidelidad y con una humildad puesta a prueba, es el signo incontestable de que queremos escuchar, una y otra vez, esta pregunta: <em>Pedro, hijo de Juan, \u00bfme amas?<\/em> La vida que llevemos \u2014s\u00f3lo eso\u2014 ser\u00e1 nuestra respuesta.<\/p>\n<p style=\"text-align: right\">Pablo d\u2019Ors, <em>Biograf\u00eda de la luz<\/em><strong>\u00a0<\/strong><\/p>\n","protected":false},"excerpt":{"rendered":"<p>\u200b &nbsp; &nbsp; &nbsp; &nbsp; Una mirada art\u00edstica a l&#8217;Evangeli del Diumenge, un gentilesa de l&#8217;Amadeu Bonet, artista. LA PREGUNTA (Jn 21,15-17;19) La sabidur\u00eda debe verificarse en compasi\u00f3n Jes\u00fas parece no cansarse de preguntarle a Pedro por el amor que le profesa. La vida, despu\u00e9s de todo, nos hace continuamente esta misma pregunta. Cada momento &hellip; <\/p>\n<p><a class=\"more-link btn\" href=\"https:\/\/smaria.salou.arqtgn.cat\/es\/santisima-trinidad-a-2023\/\">Seguir leyendo<\/a><\/p>\n","protected":false},"author":11,"featured_media":0,"comment_status":"closed","ping_status":"closed","sticky":false,"template":"","format":"standard","meta":{"footnotes":""},"categories":[52,49],"tags":[],"class_list":["post-20229","post","type-post","status-publish","format-standard","hentry","category-para-reflexionar","category-preparando-el-domingo","item-wrap"],"amp_enabled":true,"_links":{"self":[{"href":"https:\/\/smaria.salou.arqtgn.cat\/es\/wp-json\/wp\/v2\/posts\/20229","targetHints":{"allow":["GET"]}}],"collection":[{"href":"https:\/\/smaria.salou.arqtgn.cat\/es\/wp-json\/wp\/v2\/posts"}],"about":[{"href":"https:\/\/smaria.salou.arqtgn.cat\/es\/wp-json\/wp\/v2\/types\/post"}],"author":[{"embeddable":true,"href":"https:\/\/smaria.salou.arqtgn.cat\/es\/wp-json\/wp\/v2\/users\/11"}],"replies":[{"embeddable":true,"href":"https:\/\/smaria.salou.arqtgn.cat\/es\/wp-json\/wp\/v2\/comments?post=20229"}],"version-history":[{"count":2,"href":"https:\/\/smaria.salou.arqtgn.cat\/es\/wp-json\/wp\/v2\/posts\/20229\/revisions"}],"predecessor-version":[{"id":20231,"href":"https:\/\/smaria.salou.arqtgn.cat\/es\/wp-json\/wp\/v2\/posts\/20229\/revisions\/20231"}],"wp:attachment":[{"href":"https:\/\/smaria.salou.arqtgn.cat\/es\/wp-json\/wp\/v2\/media?parent=20229"}],"wp:term":[{"taxonomy":"category","embeddable":true,"href":"https:\/\/smaria.salou.arqtgn.cat\/es\/wp-json\/wp\/v2\/categories?post=20229"},{"taxonomy":"post_tag","embeddable":true,"href":"https:\/\/smaria.salou.arqtgn.cat\/es\/wp-json\/wp\/v2\/tags?post=20229"}],"curies":[{"name":"wp","href":"https:\/\/api.w.org\/{rel}","templated":true}]}}