{"id":20208,"date":"2023-05-25T07:50:55","date_gmt":"2023-05-25T05:50:55","guid":{"rendered":"http:\/\/smaria.salou.arqtgn.cat\/?p=20208"},"modified":"2023-05-27T07:51:08","modified_gmt":"2023-05-27T05:51:08","slug":"acaba-el-curso-de-primera-acogida-de-caritas","status":"publish","type":"post","link":"https:\/\/smaria.salou.arqtgn.cat\/es\/acaba-el-curso-de-primera-acogida-de-caritas\/","title":{"rendered":"Acaba el curso de Primera Acogida de C\u00e1ritas"},"content":{"rendered":"<p><a href=\"http:\/\/smaria.salou.arqtgn.cat\/wp-content\/uploads\/sites\/10\/2023\/05\/02.jpg\"><img loading=\"lazy\" decoding=\"async\" class=\"aligncenter size-full wp-image-20200\" src=\"http:\/\/smaria.salou.arqtgn.cat\/wp-content\/uploads\/sites\/10\/2023\/05\/02.jpg\" alt=\"\" width=\"800\" height=\"540\" srcset=\"https:\/\/smaria.salou.arqtgn.cat\/wp-content\/uploads\/sites\/10\/2023\/05\/02.jpg 800w, https:\/\/smaria.salou.arqtgn.cat\/wp-content\/uploads\/sites\/10\/2023\/05\/02-300x203.jpg 300w, https:\/\/smaria.salou.arqtgn.cat\/wp-content\/uploads\/sites\/10\/2023\/05\/02-768x518.jpg 768w, https:\/\/smaria.salou.arqtgn.cat\/wp-content\/uploads\/sites\/10\/2023\/05\/02-560x378.jpg 560w\" sizes=\"auto, (max-width: 800px) 100vw, 800px\" \/><\/a><\/p>\n<p style=\"text-align: justify\">Este martes 25 de mayo ha finalizado el curso de primera acogida organizado por C\u00e1ritas Diocesana de Tarragona en nuestra parroquia que ha reunido a 13 personas y que empez\u00f3 el pasado 23 de marzo.<\/p>\n<p style=\"text-align: justify\">Este curso ha tenido dos partes. Una hasta Pascua en la que los participantes han recibido formaci\u00f3n en materia sociosanitaria para cuidar a personas dependientes. La segunda parte, desde Pascua, formaci\u00f3n en lengua catalana en los niveles A, B y C. En esta segunda parte, adem\u00e1s de la profesora, dos personas, una de nuestra parroquia y durante un d\u00eda a la semana han hecho de acompa\u00f1amiento ling\u00fc\u00edstico para fomentar el habla en catal\u00e1n.<\/p>\n<p style=\"text-align: justify\">Tambi\u00e9n han tenido sesiones de informaci\u00f3n y orientaci\u00f3n laboral as\u00ed como de asesoramiento legal para conseguir los \u00abpapeles\u00bb para poder legalizar su situaci\u00f3n. Sin embargo, en las \u00faltimas semanas han hecho salidas culturas para conocer el entorno Salou.<\/p>\n\n\t\t<style type=\"text\/css\">\n\t\t\t#gallery-1 {\n\t\t\t\tmargin: auto;\n\t\t\t}\n\t\t\t#gallery-1 .gallery-item {\n\t\t\t\tfloat: left;\n\t\t\t\tmargin-top: 10px;\n\t\t\t\ttext-align: center;\n\t\t\t\twidth: 33%;\n\t\t\t}\n\t\t\t#gallery-1 img {\n\t\t\t\tborder: 2px solid #cfcfcf;\n\t\t\t}\n\t\t\t#gallery-1 .gallery-caption {\n\t\t\t\tmargin-left: 0;\n\t\t\t}\n\t\t\t\/* see gallery_shortcode() in wp-includes\/media.php *\/\n\t\t<\/style>\n\t\t<div id='gallery-1' class='gallery galleryid-20208 gallery-columns-3 gallery-size-thumbnail'><dl class='gallery-item'>\n\t\t\t<dt class='gallery-icon portrait'>\n\t\t\t\t<a href='https:\/\/smaria.salou.arqtgn.cat\/es\/acaba-el-curso-de-primera-acogida-de-caritas\/01-2-2\/'><img loading=\"lazy\" decoding=\"async\" width=\"150\" height=\"150\" src=\"https:\/\/smaria.salou.arqtgn.cat\/wp-content\/uploads\/sites\/10\/2023\/05\/01-150x150.jpg\" class=\"attachment-thumbnail size-thumbnail\" alt=\"\" \/><\/a>\n\t\t\t<\/dt><\/dl><dl class='gallery-item'>\n\t\t\t<dt class='gallery-icon landscape'>\n\t\t\t\t<a href='https:\/\/smaria.salou.arqtgn.cat\/es\/acaba-el-curso-de-primera-acogida-de-caritas\/03-2-2\/'><img loading=\"lazy\" decoding=\"async\" width=\"150\" height=\"150\" src=\"https:\/\/smaria.salou.arqtgn.cat\/wp-content\/uploads\/sites\/10\/2023\/05\/03-150x150.jpg\" class=\"attachment-thumbnail size-thumbnail\" alt=\"\" \/><\/a>\n\t\t\t<\/dt><\/dl><dl class='gallery-item'>\n\t\t\t<dt class='gallery-icon landscape'>\n\t\t\t\t<a href='https:\/\/smaria.salou.arqtgn.cat\/es\/curso-de-primera-acogida-de-caritas\/caritas-2\/'><img loading=\"lazy\" decoding=\"async\" width=\"150\" height=\"150\" src=\"https:\/\/smaria.salou.arqtgn.cat\/wp-content\/uploads\/sites\/10\/2023\/04\/caritas-150x150.jpg\" class=\"attachment-thumbnail size-thumbnail\" alt=\"\" \/><\/a>\n\t\t\t<\/dt><\/dl><br style=\"clear: both\" \/>\n\t\t<\/div>\n\n","protected":false},"excerpt":{"rendered":"<p>Este martes 25 de mayo ha finalizado el curso de primera acogida organizado por C\u00e1ritas Diocesana de Tarragona en nuestra parroquia que ha reunido a 13 personas y que empez\u00f3 el pasado 23 de marzo. Este curso ha tenido dos partes. Una hasta Pascua en la que los participantes han recibido formaci\u00f3n en materia sociosanitaria &hellip; <\/p>\n<p><a class=\"more-link btn\" href=\"https:\/\/smaria.salou.arqtgn.cat\/es\/acaba-el-curso-de-primera-acogida-de-caritas\/\">Seguir leyendo<\/a><\/p>\n","protected":false},"author":11,"featured_media":0,"comment_status":"closed","ping_status":"closed","sticky":false,"template":"","format":"standard","meta":{"footnotes":""},"categories":[57,64],"tags":[],"class_list":["post-20208","post","type-post","status-publish","format-standard","hentry","category-caritas-interparroquial-es-2","category-vida-parroquial-es","item-wrap"],"amp_enabled":true,"_links":{"self":[{"href":"https:\/\/smaria.salou.arqtgn.cat\/es\/wp-json\/wp\/v2\/posts\/20208","targetHints":{"allow":["GET"]}}],"collection":[{"href":"https:\/\/smaria.salou.arqtgn.cat\/es\/wp-json\/wp\/v2\/posts"}],"about":[{"href":"https:\/\/smaria.salou.arqtgn.cat\/es\/wp-json\/wp\/v2\/types\/post"}],"author":[{"embeddable":true,"href":"https:\/\/smaria.salou.arqtgn.cat\/es\/wp-json\/wp\/v2\/users\/11"}],"replies":[{"embeddable":true,"href":"https:\/\/smaria.salou.arqtgn.cat\/es\/wp-json\/wp\/v2\/comments?post=20208"}],"version-history":[{"count":1,"href":"https:\/\/smaria.salou.arqtgn.cat\/es\/wp-json\/wp\/v2\/posts\/20208\/revisions"}],"predecessor-version":[{"id":20209,"href":"https:\/\/smaria.salou.arqtgn.cat\/es\/wp-json\/wp\/v2\/posts\/20208\/revisions\/20209"}],"wp:attachment":[{"href":"https:\/\/smaria.salou.arqtgn.cat\/es\/wp-json\/wp\/v2\/media?parent=20208"}],"wp:term":[{"taxonomy":"category","embeddable":true,"href":"https:\/\/smaria.salou.arqtgn.cat\/es\/wp-json\/wp\/v2\/categories?post=20208"},{"taxonomy":"post_tag","embeddable":true,"href":"https:\/\/smaria.salou.arqtgn.cat\/es\/wp-json\/wp\/v2\/tags?post=20208"}],"curies":[{"name":"wp","href":"https:\/\/api.w.org\/{rel}","templated":true}]}}