{"id":20150,"date":"2023-05-19T15:59:35","date_gmt":"2023-05-19T13:59:35","guid":{"rendered":"http:\/\/smaria.salou.arqtgn.cat\/?p=20150"},"modified":"2023-05-19T15:59:35","modified_gmt":"2023-05-19T13:59:35","slug":"alumnos-del-instituto-marta-mata-visitan-caritas-interparroquial","status":"publish","type":"post","link":"https:\/\/smaria.salou.arqtgn.cat\/es\/alumnos-del-instituto-marta-mata-visitan-caritas-interparroquial\/","title":{"rendered":"Alumnos del instituto Marta Mata visitan C\u00e0ritas Interparroquial"},"content":{"rendered":"<p><a href=\"http:\/\/smaria.salou.arqtgn.cat\/wp-content\/uploads\/sites\/10\/2023\/05\/Marta_Mata_Caritas.jpg\" target=\"_blank\" rel=\"noopener\"><img loading=\"lazy\" decoding=\"async\" class=\"aligncenter wp-image-20146 size-full\" src=\"http:\/\/smaria.salou.arqtgn.cat\/wp-content\/uploads\/sites\/10\/2023\/05\/Marta_Mata_Caritas.jpg\" alt=\"\" width=\"1600\" height=\"900\" srcset=\"https:\/\/smaria.salou.arqtgn.cat\/wp-content\/uploads\/sites\/10\/2023\/05\/Marta_Mata_Caritas.jpg 1600w, https:\/\/smaria.salou.arqtgn.cat\/wp-content\/uploads\/sites\/10\/2023\/05\/Marta_Mata_Caritas-300x169.jpg 300w, https:\/\/smaria.salou.arqtgn.cat\/wp-content\/uploads\/sites\/10\/2023\/05\/Marta_Mata_Caritas-1024x576.jpg 1024w, https:\/\/smaria.salou.arqtgn.cat\/wp-content\/uploads\/sites\/10\/2023\/05\/Marta_Mata_Caritas-768x432.jpg 768w, https:\/\/smaria.salou.arqtgn.cat\/wp-content\/uploads\/sites\/10\/2023\/05\/Marta_Mata_Caritas-1536x864.jpg 1536w, https:\/\/smaria.salou.arqtgn.cat\/wp-content\/uploads\/sites\/10\/2023\/05\/Marta_Mata_Caritas-560x315.jpg 560w\" sizes=\"auto, (max-width: 1600px) 100vw, 1600px\" \/><\/a><\/p>\n<p style=\"text-align: justify\">Este pasado mi\u00e9rcoles, alumnos de 3\u00ba de ESO del instituto de educaci\u00f3n secundaria <em>Marta Mata<\/em> de Salou, visitaron la sede de <em>C\u00e1ritas Interparroquial.<\/em><\/p>\n<p style=\"text-align: justify\">Esta visita forma parte de la programaci\u00f3n de la asignatura de concienciaci\u00f3n y servicios a las necesidades sociales y voluntariado. A <em>C\u00e1ritas Interparroquial<\/em> de Salou se les ha explicado cu\u00e1les son las necesidades sociales m\u00e1s urgentes en Salou, c\u00f3mo se enfrentan, y c\u00f3mo en un primer momento toma conciencia y en un segundo momento poder hacer un servicio de voluntariado.<\/p>\n","protected":false},"excerpt":{"rendered":"<p>Este pasado mi\u00e9rcoles, alumnos de 3\u00ba de ESO del instituto de educaci\u00f3n secundaria Marta Mata de Salou, visitaron la sede de C\u00e1ritas Interparroquial. Esta visita forma parte de la programaci\u00f3n de la asignatura de concienciaci\u00f3n y servicios a las necesidades sociales y voluntariado. A C\u00e1ritas Interparroquial de Salou se les ha explicado cu\u00e1les son las &hellip; <\/p>\n<p><a class=\"more-link btn\" href=\"https:\/\/smaria.salou.arqtgn.cat\/es\/alumnos-del-instituto-marta-mata-visitan-caritas-interparroquial\/\">Seguir leyendo<\/a><\/p>\n","protected":false},"author":11,"featured_media":0,"comment_status":"closed","ping_status":"closed","sticky":false,"template":"","format":"standard","meta":{"footnotes":""},"categories":[57],"tags":[],"class_list":["post-20150","post","type-post","status-publish","format-standard","hentry","category-caritas-interparroquial-es-2","item-wrap"],"amp_enabled":true,"_links":{"self":[{"href":"https:\/\/smaria.salou.arqtgn.cat\/es\/wp-json\/wp\/v2\/posts\/20150","targetHints":{"allow":["GET"]}}],"collection":[{"href":"https:\/\/smaria.salou.arqtgn.cat\/es\/wp-json\/wp\/v2\/posts"}],"about":[{"href":"https:\/\/smaria.salou.arqtgn.cat\/es\/wp-json\/wp\/v2\/types\/post"}],"author":[{"embeddable":true,"href":"https:\/\/smaria.salou.arqtgn.cat\/es\/wp-json\/wp\/v2\/users\/11"}],"replies":[{"embeddable":true,"href":"https:\/\/smaria.salou.arqtgn.cat\/es\/wp-json\/wp\/v2\/comments?post=20150"}],"version-history":[{"count":2,"href":"https:\/\/smaria.salou.arqtgn.cat\/es\/wp-json\/wp\/v2\/posts\/20150\/revisions"}],"predecessor-version":[{"id":20152,"href":"https:\/\/smaria.salou.arqtgn.cat\/es\/wp-json\/wp\/v2\/posts\/20150\/revisions\/20152"}],"wp:attachment":[{"href":"https:\/\/smaria.salou.arqtgn.cat\/es\/wp-json\/wp\/v2\/media?parent=20150"}],"wp:term":[{"taxonomy":"category","embeddable":true,"href":"https:\/\/smaria.salou.arqtgn.cat\/es\/wp-json\/wp\/v2\/categories?post=20150"},{"taxonomy":"post_tag","embeddable":true,"href":"https:\/\/smaria.salou.arqtgn.cat\/es\/wp-json\/wp\/v2\/tags?post=20150"}],"curies":[{"name":"wp","href":"https:\/\/api.w.org\/{rel}","templated":true}]}}