{"id":20137,"date":"2023-05-15T13:19:36","date_gmt":"2023-05-15T11:19:36","guid":{"rendered":"http:\/\/smaria.salou.arqtgn.cat\/?p=20137"},"modified":"2023-05-19T13:24:36","modified_gmt":"2023-05-19T11:24:36","slug":"jornada-de-canto-coral","status":"publish","type":"post","link":"https:\/\/smaria.salou.arqtgn.cat\/es\/jornada-de-canto-coral\/","title":{"rendered":"Jornada de canto  coral"},"content":{"rendered":"<p>&nbsp;<\/p>\n<p><a href=\"http:\/\/smaria.salou.arqtgn.cat\/wp-content\/uploads\/sites\/10\/2023\/05\/Concert_Corals_0523.jpg\" target=\"_blank\" rel=\"noopener\"><img loading=\"lazy\" decoding=\"async\" class=\"aligncenter wp-image-20134 size-full\" src=\"http:\/\/smaria.salou.arqtgn.cat\/wp-content\/uploads\/sites\/10\/2023\/05\/Concert_Corals_0523.jpg\" alt=\"\" width=\"800\" height=\"816\" srcset=\"https:\/\/smaria.salou.arqtgn.cat\/wp-content\/uploads\/sites\/10\/2023\/05\/Concert_Corals_0523.jpg 800w, https:\/\/smaria.salou.arqtgn.cat\/wp-content\/uploads\/sites\/10\/2023\/05\/Concert_Corals_0523-294x300.jpg 294w, https:\/\/smaria.salou.arqtgn.cat\/wp-content\/uploads\/sites\/10\/2023\/05\/Concert_Corals_0523-768x783.jpg 768w, https:\/\/smaria.salou.arqtgn.cat\/wp-content\/uploads\/sites\/10\/2023\/05\/Concert_Corals_0523-560x571.jpg 560w\" sizes=\"auto, (max-width: 800px) 100vw, 800px\" \/><\/a><\/p>\n<p>El domingo 14 de mayo, entre las dos misas de la ma\u00f1ana y puesto en calzador pues no hab\u00eda m\u00e1s disponibilidad, el <em>Coro Vasco Ama-Lur<\/em> junto con la agrupaci\u00f3n V<em>asca Atarrabia Abesbatza Villava<\/em>, ofreci\u00f3 un concierto en la Iglesia Santa Maria del Mar de Salou, en el marco de las Jornadas de Cant Coral 2023.<\/p>\n<p>Abri\u00f3 el concierto el coraz\u00f3n Ama-Lut como anfitri\u00f3n cantando 3 canciones. A continuaci\u00f3n, la agrupaci\u00f3n vasca que ofreci\u00f3 una decena de canciones, muy variadas e interpretadas con una excelente calidad.<\/p>\n<p>Ha habido una muy buena asistencia de publico. Para finalizar el concierto, las dos corales interpretaron conjuntamente el himno del pueblo vasco con la emotividad a flor de piel.<\/p>\n","protected":false},"excerpt":{"rendered":"<p>&nbsp; El domingo 14 de mayo, entre las dos misas de la ma\u00f1ana y puesto en calzador pues no hab\u00eda m\u00e1s disponibilidad, el Coro Vasco Ama-Lur junto con la agrupaci\u00f3n Vasca Atarrabia Abesbatza Villava, ofreci\u00f3 un concierto en la Iglesia Santa Maria del Mar de Salou, en el marco de las Jornadas de Cant Coral &hellip; <\/p>\n<p><a class=\"more-link btn\" href=\"https:\/\/smaria.salou.arqtgn.cat\/es\/jornada-de-canto-coral\/\">Seguir leyendo<\/a><\/p>\n","protected":false},"author":11,"featured_media":0,"comment_status":"closed","ping_status":"closed","sticky":false,"template":"","format":"standard","meta":{"footnotes":""},"categories":[56,64],"tags":[],"class_list":["post-20137","post","type-post","status-publish","format-standard","hentry","category-actualitat-es","category-vida-parroquial-es","item-wrap"],"amp_enabled":true,"_links":{"self":[{"href":"https:\/\/smaria.salou.arqtgn.cat\/es\/wp-json\/wp\/v2\/posts\/20137","targetHints":{"allow":["GET"]}}],"collection":[{"href":"https:\/\/smaria.salou.arqtgn.cat\/es\/wp-json\/wp\/v2\/posts"}],"about":[{"href":"https:\/\/smaria.salou.arqtgn.cat\/es\/wp-json\/wp\/v2\/types\/post"}],"author":[{"embeddable":true,"href":"https:\/\/smaria.salou.arqtgn.cat\/es\/wp-json\/wp\/v2\/users\/11"}],"replies":[{"embeddable":true,"href":"https:\/\/smaria.salou.arqtgn.cat\/es\/wp-json\/wp\/v2\/comments?post=20137"}],"version-history":[{"count":3,"href":"https:\/\/smaria.salou.arqtgn.cat\/es\/wp-json\/wp\/v2\/posts\/20137\/revisions"}],"predecessor-version":[{"id":20142,"href":"https:\/\/smaria.salou.arqtgn.cat\/es\/wp-json\/wp\/v2\/posts\/20137\/revisions\/20142"}],"wp:attachment":[{"href":"https:\/\/smaria.salou.arqtgn.cat\/es\/wp-json\/wp\/v2\/media?parent=20137"}],"wp:term":[{"taxonomy":"category","embeddable":true,"href":"https:\/\/smaria.salou.arqtgn.cat\/es\/wp-json\/wp\/v2\/categories?post=20137"},{"taxonomy":"post_tag","embeddable":true,"href":"https:\/\/smaria.salou.arqtgn.cat\/es\/wp-json\/wp\/v2\/tags?post=20137"}],"curies":[{"name":"wp","href":"https:\/\/api.w.org\/{rel}","templated":true}]}}