{"id":20123,"date":"2023-05-20T00:35:56","date_gmt":"2023-05-19T22:35:56","guid":{"rendered":"http:\/\/smaria.salou.arqtgn.cat\/?p=20123"},"modified":"2023-05-20T00:35:56","modified_gmt":"2023-05-19T22:35:56","slug":"ascension-del-senor-a-2023","status":"publish","type":"post","link":"https:\/\/smaria.salou.arqtgn.cat\/es\/ascension-del-senor-a-2023\/","title":{"rendered":"ASCENSI\u00d3N del SE\u00d1OR \/ A \/ 2023"},"content":{"rendered":"<p>\u200b<\/p>\n<table style=\"height: 10px;width: 97.3345%\">\n<tbody>\n<tr style=\"height: 256px\">\n<td style=\"height: 10px;width: 30.085%;text-align: center\">\n<p><div id=\"attachment_20120\" style=\"width: 231px\" class=\"wp-caption aligncenter\"><a href=\"https:\/\/www.arquebisbattarragona.cat\/es\/recursos-pastorals\/lectures-dominicals\/\" target=\"_blank\" rel=\"noopener\"><img loading=\"lazy\" decoding=\"async\" aria-describedby=\"caption-attachment-20120\" class=\"wp-image-20120 size-medium\" src=\"http:\/\/smaria.salou.arqtgn.cat\/wp-content\/uploads\/sites\/10\/2023\/05\/Ascensio-231x300.jpg\" alt=\"\" width=\"231\" height=\"300\" srcset=\"https:\/\/smaria.salou.arqtgn.cat\/wp-content\/uploads\/sites\/10\/2023\/05\/Ascensio-231x300.jpg 231w, https:\/\/smaria.salou.arqtgn.cat\/wp-content\/uploads\/sites\/10\/2023\/05\/Ascensio.jpg 500w\" sizes=\"auto, (max-width: 231px) 100vw, 231px\" \/><\/a><p id=\"caption-attachment-20120\" class=\"wp-caption-text\">Leer la Palabra de Dios<\/p><\/div><\/td>\n<td style=\"height: 10px;width: 22.5173%;text-align: center\">\n<p><div id=\"attachment_14542\" style=\"width: 221px\" class=\"wp-caption aligncenter\"><a href=\"http:\/\/hemeroteca.arqtgn.cat\/bitstream\/123456789\/13437\/2\/hd3819.pdf\" target=\"_blank\" rel=\"noopener noreferrer\"><img loading=\"lazy\" decoding=\"async\" aria-describedby=\"caption-attachment-14542\" class=\"wp-image-14542\" src=\"http:\/\/smaria.salou.arqtgn.cat\/wp-content\/uploads\/sites\/10\/2021\/01\/full_es.jpg\" alt=\"\" width=\"221\" height=\"130\" srcset=\"https:\/\/smaria.salou.arqtgn.cat\/wp-content\/uploads\/sites\/10\/2021\/01\/full_es.jpg 400w, https:\/\/smaria.salou.arqtgn.cat\/wp-content\/uploads\/sites\/10\/2021\/01\/full_es-300x176.jpg 300w\" sizes=\"auto, (max-width: 221px) 100vw, 221px\" \/><\/a><p id=\"caption-attachment-14542\" class=\"wp-caption-text\">Leer la Hoja Dominical<\/p><\/div><\/td>\n<\/tr>\n<\/tbody>\n<\/table>\n<p>&nbsp;<\/p>\n<div class=\"embed-container\"><iframe loading=\"lazy\" title=\"Carta dominical. \u00abLa huella de Jes\u00fas\u00bb\" width=\"560\" height=\"315\" src=\"https:\/\/www.youtube.com\/embed\/uwf59RVQO-4?feature=oembed\" frameborder=\"0\" allow=\"accelerometer; autoplay; clipboard-write; encrypted-media; gyroscope; picture-in-picture; web-share\" referrerpolicy=\"strict-origin-when-cross-origin\" allowfullscreen><\/iframe><\/div>\n<p>&nbsp;<\/p>\n<div class=\"embed-container\"><iframe loading=\"lazy\" title=\"Presencia - Ascensi\u00f3n del Se\u00f1or, Ciclo A\" width=\"560\" height=\"315\" src=\"https:\/\/www.youtube.com\/embed\/qGV-B6JQfUM?feature=oembed\" frameborder=\"0\" allow=\"accelerometer; autoplay; clipboard-write; encrypted-media; gyroscope; picture-in-picture; web-share\" referrerpolicy=\"strict-origin-when-cross-origin\" allowfullscreen><\/iframe><\/div>\n<p>&nbsp;<\/p>\n<p>&nbsp;<\/p>\n<h4><span style=\"color: #1c70ed\">Una mirada art\u00edstica a l&#8217;Evangeli del Diumenge, un gentilesa de l&#8217;<em>Amadeu Bonet<\/em>, artista.<\/span><\/h4>\n<p><a href=\"https:\/\/upapilarmagdalena.org\/levangeli-des-de-lart-una-mirada-artistica-a-levangeli-del-diumenge-21-de-maig-de-2023\/\" target=\"_blank\" rel=\"noopener\"><img loading=\"lazy\" decoding=\"async\" class=\"aligncenter\" src=\"https:\/\/upapilarmagdalena.org\/wp-content\/uploads\/2023\/05\/COMPOSICION-20230521.jpg\" alt=\"\" width=\"1417\" height=\"1077\" \/><\/a><\/p>\n<h3>Lectura espiritual<\/h3>\n<p><strong>LA REPRIMENDA <em>(Mt 16,21-23)<\/em><br \/>\nNinguna iluminaci\u00f3n es un ant\u00eddoto definitivo<\/strong><\/p>\n<p style=\"text-align: justify\">El mismo hombre sobre quien Jes\u00fas prometi\u00f3 edificar su Iglesia y a quien entreg\u00f3 las llaves del Reino (Mt 16,13-20) es al que ahora aparta con desd\u00e9n. El mismo Pedro que asiste, junto a un peque\u00f1o grupo de escogidos, al milagro de la transfiguraci\u00f3n es a quien ahora Jes\u00fas no duda en llamar Satan\u00e1s \u00bfQu\u00e9 significa esto?<\/p>\n<p style=\"text-align: justify\">Una situaci\u00f3n similar entre el maestro y su disc\u00edpulo se producir\u00e1 con ocasi\u00f3n del famoso lavatorio de pies. All\u00ed, ante la loca idea de que Jes\u00fas realizase una tarea reservada a los esclavos, Pedro, preso por la indignaci\u00f3n, exclama: <em>No lo permita Dios, \u00a1Se\u00f1or! Eso no puede pasar<\/em> (Mt 16,22). <em>No me lavar\u00e1s los pies jam\u00e1s <\/em>(Jn 13,8). \u00bfQu\u00e9 es lo que le sulfura tanto? \u00bfPor qu\u00e9 se resiste con tanta vehemencia? Un mesianismo por la v\u00eda del abajamiento y del servicio le resulta a Pedro inadmisible. \u00c9l no est\u00e1 dispuesto a aceptar que la salvaci\u00f3n pueda llegar por lo peque\u00f1o. Todav\u00eda cree que los pensamientos de Dios son los del mundo. Todav\u00eda no ha entendido que hay que probar el sabor del fracaso mundano para vivir las bienaventuranzas.<\/p>\n<p style=\"text-align: justify\">La resistencia de Pedro es la misma que la de cualquier buscador espiritual de cualquier tiempo. Todos estamos apegados al mundo y a su l\u00f3gica, no aceptamos la Pasi\u00f3n, nos escandaliza la propuesta de Jes\u00fas. Es la misma resistencia que tiene la sociedad contempor\u00e1nea (y la de siempre) frente al cristianismo. Es el ego -personal y colectivo- que no se resigna a claudicar y que presenta, una y otra vez su batalla.<\/p>\n<p style=\"text-align: justify\">Ninguna iluminaci\u00f3n es un ant\u00eddoto frente al infierno, \u00e9ste es el sentido m\u00e1s profundo del pasaje. Pedro ya hab\u00eda sido iluminado en el Tabor cuando neg\u00f3 por tres veces consecutivas a su maestro. Cabe que la oscuridad vuelva a sorprendernos cuando estemos en medio de la luz, pensando haber llegado qui\u00e9n sabe ad\u00f3nde y confiando en haber superado no s\u00e9 cuantas etapas. De pronto -sin explicaci\u00f3n posible-, volvemos a estar en el fango.<\/p>\n<p style=\"text-align: justify\">Mientras la pasi\u00f3n nos escandalice y asuste, estaremos todav\u00eda lejos de la verdadera luz. Mientras el dolor nos descoloque, seremos merecedores todav\u00eda de un correctivo semejante al que aqu\u00ed recibe Pedro de labios de Jes\u00fas. La luz no excluye la sombra, la incluye, la alumbra. Hay que bajar y lavar muchos pies para intuir algo semejante, hay que sumarse d\u00eda tras d\u00eda a esa caravana que permanentemente sube hacia Jerusal\u00e9n en la historia de la humanidad.<\/p>\n<p style=\"text-align: justify\">La actitud de Pedro (negar la realidad cuando no nos gusta) es la m\u00e1s frecuente de todas. Alguien nos informa que debe someterse a una intervenci\u00f3n quir\u00fargica de cierta gravedad y le decimos: seguro que no es nada. Una pareja rompe su vida conyugal y familiar tras veinte a\u00f1os de vida en com\u00fan y le aseguramos: seguro que es para bien. En cuanto la sombra hace su aparici\u00f3n, la negamos.<\/p>\n<p style=\"text-align: justify\">Seg\u00fan este texto, sin embargo, pareciera que esta negaci\u00f3n de la oscuridad es, precisamente, la v\u00eda por la que entra en el hombre el diablo. \u00bfNo ser\u00e1 entonces que lo oscuro tiene tambi\u00e9n sus derechos?<\/p>\n<p style=\"text-align: justify\">Tambi\u00e9n hay que considerar aqu\u00ed el movimiento complementario, puesto que la luz es normalmente cuestionada en cuanto aparece. Alguien se asocia a un grupo religioso y nos falta tiempo para pensar: \u00a1Otro que ha sido v\u00edctima de una secta! Una mujer se enamora de un hombre acaudalado y no hay quien no sospeche: \u00bfNo ir\u00e1 tras sus dineros? Nuestra permanente y autom\u00e1tica puesta en tela de juicio tanto de la luz como de la sombra revela nuestra fatal tendencia a vivir en la indefinici\u00f3n y en la ambig\u00fcedad. Pero un mundo en que las cosas no son blancas o negras, sino grises, es un mundo que pierde definici\u00f3n y, con ello, enturbia nuestro entendimiento y confunde nuestro coraz\u00f3n. Muchas perspectivas son posibles y leg\u00edtimas, pero no todas. Si todo cabe, hemos sucumbido al agnosticismo y al relativismo moral.<\/p>\n<p style=\"text-align: justify\">En nuestro clima cultural, normalmente relativista, la reprimenda de Jes\u00fas a Pedro, tan bienintencionado, resulta casi anacr\u00f3nica. En nuestra habitual atm\u00f3sfera de generalizada tolerancia, nadie se atreve hoy a reprender a nadie. La llamada correcci\u00f3n fraterna, practicada por las comunidades cristianas de antes, parece hoy bastante pasada de moda, esta desaparici\u00f3n, sin embargo, no obedece en la mayor parte de los casos a un creciente respeto a la diversidad ajena, sino m\u00e1s bien a una generalizada indiferencia.<\/p>\n<p style=\"text-align: right\">Pablo d\u2019Ors, <em>Biograf\u00eda de la luz<\/em><strong>\u00a0<\/strong><\/p>\n","protected":false},"excerpt":{"rendered":"<p>\u200b &nbsp; &nbsp; &nbsp; &nbsp; Una mirada art\u00edstica a l&#8217;Evangeli del Diumenge, un gentilesa de l&#8217;Amadeu Bonet, artista. Lectura espiritual LA REPRIMENDA (Mt 16,21-23) Ninguna iluminaci\u00f3n es un ant\u00eddoto definitivo El mismo hombre sobre quien Jes\u00fas prometi\u00f3 edificar su Iglesia y a quien entreg\u00f3 las llaves del Reino (Mt 16,13-20) es al que ahora aparta &hellip; <\/p>\n<p><a class=\"more-link btn\" href=\"https:\/\/smaria.salou.arqtgn.cat\/es\/ascension-del-senor-a-2023\/\">Seguir leyendo<\/a><\/p>\n","protected":false},"author":11,"featured_media":0,"comment_status":"closed","ping_status":"closed","sticky":false,"template":"","format":"standard","meta":{"footnotes":""},"categories":[52,49],"tags":[],"class_list":["post-20123","post","type-post","status-publish","format-standard","hentry","category-para-reflexionar","category-preparando-el-domingo","item-wrap"],"amp_enabled":true,"_links":{"self":[{"href":"https:\/\/smaria.salou.arqtgn.cat\/es\/wp-json\/wp\/v2\/posts\/20123","targetHints":{"allow":["GET"]}}],"collection":[{"href":"https:\/\/smaria.salou.arqtgn.cat\/es\/wp-json\/wp\/v2\/posts"}],"about":[{"href":"https:\/\/smaria.salou.arqtgn.cat\/es\/wp-json\/wp\/v2\/types\/post"}],"author":[{"embeddable":true,"href":"https:\/\/smaria.salou.arqtgn.cat\/es\/wp-json\/wp\/v2\/users\/11"}],"replies":[{"embeddable":true,"href":"https:\/\/smaria.salou.arqtgn.cat\/es\/wp-json\/wp\/v2\/comments?post=20123"}],"version-history":[{"count":2,"href":"https:\/\/smaria.salou.arqtgn.cat\/es\/wp-json\/wp\/v2\/posts\/20123\/revisions"}],"predecessor-version":[{"id":20154,"href":"https:\/\/smaria.salou.arqtgn.cat\/es\/wp-json\/wp\/v2\/posts\/20123\/revisions\/20154"}],"wp:attachment":[{"href":"https:\/\/smaria.salou.arqtgn.cat\/es\/wp-json\/wp\/v2\/media?parent=20123"}],"wp:term":[{"taxonomy":"category","embeddable":true,"href":"https:\/\/smaria.salou.arqtgn.cat\/es\/wp-json\/wp\/v2\/categories?post=20123"},{"taxonomy":"post_tag","embeddable":true,"href":"https:\/\/smaria.salou.arqtgn.cat\/es\/wp-json\/wp\/v2\/tags?post=20123"}],"curies":[{"name":"wp","href":"https:\/\/api.w.org\/{rel}","templated":true}]}}