{"id":20108,"date":"2023-05-10T11:01:23","date_gmt":"2023-05-10T09:01:23","guid":{"rendered":"http:\/\/smaria.salou.arqtgn.cat\/?p=20108"},"modified":"2023-05-13T11:03:30","modified_gmt":"2023-05-13T09:03:30","slug":"estrena-de-la-3a-temporada-de-the-chosen-los-elegidos","status":"publish","type":"post","link":"https:\/\/smaria.salou.arqtgn.cat\/es\/estrena-de-la-3a-temporada-de-the-chosen-los-elegidos\/","title":{"rendered":"Estrena de la 3\u00aa temporada de \u00abThe Chosen\u00bb, (Los elegidos)"},"content":{"rendered":"<p><a href=\"http:\/\/smaria.salou.arqtgn.cat\/wp-content\/uploads\/sites\/10\/2023\/05\/the_chosen.jpg\"><img loading=\"lazy\" decoding=\"async\" class=\"aligncenter size-full wp-image-20105\" src=\"http:\/\/smaria.salou.arqtgn.cat\/wp-content\/uploads\/sites\/10\/2023\/05\/the_chosen.jpg\" alt=\"\" width=\"800\" height=\"391\" srcset=\"https:\/\/smaria.salou.arqtgn.cat\/wp-content\/uploads\/sites\/10\/2023\/05\/the_chosen.jpg 800w, https:\/\/smaria.salou.arqtgn.cat\/wp-content\/uploads\/sites\/10\/2023\/05\/the_chosen-300x147.jpg 300w, https:\/\/smaria.salou.arqtgn.cat\/wp-content\/uploads\/sites\/10\/2023\/05\/the_chosen-768x375.jpg 768w, https:\/\/smaria.salou.arqtgn.cat\/wp-content\/uploads\/sites\/10\/2023\/05\/the_chosen-560x274.jpg 560w\" sizes=\"auto, (max-width: 800px) 100vw, 800px\" \/><\/a><\/p>\n<p><strong>The Chosen,<\/strong> <strong>Los elegidos<\/strong>, es la primera adaptaci\u00f3n cinematogr\u00e1fica en varias temporadas sobre la vida de Jes\u00fas, vista desde sus disc\u00edpulos, en concreto ser\u00e1n 7 temporadas y 50 cap\u00edtulos. Se ha convertido en un evento mundial, lo he visto 450 millones de personas de manera simult\u00e1nea en 140 pa\u00edses.<\/p>\n<p>Se puede ver por las plataformas Movistar+ y contra+. En libre sin pago a trav\u00e9s de la web de <a href=\"https:\/\/www.angel.com\/watch\/the-chosen\/episode\/8dfb714d-bca5-4812-8125-24fb9514cd10?_branch_match_id=1184728443756529905&amp;utm_source=thechosen-app&amp;utm_campaign=user-generated-share-thechosen-app&amp;utm_medium=sharing&amp;_branch_referrer=H4sIAAAAAAAAA8soKSkottLXz8nMy9ZLzEtPzdFLzs%2FVT3QxDg3xd%2FV2q0oCAGhSGS0iAAAA\" target=\"_blank\" rel=\"noopener\">Angel Estudios<\/a><\/p>\n<p>&nbsp;<\/p>\n<p>&nbsp;<\/p>\n","protected":false},"excerpt":{"rendered":"<p>The Chosen, Los elegidos, es la primera adaptaci\u00f3n cinematogr\u00e1fica en varias temporadas sobre la vida de Jes\u00fas, vista desde sus disc\u00edpulos, en concreto ser\u00e1n 7 temporadas y 50 cap\u00edtulos. Se ha convertido en un evento mundial, lo he visto 450 millones de personas de manera simult\u00e1nea en 140 pa\u00edses. Se puede ver por las plataformas &hellip; <\/p>\n<p><a class=\"more-link btn\" href=\"https:\/\/smaria.salou.arqtgn.cat\/es\/estrena-de-la-3a-temporada-de-the-chosen-los-elegidos\/\">Seguir leyendo<\/a><\/p>\n","protected":false},"author":11,"featured_media":0,"comment_status":"closed","ping_status":"closed","sticky":false,"template":"","format":"standard","meta":{"footnotes":""},"categories":[56,50,60,52],"tags":[],"class_list":["post-20108","post","type-post","status-publish","format-standard","hentry","category-actualitat-es","category-catequesis","category-formacio-es","category-para-reflexionar","item-wrap"],"amp_enabled":true,"_links":{"self":[{"href":"https:\/\/smaria.salou.arqtgn.cat\/es\/wp-json\/wp\/v2\/posts\/20108","targetHints":{"allow":["GET"]}}],"collection":[{"href":"https:\/\/smaria.salou.arqtgn.cat\/es\/wp-json\/wp\/v2\/posts"}],"about":[{"href":"https:\/\/smaria.salou.arqtgn.cat\/es\/wp-json\/wp\/v2\/types\/post"}],"author":[{"embeddable":true,"href":"https:\/\/smaria.salou.arqtgn.cat\/es\/wp-json\/wp\/v2\/users\/11"}],"replies":[{"embeddable":true,"href":"https:\/\/smaria.salou.arqtgn.cat\/es\/wp-json\/wp\/v2\/comments?post=20108"}],"version-history":[{"count":2,"href":"https:\/\/smaria.salou.arqtgn.cat\/es\/wp-json\/wp\/v2\/posts\/20108\/revisions"}],"predecessor-version":[{"id":20110,"href":"https:\/\/smaria.salou.arqtgn.cat\/es\/wp-json\/wp\/v2\/posts\/20108\/revisions\/20110"}],"wp:attachment":[{"href":"https:\/\/smaria.salou.arqtgn.cat\/es\/wp-json\/wp\/v2\/media?parent=20108"}],"wp:term":[{"taxonomy":"category","embeddable":true,"href":"https:\/\/smaria.salou.arqtgn.cat\/es\/wp-json\/wp\/v2\/categories?post=20108"},{"taxonomy":"post_tag","embeddable":true,"href":"https:\/\/smaria.salou.arqtgn.cat\/es\/wp-json\/wp\/v2\/tags?post=20108"}],"curies":[{"name":"wp","href":"https:\/\/api.w.org\/{rel}","templated":true}]}}