{"id":20100,"date":"2023-05-10T10:31:13","date_gmt":"2023-05-10T08:31:13","guid":{"rendered":"http:\/\/smaria.salou.arqtgn.cat\/?p=20100"},"modified":"2023-05-13T10:32:46","modified_gmt":"2023-05-13T08:32:46","slug":"tarde-primaveral-de-catequesis","status":"publish","type":"post","link":"https:\/\/smaria.salou.arqtgn.cat\/es\/tarde-primaveral-de-catequesis\/","title":{"rendered":"Tarde primaveral de catequesis"},"content":{"rendered":"<p style=\"text-align: justify\"><a href=\"http:\/\/smaria.salou.arqtgn.cat\/wp-content\/uploads\/sites\/10\/2023\/05\/tarda_cate.jpg\"><img loading=\"lazy\" decoding=\"async\" class=\"aligncenter size-full wp-image-20097\" src=\"http:\/\/smaria.salou.arqtgn.cat\/wp-content\/uploads\/sites\/10\/2023\/05\/tarda_cate.jpg\" alt=\"\" width=\"800\" height=\"1200\" srcset=\"https:\/\/smaria.salou.arqtgn.cat\/wp-content\/uploads\/sites\/10\/2023\/05\/tarda_cate.jpg 800w, https:\/\/smaria.salou.arqtgn.cat\/wp-content\/uploads\/sites\/10\/2023\/05\/tarda_cate-200x300.jpg 200w, https:\/\/smaria.salou.arqtgn.cat\/wp-content\/uploads\/sites\/10\/2023\/05\/tarda_cate-683x1024.jpg 683w, https:\/\/smaria.salou.arqtgn.cat\/wp-content\/uploads\/sites\/10\/2023\/05\/tarda_cate-768x1152.jpg 768w, https:\/\/smaria.salou.arqtgn.cat\/wp-content\/uploads\/sites\/10\/2023\/05\/tarda_cate-560x840.jpg 560w\" sizes=\"auto, (max-width: 800px) 100vw, 800px\" \/><\/a><\/p>\n<p style=\"text-align: justify\">Con el buen tiempo, los martes con los ni\u00f1os de 1r a\u00f1o, ya podemos realizar las din\u00e1micas previas al momento del oratorio en el patio. Estos dos \u00faltimos martes, hemos estado trabajando en no poner obst\u00e1culos para que Jes\u00fas llegue a nosotros. Por eso hicimos unos peque\u00f1os juegos de superar obst\u00e1culos en el patio, para despu\u00e9s en el oratorio ver qu\u00e9 obst\u00e1culos o dificultades tenemos para encontrarnos a diario con nuestro amigo Jes\u00fas.<\/p>\n<p style=\"text-align: justify\">Estas din\u00e1micas tambi\u00e9n sirven para hacer nacer y mejorar la relaci\u00f3n y el conocimiento entre los ni\u00f1os.<\/p>\n<p style=\"text-align: justify\">\n","protected":false},"excerpt":{"rendered":"<p>Con el buen tiempo, los martes con los ni\u00f1os de 1r a\u00f1o, ya podemos realizar las din\u00e1micas previas al momento del oratorio en el patio. Estos dos \u00faltimos martes, hemos estado trabajando en no poner obst\u00e1culos para que Jes\u00fas llegue a nosotros. Por eso hicimos unos peque\u00f1os juegos de superar obst\u00e1culos en el patio, para &hellip; <\/p>\n<p><a class=\"more-link btn\" href=\"https:\/\/smaria.salou.arqtgn.cat\/es\/tarde-primaveral-de-catequesis\/\">Seguir leyendo<\/a><\/p>\n","protected":false},"author":11,"featured_media":0,"comment_status":"closed","ping_status":"closed","sticky":false,"template":"","format":"standard","meta":{"footnotes":""},"categories":[50],"tags":[],"class_list":["post-20100","post","type-post","status-publish","format-standard","hentry","category-catequesis","item-wrap"],"amp_enabled":true,"_links":{"self":[{"href":"https:\/\/smaria.salou.arqtgn.cat\/es\/wp-json\/wp\/v2\/posts\/20100","targetHints":{"allow":["GET"]}}],"collection":[{"href":"https:\/\/smaria.salou.arqtgn.cat\/es\/wp-json\/wp\/v2\/posts"}],"about":[{"href":"https:\/\/smaria.salou.arqtgn.cat\/es\/wp-json\/wp\/v2\/types\/post"}],"author":[{"embeddable":true,"href":"https:\/\/smaria.salou.arqtgn.cat\/es\/wp-json\/wp\/v2\/users\/11"}],"replies":[{"embeddable":true,"href":"https:\/\/smaria.salou.arqtgn.cat\/es\/wp-json\/wp\/v2\/comments?post=20100"}],"version-history":[{"count":1,"href":"https:\/\/smaria.salou.arqtgn.cat\/es\/wp-json\/wp\/v2\/posts\/20100\/revisions"}],"predecessor-version":[{"id":20101,"href":"https:\/\/smaria.salou.arqtgn.cat\/es\/wp-json\/wp\/v2\/posts\/20100\/revisions\/20101"}],"wp:attachment":[{"href":"https:\/\/smaria.salou.arqtgn.cat\/es\/wp-json\/wp\/v2\/media?parent=20100"}],"wp:term":[{"taxonomy":"category","embeddable":true,"href":"https:\/\/smaria.salou.arqtgn.cat\/es\/wp-json\/wp\/v2\/categories?post=20100"},{"taxonomy":"post_tag","embeddable":true,"href":"https:\/\/smaria.salou.arqtgn.cat\/es\/wp-json\/wp\/v2\/tags?post=20100"}],"curies":[{"name":"wp","href":"https:\/\/api.w.org\/{rel}","templated":true}]}}