{"id":20083,"date":"2023-05-11T10:00:50","date_gmt":"2023-05-11T08:00:50","guid":{"rendered":"http:\/\/smaria.salou.arqtgn.cat\/?p=20083"},"modified":"2023-05-13T10:01:19","modified_gmt":"2023-05-13T08:01:19","slug":"reunion-del-equipo-de-catequistas","status":"publish","type":"post","link":"https:\/\/smaria.salou.arqtgn.cat\/es\/reunion-del-equipo-de-catequistas\/","title":{"rendered":"Reuni\u00f3n del equipo de catequistas"},"content":{"rendered":"<p><a href=\"http:\/\/smaria.salou.arqtgn.cat\/wp-content\/uploads\/sites\/10\/2023\/05\/logo_ivd.jpg\"><img loading=\"lazy\" decoding=\"async\" class=\"aligncenter size-full wp-image-20085\" src=\"http:\/\/smaria.salou.arqtgn.cat\/wp-content\/uploads\/sites\/10\/2023\/05\/logo_ivd.jpg\" alt=\"\" width=\"800\" height=\"355\" srcset=\"https:\/\/smaria.salou.arqtgn.cat\/wp-content\/uploads\/sites\/10\/2023\/05\/logo_ivd.jpg 800w, https:\/\/smaria.salou.arqtgn.cat\/wp-content\/uploads\/sites\/10\/2023\/05\/logo_ivd-300x133.jpg 300w, https:\/\/smaria.salou.arqtgn.cat\/wp-content\/uploads\/sites\/10\/2023\/05\/logo_ivd-768x341.jpg 768w, https:\/\/smaria.salou.arqtgn.cat\/wp-content\/uploads\/sites\/10\/2023\/05\/logo_ivd-560x249.jpg 560w\" sizes=\"auto, (max-width: 800px) 100vw, 800px\" \/><\/a><\/p>\n<p style=\"text-align: justify\">Este jueves pasado el equipo de catequistas de la parroquia se reunieron para revisar el a\u00f1o pastoral que se est\u00e1 terminando, preparar el pr\u00f3ximo y el <a href=\"https:\/\/publicaciocorreu.arqtgn.cat\/links\/mSHUGeAxAq\/IXXMoeAIMg\/mIDGAullBO\/gWlYgQnjRz\" target=\"_blank\" rel=\"noopener\"><em>Encuentro Diocesano de Catequistas<\/em><\/a> que nuestra parroquia de Santa Mar\u00eda del Mar acoger\u00e1, si Dios quiere, el s\u00e1bado 10 de junio durante toda la ma\u00f1ana y hasta despu\u00e9s de comer.<\/p>\n<p style=\"text-align: justify\">Este a\u00f1o hemos tenido 125 ni\u00f1os desde los 7 a\u00f1os hasta los 12. La previsi\u00f3n para el pr\u00f3ximo curso es de 150 ni\u00f1os. Este a\u00f1o no hay comuniones, s\u00f3lo alguna pendiente de casos especiales, porque nuestra comunidad parroquial se acogi\u00f3 al nuevo plan de catequesis presentado por el SIC, de pasar la 1\u00aa comuni\u00f3n de 3\u00ba de Primaria a 4\u00ba de Primaria.<\/p>\n<p style=\"text-align: justify\">Constatamos la falta de catequistas para hacer frente a tantos ni\u00f1os. Somos una plantilla m\u00e1s o menos estable de 13 personas m\u00e1s Pilar, que hace de coordinadora y\u00a0 Mn. Josep M.\u00a0 Podemos asumir esta realidad gracias a las sesiones presenciales quincenales y el apoyo con las actividades virtuales que reciben la semana que no vienen a la parroquia.<\/p>\n<p style=\"text-align: justify\">La valoraci\u00f3n del curso actual fue positiva sobre todo para los de 1r a\u00f1o, que vienen muy contentos. Para los de 2\u00ba a\u00f1o tambi\u00e9n, pero es necesario trabajar m\u00e1s la coordinaci\u00f3n en las celebraciones de las misas familiares. Tambi\u00e9n se est\u00e1 haciendo el esfuerzo de los encuentros mensuales con los padres y madres que est\u00e1n yendo bastante bien.<\/p>\n<p style=\"text-align: justify\">De cara al pr\u00f3ximo a\u00f1o estuvimos hablando de c\u00f3mo combinar esta falta de catequistas con el hecho de que tenemos un a\u00f1o nuevo, el tercero que se har\u00e1 el jueves por la tarde. Hubo muy buena disposici\u00f3n de la mayor\u00eda de los catequistas con duplicar su dedicaci\u00f3n para poder hacerle frente. A\u00fan nos queda terminar de hablar la din\u00e1mica de esta nueve a\u00f1o que ya dejamos bastante hilvanado.<\/p>\n<p>&nbsp;<\/p>\n","protected":false},"excerpt":{"rendered":"<p>Este jueves pasado el equipo de catequistas de la parroquia se reunieron para revisar el a\u00f1o pastoral que se est\u00e1 terminando, preparar el pr\u00f3ximo y el Encuentro Diocesano de Catequistas que nuestra parroquia de Santa Mar\u00eda del Mar acoger\u00e1, si Dios quiere, el s\u00e1bado 10 de junio durante toda la ma\u00f1ana y hasta despu\u00e9s de &hellip; <\/p>\n<p><a class=\"more-link btn\" href=\"https:\/\/smaria.salou.arqtgn.cat\/es\/reunion-del-equipo-de-catequistas\/\">Seguir leyendo<\/a><\/p>\n","protected":false},"author":11,"featured_media":0,"comment_status":"closed","ping_status":"closed","sticky":false,"template":"","format":"standard","meta":{"footnotes":""},"categories":[50,64],"tags":[],"class_list":["post-20083","post","type-post","status-publish","format-standard","hentry","category-catequesis","category-vida-parroquial-es","item-wrap"],"amp_enabled":true,"_links":{"self":[{"href":"https:\/\/smaria.salou.arqtgn.cat\/es\/wp-json\/wp\/v2\/posts\/20083","targetHints":{"allow":["GET"]}}],"collection":[{"href":"https:\/\/smaria.salou.arqtgn.cat\/es\/wp-json\/wp\/v2\/posts"}],"about":[{"href":"https:\/\/smaria.salou.arqtgn.cat\/es\/wp-json\/wp\/v2\/types\/post"}],"author":[{"embeddable":true,"href":"https:\/\/smaria.salou.arqtgn.cat\/es\/wp-json\/wp\/v2\/users\/11"}],"replies":[{"embeddable":true,"href":"https:\/\/smaria.salou.arqtgn.cat\/es\/wp-json\/wp\/v2\/comments?post=20083"}],"version-history":[{"count":7,"href":"https:\/\/smaria.salou.arqtgn.cat\/es\/wp-json\/wp\/v2\/posts\/20083\/revisions"}],"predecessor-version":[{"id":20094,"href":"https:\/\/smaria.salou.arqtgn.cat\/es\/wp-json\/wp\/v2\/posts\/20083\/revisions\/20094"}],"wp:attachment":[{"href":"https:\/\/smaria.salou.arqtgn.cat\/es\/wp-json\/wp\/v2\/media?parent=20083"}],"wp:term":[{"taxonomy":"category","embeddable":true,"href":"https:\/\/smaria.salou.arqtgn.cat\/es\/wp-json\/wp\/v2\/categories?post=20083"},{"taxonomy":"post_tag","embeddable":true,"href":"https:\/\/smaria.salou.arqtgn.cat\/es\/wp-json\/wp\/v2\/tags?post=20083"}],"curies":[{"name":"wp","href":"https:\/\/api.w.org\/{rel}","templated":true}]}}