{"id":20068,"date":"2023-05-11T07:51:06","date_gmt":"2023-05-11T05:51:06","guid":{"rendered":"http:\/\/smaria.salou.arqtgn.cat\/?p=20068"},"modified":"2023-05-13T08:05:14","modified_gmt":"2023-05-13T06:05:14","slug":"nuevo-convenio-entre-el-ayuntamiento-de-salou-y-caritas-interparroquial-de-salou","status":"publish","type":"post","link":"https:\/\/smaria.salou.arqtgn.cat\/es\/nuevo-convenio-entre-el-ayuntamiento-de-salou-y-caritas-interparroquial-de-salou\/","title":{"rendered":"Nuevo convenio entre el Ayuntamiento de Salou y C\u00e1ritas Interparroquial de Salou"},"content":{"rendered":"<p><a href=\"http:\/\/smaria.salou.arqtgn.cat\/wp-content\/uploads\/sites\/10\/2023\/05\/Conveni_Caritas.jpg\" target=\"_blank\" rel=\"noopener\"><img loading=\"lazy\" decoding=\"async\" class=\"wp-image-20066 aligncenter\" src=\"http:\/\/smaria.salou.arqtgn.cat\/wp-content\/uploads\/sites\/10\/2023\/05\/Conveni_Caritas.jpg\" alt=\"\" width=\"720\" height=\"338\" srcset=\"https:\/\/smaria.salou.arqtgn.cat\/wp-content\/uploads\/sites\/10\/2023\/05\/Conveni_Caritas.jpg 800w, https:\/\/smaria.salou.arqtgn.cat\/wp-content\/uploads\/sites\/10\/2023\/05\/Conveni_Caritas-300x141.jpg 300w, https:\/\/smaria.salou.arqtgn.cat\/wp-content\/uploads\/sites\/10\/2023\/05\/Conveni_Caritas-768x360.jpg 768w, https:\/\/smaria.salou.arqtgn.cat\/wp-content\/uploads\/sites\/10\/2023\/05\/Conveni_Caritas-560x263.jpg 560w\" sizes=\"auto, (max-width: 720px) 100vw, 720px\" \/><\/a><\/p>\n<p style=\"text-align: justify\">Este jueves al mediod\u00eda se firm\u00f3 con el <strong><em>Ayuntamiento de Salou<\/em><\/strong> el convenio de colaboraci\u00f3n con <strong><em>C\u00e1ritas Interparroquial de Salou<\/em><\/strong> en el marco de los convenios con entidades sin \u00e1nimo de lucro para que se pueda desarrollar el proyecto de \u201c<em>Ayuda a personas\/familias m\u00e1s necesitadas<\/em> \u201d.<\/p>\n<p style=\"text-align: justify\">Asistieron <strong>Mn. Santiago Soro<\/strong>, p\u00e1rroco de la Iglesia Santa Mar\u00eda del Mar de Salou y presidente de la entidad; <strong>Esteve Tom\u00e0s<\/strong>, responsable de C\u00e1ritas; y <strong>Josep Maria Calder\u00f3<\/strong>, vicario de las iglesias de Santa Maria del Mar y Sant Ramon..<\/p>\n<p style=\"text-align: justify\">El objetivo de estos acuerdos es garantizar los servicios asistenciales, sociolaborales y educativos a las personas m\u00e1s necesitadas. Tambi\u00e9n, unir esfuerzos para coordinar el desarrollo de actividades y actuaciones en materia de Acci\u00f3n Social, para contribuir al bienestar social y la igualdad de oportunidad de las mujeres. As\u00ed como la distribuci\u00f3n de alimentos, ropa, calzado, y otros utensilios; ayudas econ\u00f3micas, y formaciones, entre otros servicios.<\/p>\n","protected":false},"excerpt":{"rendered":"<p>Este jueves al mediod\u00eda se firm\u00f3 con el Ayuntamiento de Salou el convenio de colaboraci\u00f3n con C\u00e1ritas Interparroquial de Salou en el marco de los convenios con entidades sin \u00e1nimo de lucro para que se pueda desarrollar el proyecto de \u201cAyuda a personas\/familias m\u00e1s necesitadas \u201d. Asistieron Mn. Santiago Soro, p\u00e1rroco de la Iglesia Santa &hellip; <\/p>\n<p><a class=\"more-link btn\" href=\"https:\/\/smaria.salou.arqtgn.cat\/es\/nuevo-convenio-entre-el-ayuntamiento-de-salou-y-caritas-interparroquial-de-salou\/\">Seguir leyendo<\/a><\/p>\n","protected":false},"author":11,"featured_media":0,"comment_status":"closed","ping_status":"closed","sticky":false,"template":"","format":"standard","meta":{"footnotes":""},"categories":[57,64],"tags":[],"class_list":["post-20068","post","type-post","status-publish","format-standard","hentry","category-caritas-interparroquial-es-2","category-vida-parroquial-es","item-wrap"],"amp_enabled":true,"_links":{"self":[{"href":"https:\/\/smaria.salou.arqtgn.cat\/es\/wp-json\/wp\/v2\/posts\/20068","targetHints":{"allow":["GET"]}}],"collection":[{"href":"https:\/\/smaria.salou.arqtgn.cat\/es\/wp-json\/wp\/v2\/posts"}],"about":[{"href":"https:\/\/smaria.salou.arqtgn.cat\/es\/wp-json\/wp\/v2\/types\/post"}],"author":[{"embeddable":true,"href":"https:\/\/smaria.salou.arqtgn.cat\/es\/wp-json\/wp\/v2\/users\/11"}],"replies":[{"embeddable":true,"href":"https:\/\/smaria.salou.arqtgn.cat\/es\/wp-json\/wp\/v2\/comments?post=20068"}],"version-history":[{"count":10,"href":"https:\/\/smaria.salou.arqtgn.cat\/es\/wp-json\/wp\/v2\/posts\/20068\/revisions"}],"predecessor-version":[{"id":20081,"href":"https:\/\/smaria.salou.arqtgn.cat\/es\/wp-json\/wp\/v2\/posts\/20068\/revisions\/20081"}],"wp:attachment":[{"href":"https:\/\/smaria.salou.arqtgn.cat\/es\/wp-json\/wp\/v2\/media?parent=20068"}],"wp:term":[{"taxonomy":"category","embeddable":true,"href":"https:\/\/smaria.salou.arqtgn.cat\/es\/wp-json\/wp\/v2\/categories?post=20068"},{"taxonomy":"post_tag","embeddable":true,"href":"https:\/\/smaria.salou.arqtgn.cat\/es\/wp-json\/wp\/v2\/tags?post=20068"}],"curies":[{"name":"wp","href":"https:\/\/api.w.org\/{rel}","templated":true}]}}