{"id":20043,"date":"2023-05-13T00:09:17","date_gmt":"2023-05-12T22:09:17","guid":{"rendered":"http:\/\/smaria.salou.arqtgn.cat\/?p=20043"},"modified":"2023-05-13T00:15:43","modified_gmt":"2023-05-12T22:15:43","slug":"domingo-vi-de-pascua-a-2023","status":"publish","type":"post","link":"https:\/\/smaria.salou.arqtgn.cat\/es\/domingo-vi-de-pascua-a-2023\/","title":{"rendered":"DOMINGO VI de PASCUA \/ A \/ 2023"},"content":{"rendered":"<p>\u200b<\/p>\n<table style=\"height: 10px;width: 97.3345%\">\n<tbody>\n<tr style=\"height: 256px\">\n<td style=\"height: 10px;width: 30.085%;text-align: center\">\n<p><div id=\"attachment_20048\" style=\"width: 277px\" class=\"wp-caption aligncenter\"><a href=\"https:\/\/www.arquebisbattarragona.cat\/es\/recursos-pastorals\/lectures-dominicals\/\" target=\"_blank\" rel=\"noopener\"><img loading=\"lazy\" decoding=\"async\" aria-describedby=\"caption-attachment-20048\" class=\"wp-image-20048\" src=\"http:\/\/smaria.salou.arqtgn.cat\/wp-content\/uploads\/sites\/10\/2023\/05\/Pasqua_Malalt.jpg\" alt=\"\" width=\"277\" height=\"197\" srcset=\"https:\/\/smaria.salou.arqtgn.cat\/wp-content\/uploads\/sites\/10\/2023\/05\/Pasqua_Malalt.jpg 800w, https:\/\/smaria.salou.arqtgn.cat\/wp-content\/uploads\/sites\/10\/2023\/05\/Pasqua_Malalt-300x213.jpg 300w, https:\/\/smaria.salou.arqtgn.cat\/wp-content\/uploads\/sites\/10\/2023\/05\/Pasqua_Malalt-768x544.jpg 768w, https:\/\/smaria.salou.arqtgn.cat\/wp-content\/uploads\/sites\/10\/2023\/05\/Pasqua_Malalt-560x397.jpg 560w\" sizes=\"auto, (max-width: 277px) 100vw, 277px\" \/><\/a><p id=\"caption-attachment-20048\" class=\"wp-caption-text\">Leer la Palabra de Dios<\/p><\/div><\/td>\n<td style=\"height: 10px;width: 22.5173%;text-align: center\">\n<p><div id=\"attachment_14542\" style=\"width: 247px\" class=\"wp-caption aligncenter\"><a href=\"http:\/\/hemeroteca.arqtgn.cat\/bitstream\/123456789\/13432\/2\/hd3818.pdf\" target=\"_blank\" rel=\"noopener noreferrer\"><img loading=\"lazy\" decoding=\"async\" aria-describedby=\"caption-attachment-14542\" class=\"wp-image-14542\" src=\"http:\/\/smaria.salou.arqtgn.cat\/wp-content\/uploads\/sites\/10\/2021\/01\/full_es.jpg\" alt=\"\" width=\"247\" height=\"145\" srcset=\"https:\/\/smaria.salou.arqtgn.cat\/wp-content\/uploads\/sites\/10\/2021\/01\/full_es.jpg 400w, https:\/\/smaria.salou.arqtgn.cat\/wp-content\/uploads\/sites\/10\/2021\/01\/full_es-300x176.jpg 300w\" sizes=\"auto, (max-width: 247px) 100vw, 247px\" \/><\/a><p id=\"caption-attachment-14542\" class=\"wp-caption-text\">Leer la Hoja Dominical<\/p><\/div><\/td>\n<\/tr>\n<\/tbody>\n<\/table>\n<p>&nbsp;<\/p>\n<div class=\"embed-container\"><iframe loading=\"lazy\" title=\"Carta Dominical. \u00abEl retorno del Cardenal\u00bb\" width=\"560\" height=\"315\" src=\"https:\/\/www.youtube.com\/embed\/Pam0XWGFI-A?feature=oembed\" frameborder=\"0\" allow=\"accelerometer; autoplay; clipboard-write; encrypted-media; gyroscope; picture-in-picture; web-share\" referrerpolicy=\"strict-origin-when-cross-origin\" allowfullscreen><\/iframe><\/div>\n<p>&nbsp;<\/p>\n<div class=\"embed-container\"><iframe loading=\"lazy\" title=\"No nos ha abandonado - 6\u00ba Domingo de Pascua, Ciclo A\" width=\"560\" height=\"315\" src=\"https:\/\/www.youtube.com\/embed\/ujYxrzo2l5I?feature=oembed\" frameborder=\"0\" allow=\"accelerometer; autoplay; clipboard-write; encrypted-media; gyroscope; picture-in-picture; web-share\" referrerpolicy=\"strict-origin-when-cross-origin\" allowfullscreen><\/iframe><\/div>\n<h4><\/h4>\n<p>&nbsp;<\/p>\n<h4><span style=\"color: #1c70ed\">Una mirada art\u00edstica a l&#8217;Evangeli del Diumenge, un gentilesa de l&#8217;<em>Amadeu Bonet<\/em>, artista.<\/span><\/h4>\n<p><a href=\"https:\/\/upapilarmagdalena.org\/levangeli-des-de-lart-una-mirada-artistica-a-levangeli-del-diumenge-14-de-maig-de-2023\/\" target=\"_blank\" rel=\"noopener\"><img loading=\"lazy\" decoding=\"async\" class=\"aligncenter\" src=\"https:\/\/upapilarmagdalena.org\/wp-content\/uploads\/2023\/05\/Viure-levangeli-avui-20230514.jpg\" alt=\"\" width=\"1417\" height=\"1063\" \/><\/a><\/p>\n<h3><\/h3>\n<p>&nbsp;<\/p>\n<h3>Lectura espiritual<\/h3>\n<p><strong>LA MONTA\u00d1A <em>(Mt 17,1-9; Lc 9,28b-36)<\/em><br \/>\n<\/strong><strong>Somos un misterio de luz, 2<\/strong><\/p>\n<p style=\"text-align: justify\">En medio de esta maravillosa visi\u00f3n aparecen de pronto dos personajes: Mois\u00e9s y El\u00edas. Sabemos que tambi\u00e9n ellos recibieron en una monta\u00f1a la revelaci\u00f3n de Dios. Ahora aparecen aqu\u00ed, dialogando con quien es la revelaci\u00f3n de Dios en persona. Mois\u00e9s i El\u00edas son los s\u00edmbolos de la Ley y de los Profetas, es decir, los dos pilares de la religiosidad jud\u00eda. Es as\u00ed como se est\u00e1 mostrando la continuidad de la propuesta de Jesucristo con su pasado cultural. Ahora bien, en el centro de esta tr\u00edada prof\u00e9tica est\u00e1 Jes\u00fas, lo que significa que \u00c9l es para ellos la referencia \u00faltima: el cauce o camino por antonomasia para el despertar espiritual. A\u00fan en ese trance de gloria, Mois\u00e9s y El\u00edas est\u00e1n hablando de la muerte. Esto indica que ni en el mayor de los \u00e9xtasis desaparece el dolor y el sufrimiento. Que la luz no olvida o margina la oscuridad, sino que, misteriosamente, la integra.<\/p>\n<p style=\"text-align: justify\">Pedro se siente tan a gusto que exclama: Maestro, \u00a1qu\u00e9 bien se est\u00e1 aqu\u00ed! \u00a1Hagamos tres tiendas! Esas tiendas son una clara alusi\u00f3n a una fiesta jud\u00eda en la que se conmemoraba el paso por el desierto, de la esclavitud a la libertad. Pero en su significado m\u00e1s espiritual, son lo mismo que habr\u00edamos pedido nosotros. Porque siempre deseamos instalarnos en nuestros descubrimientos para disfrutar a nuestras anchas de la luz, de la paz, del c\u00edrculo de bienestar que en ocasiones nos regala la vida (la mundana, pero tambi\u00e9n la espiritual).<\/p>\n<p style=\"text-align: justify\">\u00a1Si al menos fuera simples tiendas lo que pretendemos instalar cuando la vida nos va bien! Pero no. \u00a1Qu\u00e9 va! M\u00e1s bien montamos castillos (en el aire), templos (fastuosos), modernos apartamentos (superequipados); y no s\u00f3lo materiales, sino sobre todo afectivos, ideol\u00f3gicos o incluso teol\u00f3gicos, para poner a Dios al servicio de nuestro ansiado bienestar.<\/p>\n<p style=\"text-align: justify\">Pedro no sab\u00eda lo que dec\u00eda, nos advierte el evangelista. Tampoco nosotros lo sabemos. El principal \u00eddolo, el peligro fundamental, es el bienestar. Nuestro deseo de bienestar es tan total y generalizado que tratamos de aplicarlo tambi\u00e9n a lo espiritual. Pero lo espiritualmente rico suele ser corporalmente inc\u00f3modo: instalarse en lo que ya se tiene supone siempre un riesgo fatal. T\u00fa est\u00e1s llamado a subir a la monta\u00f1a y a bajar de ella casi constantemente; tan peligroso es permanecer demasiado tiempo arriba como abajo. En un lugar o en otro, s\u00f3lo el tiempo necesario.<\/p>\n<p style=\"text-align: justify\">De pronto aparece una nube, que es el modo en que Dios se manifest\u00f3 a Mois\u00e9s en el desierto. La nube es un s\u00edmbolo de la presencia protectora de Dios en la adversidad. Se trata de una nube luminosa -seg\u00fan leemos-, pero tambi\u00e9n de una nube que ensombrece: interrumpe la visi\u00f3n, la difumina o enturbia. Revela, pero tambi\u00e9n vela. Cre\u00edamos estar con Dios, y de pronto ya no estamos tan seguros. Conocer a Dios es desconocerle, entrar m\u00e1s y m\u00e1s profundamente en su misterio. Es la nube del no saber la que impide que la experiencia se convierta en seguridad -y que termine por matar el camino-.<\/p>\n<p style=\"text-align: justify\">Entrar en esa nube asusta -es l\u00f3gico-, pues se pierden las habituales coordenadas de referencia. Asusta porque se entra en otra l\u00f3gica. O porque no hay l\u00f3gica en absoluto ni suelo bajo nuestros pies. A nadie le gusta caer y, sin embargo, la ca\u00edda es la condici\u00f3n del vuelo. No hay posibilidad de experimentar la maravilla sin pasar por el temor y el temblor de esa nube. Esa nube adviene s\u00f3lo cuando se ha superado la tentaci\u00f3n del bienestar. Esa nube -esa divina confusi\u00f3n- es la que te permite que escuches la voz de tu consciencia, que siempre te dice: \u00c9ste es mi Hijo, el escogido, escuchadle.<\/p>\n<p style=\"text-align: justify\">Ret\u00edrate, rel\u00e1jate, rec\u00f3gete. Atiende a la aventura que llevas dentro y descubrir\u00e1s que t\u00fa eres el hijo, es decir, que puedes confiar. Mantenerse en esa nube del no saber, simplemente escuchando, no es, desde luego, tan f\u00e1cil, de ah\u00ed que los disc\u00edpulos se caigan de bruces. \u00c9sta es nuestra experiencia habitual: caemos en la realidad. Cuando parec\u00eda que todo empezaba a marchar, la vida nos abofetea y nos saca a la fuerza de nuestro ensue\u00f1o. Necesitamos peri\u00f3dicamente caer de bruces: chocarnos con las cosas como son, confrontarnos unos con otros, desilusionarnos de los dem\u00e1s y de nosotros mismos, flaquear, desmoronarnos, volver a levantarnos\u2026<\/p>\n<p style=\"text-align: justify\">S\u00f3lo as\u00ed hacemos la experiencia del Jes\u00fas que se acerca, pues \u00c9l se acerca \u00fanicamente al que est\u00e1 ca\u00eddo. S\u00f3lo as\u00ed hacemos la experiencia del Jes\u00fas que toca, pues nunca nos levantar\u00edamos sin su toque amoroso. S\u00f3lo as\u00ed escuchamos la orden que siempre deseamos o\u00edr: lev\u00e1ntate. No nos alzar\u00edamos del polvo sin esa voz, tan taxativa como delicada, que nos interpela y nos devuelve la dignidad. Hay que bajar del monte, no es posible permanecer siempre arriba, en la visi\u00f3n. Hay que volver al mercado, a la ciudad, con los otros, al trabajo de cada d\u00eda, con nuestros compa\u00f1eros y con nuestra familia\u2026 La monta\u00f1a es un escenario excepcional, pero necesario.<\/p>\n<p style=\"text-align: justify\">Has de subir a la monta\u00f1a peri\u00f3dicamente, pero no para construir en ella tres tiendas, sino para poder ver de nuevo c\u00f3mo son de verdad las cosas, para que no se te olvide que lo que all\u00ed has visto es real<\/p>\n<p style=\"text-align: right\">Pablo d\u2019Ors, <em>Biograf\u00eda de la luz<\/em><strong>\u00a0<\/strong><\/p>\n","protected":false},"excerpt":{"rendered":"<p>\u200b &nbsp; &nbsp; &nbsp; Una mirada art\u00edstica a l&#8217;Evangeli del Diumenge, un gentilesa de l&#8217;Amadeu Bonet, artista. &nbsp; Lectura espiritual LA MONTA\u00d1A (Mt 17,1-9; Lc 9,28b-36) Somos un misterio de luz, 2 En medio de esta maravillosa visi\u00f3n aparecen de pronto dos personajes: Mois\u00e9s y El\u00edas. Sabemos que tambi\u00e9n ellos recibieron en una monta\u00f1a la &hellip; <\/p>\n<p><a class=\"more-link btn\" href=\"https:\/\/smaria.salou.arqtgn.cat\/es\/domingo-vi-de-pascua-a-2023\/\">Seguir leyendo<\/a><\/p>\n","protected":false},"author":11,"featured_media":0,"comment_status":"closed","ping_status":"closed","sticky":false,"template":"","format":"standard","meta":{"footnotes":""},"categories":[52,49],"tags":[],"class_list":["post-20043","post","type-post","status-publish","format-standard","hentry","category-para-reflexionar","category-preparando-el-domingo","item-wrap"],"amp_enabled":true,"_links":{"self":[{"href":"https:\/\/smaria.salou.arqtgn.cat\/es\/wp-json\/wp\/v2\/posts\/20043","targetHints":{"allow":["GET"]}}],"collection":[{"href":"https:\/\/smaria.salou.arqtgn.cat\/es\/wp-json\/wp\/v2\/posts"}],"about":[{"href":"https:\/\/smaria.salou.arqtgn.cat\/es\/wp-json\/wp\/v2\/types\/post"}],"author":[{"embeddable":true,"href":"https:\/\/smaria.salou.arqtgn.cat\/es\/wp-json\/wp\/v2\/users\/11"}],"replies":[{"embeddable":true,"href":"https:\/\/smaria.salou.arqtgn.cat\/es\/wp-json\/wp\/v2\/comments?post=20043"}],"version-history":[{"count":7,"href":"https:\/\/smaria.salou.arqtgn.cat\/es\/wp-json\/wp\/v2\/posts\/20043\/revisions"}],"predecessor-version":[{"id":20059,"href":"https:\/\/smaria.salou.arqtgn.cat\/es\/wp-json\/wp\/v2\/posts\/20043\/revisions\/20059"}],"wp:attachment":[{"href":"https:\/\/smaria.salou.arqtgn.cat\/es\/wp-json\/wp\/v2\/media?parent=20043"}],"wp:term":[{"taxonomy":"category","embeddable":true,"href":"https:\/\/smaria.salou.arqtgn.cat\/es\/wp-json\/wp\/v2\/categories?post=20043"},{"taxonomy":"post_tag","embeddable":true,"href":"https:\/\/smaria.salou.arqtgn.cat\/es\/wp-json\/wp\/v2\/tags?post=20043"}],"curies":[{"name":"wp","href":"https:\/\/api.w.org\/{rel}","templated":true}]}}