{"id":20026,"date":"2023-05-05T23:56:04","date_gmt":"2023-05-05T21:56:04","guid":{"rendered":"http:\/\/smaria.salou.arqtgn.cat\/?p=20026"},"modified":"2023-05-05T23:57:33","modified_gmt":"2023-05-05T21:57:33","slug":"domingo-v-de-pasqua-a-2023","status":"publish","type":"post","link":"https:\/\/smaria.salou.arqtgn.cat\/es\/domingo-v-de-pasqua-a-2023\/","title":{"rendered":"DOMINGO V de PASQUA \/ A \/ 2023"},"content":{"rendered":"<p>\u200b<\/p>\n<table style=\"height: 10px;width: 97.3345%\">\n<tbody>\n<tr style=\"height: 256px\">\n<td style=\"height: 10px;width: 30.085%;text-align: center\">\n<p><div id=\"attachment_20020\" style=\"width: 261px\" class=\"wp-caption aligncenter\"><a href=\"https:\/\/www.arquebisbattarragona.cat\/es\/recursos-pastorals\/lectures-dominicals\/\" target=\"_blank\" rel=\"noopener\"><img loading=\"lazy\" decoding=\"async\" aria-describedby=\"caption-attachment-20020\" class=\"wp-image-20020\" src=\"http:\/\/smaria.salou.arqtgn.cat\/wp-content\/uploads\/sites\/10\/2023\/05\/pantocrator.jpg\" alt=\"\" width=\"261\" height=\"316\" srcset=\"https:\/\/smaria.salou.arqtgn.cat\/wp-content\/uploads\/sites\/10\/2023\/05\/pantocrator.jpg 557w, https:\/\/smaria.salou.arqtgn.cat\/wp-content\/uploads\/sites\/10\/2023\/05\/pantocrator-248x300.jpg 248w\" sizes=\"auto, (max-width: 261px) 100vw, 261px\" \/><\/a><p id=\"caption-attachment-20020\" class=\"wp-caption-text\">Leer la Palabra de Dios<\/p><\/div><\/td>\n<td style=\"height: 10px;width: 22.5173%;text-align: center\">\n<p><div id=\"attachment_14542\" style=\"width: 241px\" class=\"wp-caption aligncenter\"><a href=\"http:\/\/hemeroteca.arqtgn.cat\/bitstream\/123456789\/13430\/2\/hd3817.pdf\" target=\"_blank\" rel=\"noopener noreferrer\"><img loading=\"lazy\" decoding=\"async\" aria-describedby=\"caption-attachment-14542\" class=\"wp-image-14542\" src=\"http:\/\/smaria.salou.arqtgn.cat\/wp-content\/uploads\/sites\/10\/2021\/01\/full_es.jpg\" alt=\"\" width=\"241\" height=\"142\" srcset=\"https:\/\/smaria.salou.arqtgn.cat\/wp-content\/uploads\/sites\/10\/2021\/01\/full_es.jpg 400w, https:\/\/smaria.salou.arqtgn.cat\/wp-content\/uploads\/sites\/10\/2021\/01\/full_es-300x176.jpg 300w\" sizes=\"auto, (max-width: 241px) 100vw, 241px\" \/><\/a><p id=\"caption-attachment-14542\" class=\"wp-caption-text\">Leer la Hoja Dominical<\/p><\/div><\/td>\n<\/tr>\n<\/tbody>\n<\/table>\n<p>&nbsp;<\/p>\n<div class=\"embed-container\"><iframe loading=\"lazy\" title=\"Carta dominical. \u00abExponerse a hacer el rid\u00edculo\u00bb\" width=\"560\" height=\"315\" src=\"https:\/\/www.youtube.com\/embed\/pCTOUrY7t8A?feature=oembed\" frameborder=\"0\" allow=\"accelerometer; autoplay; clipboard-write; encrypted-media; gyroscope; picture-in-picture; web-share\" referrerpolicy=\"strict-origin-when-cross-origin\" allowfullscreen><\/iframe><\/div>\n<h4><\/h4>\n<div class=\"embed-container\"><iframe loading=\"lazy\" title=\"Conocer para querer - 5\u00ba Domingo de Pascua, Ciclo A\" width=\"560\" height=\"315\" src=\"https:\/\/www.youtube.com\/embed\/Q9d964NsPtk?feature=oembed\" frameborder=\"0\" allow=\"accelerometer; autoplay; clipboard-write; encrypted-media; gyroscope; picture-in-picture; web-share\" referrerpolicy=\"strict-origin-when-cross-origin\" allowfullscreen><\/iframe><\/div>\n<p>&nbsp;<\/p>\n<h4><span style=\"color: #1c70ed\">Una mirada art\u00edstica a l&#8217;Evangeli del Diumenge, un gentilesa de l&#8217;<em>Amadeu Bonet<\/em>, artista.<\/span><\/h4>\n<p><a href=\"https:\/\/upapilarmagdalena.org\/levangeli-des-de-lart-una-mirada-artistica-a-levangeli-del-diumenge-7-de-maig-de-2023\/\" target=\"_blank\" rel=\"noopener\"><img loading=\"lazy\" decoding=\"async\" class=\"aligncenter\" src=\"https:\/\/upapilarmagdalena.org\/wp-content\/uploads\/2023\/05\/COMPOSICION-20230507.jpg\" alt=\"\" width=\"1417\" height=\"1077\" \/><\/a><\/p>\n<h3><\/h3>\n<p>&nbsp;<\/p>\n<h3>Lectura espiritual<\/h3>\n<p><strong>LA MONTA\u00d1A <em>(Mt 17,1-9; Lc 9,28b-36)<\/em><br \/>\n<\/strong><strong>Somos un misterio de luz<\/strong><\/p>\n<p style=\"text-align: justify\">Lo primero es la llamada de Jes\u00fas, quien en su d\u00eda escogi\u00f3 a Pedro, Juan y Santiago, entre sus disc\u00edpulos, y ahora sigue llamando a otros, quiz\u00e1 tambi\u00e9n a ti. La vocaci\u00f3n es personal, \u00fanica e intransferible: resuena en la propia conciencia e invita a una relaci\u00f3n.<\/p>\n<p style=\"text-align: justify\">Que sea personal no significa, desde luego, que no sea tambi\u00e9n universal. Que Dios llame a algunos en particular no significa que no estemos llamados a contemplar y a compartir, a experimentar y a expresar. Cada cual, seg\u00fan su capacidad, pero nadie queda excluido de la llamada de la Monta\u00f1a; basta escuchar su voz y secundarla.<\/p>\n<p style=\"text-align: justify\">Esta llamada al Tabor es para llevar a los disc\u00edpulos aparte. Jes\u00fas les separa del resto. Se trata, en principio, de una segregaci\u00f3n, si bien con vistas a una posterior congregaci\u00f3n. Y los conduce a un monte alto, que es en todas las religiones el lugar por excelencia de la presencia de Dios: la geograf\u00eda espiritual por antonomasia. Si el desierto es el \u00e1mbito de la prueba o tentaci\u00f3n -el lugar en que se lucha contra los propios demonios-, la monta\u00f1a -a la que hay que subir para apartarse de lo terrenal y para respirar un aire m\u00e1s puro- es el de la revelaci\u00f3n.<\/p>\n<p style=\"text-align: justify\">\u00bfY c\u00f3mo es esa revelaci\u00f3n o encuentro con Dios? Es una transfiguraci\u00f3n. Es un encuentro que sucede <em>mientras <\/em>(Jes\u00fas) <em>oraba<\/em>, es decir, que la transfiguraci\u00f3n es lo que acontece en la oraci\u00f3n. Gracias a la oraci\u00f3n, esta experiencia de Dios llega ahora al cuerpo y al coraz\u00f3n. Lo divino no interviene sin nuestra colaboraci\u00f3n: pide nuestra disposici\u00f3n de apertura para poder entrar. Pero no es que Jes\u00fas se transfigurase s\u00f3lo en ese momento concreto. La transfiguraci\u00f3n es m\u00e1s bien el estado habitual de su ser, es s\u00f3lo que ahora, en ese monte del Tabor, los disc\u00edpulos lo pueden ver. Se hacen cargo por fin de lo que tienen delante.<\/p>\n<p style=\"text-align: justify\">Como todos los milagros, tambi\u00e9n \u00e9ste de la transfiguraci\u00f3n tiene algunos signos que lo acreditan: el rostro de Jes\u00fas cambi\u00f3 -se nos dice-. Y sus vestidos empezaron a brillar: lo que sucede por dentro se manifiesta por fuera. No se trata, evidentemente, de un espect\u00e1culo de luz y sonido, a modo de demostraci\u00f3n: lo espiritual nunca es amigo de lo espectacular. Se trata, m\u00e1s bien, de c\u00f3mo el esp\u00edritu incide en la carne, de c\u00f3mo la estigmatiza. Como es visible en los grandes santos, la pr\u00e1ctica espiritual reblandece las facciones, las dulcifica y hasta las ilumina. No en vano el t\u00e9rmino \u201cDios\u201d significa luz.<\/p>\n<p style=\"text-align: justify\">En Jes\u00fas no se ha producido una transformaci\u00f3n en lo esencial, sino s\u00f3lo en lo aparente. Lo que se quiere resaltar es que es en la carne de Jes\u00fas donde se manifiesta la gloria de Cristo. Es en lo profano donde, parad\u00f3jicamente, podemos hallar lo sagrado. Nuestra naturaleza original es un diamante, y que hay ocasiones -m\u00edsticas- en las que se nos concede verlo.<\/p>\n<p style=\"text-align: justify\">Una persona transfigurada es alguien que ha \u201cvisto\u201d y que, por eso, ha comprendido. La comprensi\u00f3n es fruto de una visi\u00f3n, es la visi\u00f3n la que te transfigura. Pero esto no es un privilegio de unos cuantos iluminados, sino que todos participamos de esta identidad transfigurada. Nosotros somos un misterio de luz; es s\u00f3lo que no lo vemos, que necesitamos escuchar la llamada al monte para descubrirlo. As\u00ed que la llamada a la monta\u00f1a es a descubrir nuestra naturaleza original, nuestro verdadero ser.<\/p>\n<p style=\"text-align: justify\">Esa naturaleza, ese ser, se refleja en Jesucristo de manera excepcional. \u00c9l es para sus disc\u00edpulos el mejor espejo de su propia identidad. \u00c9l les recuerda quienes son ellos mismos y les invita a que sean \u201cun espejo del ser\u201d para los dem\u00e1s. De modo que lo que se llama \u201cgloria de Dios\u201d nada tiene que ver con lo que se entiende por gloria humana: cetros, coronas, fama, honores, poder\u00edo\u2026 Todo eso no es m\u00e1s que la gran tentaci\u00f3n, la gran tergiversaci\u00f3n. Nuestras ideas religiosas en general y, en particular, la de un Dios omnipotente, son casi siempre lo que nos impide comprender a Jes\u00fas.<\/p>\n<p style=\"text-align: justify\">Lo que \u00e9l ense\u00f1\u00f3, por el contrario, es que hemos de deshacernos de la escoria de nuestro falso yo para descubrir el oro puro de nuestro verdadero ser. Tantas veces, sin embargo, seguimos esperando que Dios recubra de oropel o de purpurina la escoria que a menudo somos, confiando en que as\u00ed todos caer\u00e1n rendidos ante nuestro esplendor.<\/p>\n<p style=\"text-align: justify\">La pregunta que el Tabor presenta es si aceptamos que es en la carne, d\u00e9bil y enfermiza, donde acaece el milagro de la luz. O si m\u00e1s bien preferimos seguir so\u00f1ando con luces falsas y refulgentes, ajenas a nuestra condici\u00f3n humana, necesariamente fr\u00e1gil y mortal. <em>(continuar\u00e1).<\/em><\/p>\n<p style=\"text-align: right\">Pablo d\u2019Ors, <em>Biograf\u00eda de la luz<\/em><strong>\u00a0<\/strong><\/p>\n","protected":false},"excerpt":{"rendered":"<p>\u200b &nbsp; &nbsp; Una mirada art\u00edstica a l&#8217;Evangeli del Diumenge, un gentilesa de l&#8217;Amadeu Bonet, artista. &nbsp; Lectura espiritual LA MONTA\u00d1A (Mt 17,1-9; Lc 9,28b-36) Somos un misterio de luz Lo primero es la llamada de Jes\u00fas, quien en su d\u00eda escogi\u00f3 a Pedro, Juan y Santiago, entre sus disc\u00edpulos, y ahora sigue llamando a &hellip; <\/p>\n<p><a class=\"more-link btn\" href=\"https:\/\/smaria.salou.arqtgn.cat\/es\/domingo-v-de-pasqua-a-2023\/\">Seguir leyendo<\/a><\/p>\n","protected":false},"author":11,"featured_media":0,"comment_status":"closed","ping_status":"closed","sticky":false,"template":"","format":"standard","meta":{"footnotes":""},"categories":[52,49],"tags":[],"class_list":["post-20026","post","type-post","status-publish","format-standard","hentry","category-para-reflexionar","category-preparando-el-domingo","item-wrap"],"amp_enabled":true,"_links":{"self":[{"href":"https:\/\/smaria.salou.arqtgn.cat\/es\/wp-json\/wp\/v2\/posts\/20026","targetHints":{"allow":["GET"]}}],"collection":[{"href":"https:\/\/smaria.salou.arqtgn.cat\/es\/wp-json\/wp\/v2\/posts"}],"about":[{"href":"https:\/\/smaria.salou.arqtgn.cat\/es\/wp-json\/wp\/v2\/types\/post"}],"author":[{"embeddable":true,"href":"https:\/\/smaria.salou.arqtgn.cat\/es\/wp-json\/wp\/v2\/users\/11"}],"replies":[{"embeddable":true,"href":"https:\/\/smaria.salou.arqtgn.cat\/es\/wp-json\/wp\/v2\/comments?post=20026"}],"version-history":[{"count":4,"href":"https:\/\/smaria.salou.arqtgn.cat\/es\/wp-json\/wp\/v2\/posts\/20026\/revisions"}],"predecessor-version":[{"id":20031,"href":"https:\/\/smaria.salou.arqtgn.cat\/es\/wp-json\/wp\/v2\/posts\/20026\/revisions\/20031"}],"wp:attachment":[{"href":"https:\/\/smaria.salou.arqtgn.cat\/es\/wp-json\/wp\/v2\/media?parent=20026"}],"wp:term":[{"taxonomy":"category","embeddable":true,"href":"https:\/\/smaria.salou.arqtgn.cat\/es\/wp-json\/wp\/v2\/categories?post=20026"},{"taxonomy":"post_tag","embeddable":true,"href":"https:\/\/smaria.salou.arqtgn.cat\/es\/wp-json\/wp\/v2\/tags?post=20026"}],"curies":[{"name":"wp","href":"https:\/\/api.w.org\/{rel}","templated":true}]}}