{"id":20015,"date":"2023-05-05T09:55:50","date_gmt":"2023-05-05T07:55:50","guid":{"rendered":"http:\/\/smaria.salou.arqtgn.cat\/?p=20015"},"modified":"2023-05-05T09:55:50","modified_gmt":"2023-05-05T07:55:50","slug":"asamblea-del-grupo-de-liturgia","status":"publish","type":"post","link":"https:\/\/smaria.salou.arqtgn.cat\/es\/asamblea-del-grupo-de-liturgia\/","title":{"rendered":"Asamblea del Grupo de Liturgia"},"content":{"rendered":"<p><a href=\"http:\/\/smaria.salou.arqtgn.cat\/wp-content\/uploads\/sites\/10\/2023\/05\/asse_litu.jpg\"><img loading=\"lazy\" decoding=\"async\" class=\"aligncenter size-full wp-image-20012\" src=\"http:\/\/smaria.salou.arqtgn.cat\/wp-content\/uploads\/sites\/10\/2023\/05\/asse_litu.jpg\" alt=\"\" width=\"800\" height=\"303\" srcset=\"https:\/\/smaria.salou.arqtgn.cat\/wp-content\/uploads\/sites\/10\/2023\/05\/asse_litu.jpg 800w, https:\/\/smaria.salou.arqtgn.cat\/wp-content\/uploads\/sites\/10\/2023\/05\/asse_litu-300x114.jpg 300w, https:\/\/smaria.salou.arqtgn.cat\/wp-content\/uploads\/sites\/10\/2023\/05\/asse_litu-768x291.jpg 768w, https:\/\/smaria.salou.arqtgn.cat\/wp-content\/uploads\/sites\/10\/2023\/05\/asse_litu-560x212.jpg 560w\" sizes=\"auto, (max-width: 800px) 100vw, 800px\" \/><\/a><\/p>\n<p style=\"text-align: justify\">Este martes pasado por la tarde, nos encontramos en Santa Maria del Mar, una treintena de personas que colaboramos en las celebraciones lit\u00fargicas, es decir, sacerdotes, ac\u00f3litos\/as, lectores\/as, sacristanes\/as, ministros extraordinarios\/ es de la Eucarist\u00eda, m\u00fasicos y cantores\/as, servidores\/as del Acogimiento, servidores\/as del mantenimiento y la limpieza, los que ayud\u00e9is con las pantallas&#8230;<\/p>\n<p style=\"text-align: justify\">El encuentro se inici\u00f3 con una breve reflexi\u00f3n de Mn. Santi para despu\u00e9s pasar a compartir, cada uno desde su colaboraci\u00f3n, c\u00f3mo se desarrollan las celebraciones para llamar tanto las debilidades como las fortalezas, para en un segundo momento concretar.<\/p>\n<p style=\"text-align: justify\">Hubo bastante participaci\u00f3n y todo lo que sali\u00f3 fue bastante interesante.<\/p>\n","protected":false},"excerpt":{"rendered":"<p>Este martes pasado por la tarde, nos encontramos en Santa Maria del Mar, una treintena de personas que colaboramos en las celebraciones lit\u00fargicas, es decir, sacerdotes, ac\u00f3litos\/as, lectores\/as, sacristanes\/as, ministros extraordinarios\/ es de la Eucarist\u00eda, m\u00fasicos y cantores\/as, servidores\/as del Acogimiento, servidores\/as del mantenimiento y la limpieza, los que ayud\u00e9is con las pantallas&#8230; El encuentro &hellip; <\/p>\n<p><a class=\"more-link btn\" href=\"https:\/\/smaria.salou.arqtgn.cat\/es\/asamblea-del-grupo-de-liturgia\/\">Seguir leyendo<\/a><\/p>\n","protected":false},"author":11,"featured_media":0,"comment_status":"closed","ping_status":"closed","sticky":false,"template":"","format":"standard","meta":{"footnotes":""},"categories":[60,64],"tags":[],"class_list":["post-20015","post","type-post","status-publish","format-standard","hentry","category-formacio-es","category-vida-parroquial-es","item-wrap"],"amp_enabled":true,"_links":{"self":[{"href":"https:\/\/smaria.salou.arqtgn.cat\/es\/wp-json\/wp\/v2\/posts\/20015","targetHints":{"allow":["GET"]}}],"collection":[{"href":"https:\/\/smaria.salou.arqtgn.cat\/es\/wp-json\/wp\/v2\/posts"}],"about":[{"href":"https:\/\/smaria.salou.arqtgn.cat\/es\/wp-json\/wp\/v2\/types\/post"}],"author":[{"embeddable":true,"href":"https:\/\/smaria.salou.arqtgn.cat\/es\/wp-json\/wp\/v2\/users\/11"}],"replies":[{"embeddable":true,"href":"https:\/\/smaria.salou.arqtgn.cat\/es\/wp-json\/wp\/v2\/comments?post=20015"}],"version-history":[{"count":1,"href":"https:\/\/smaria.salou.arqtgn.cat\/es\/wp-json\/wp\/v2\/posts\/20015\/revisions"}],"predecessor-version":[{"id":20016,"href":"https:\/\/smaria.salou.arqtgn.cat\/es\/wp-json\/wp\/v2\/posts\/20015\/revisions\/20016"}],"wp:attachment":[{"href":"https:\/\/smaria.salou.arqtgn.cat\/es\/wp-json\/wp\/v2\/media?parent=20015"}],"wp:term":[{"taxonomy":"category","embeddable":true,"href":"https:\/\/smaria.salou.arqtgn.cat\/es\/wp-json\/wp\/v2\/categories?post=20015"},{"taxonomy":"post_tag","embeddable":true,"href":"https:\/\/smaria.salou.arqtgn.cat\/es\/wp-json\/wp\/v2\/tags?post=20015"}],"curies":[{"name":"wp","href":"https:\/\/api.w.org\/{rel}","templated":true}]}}