{"id":20001,"date":"2023-05-04T07:47:33","date_gmt":"2023-05-04T05:47:33","guid":{"rendered":"http:\/\/smaria.salou.arqtgn.cat\/?p=20001"},"modified":"2023-05-05T07:48:14","modified_gmt":"2023-05-05T05:48:14","slug":"el-video-del-papa-mayo-de-2023-por-los-movimientos-y-grupos-eclesiales","status":"publish","type":"post","link":"https:\/\/smaria.salou.arqtgn.cat\/es\/el-video-del-papa-mayo-de-2023-por-los-movimientos-y-grupos-eclesiales\/","title":{"rendered":"El video del Papa, mayo de 2023. Por los movimientos y grupos eclesiales"},"content":{"rendered":"<p><a href=\"http:\/\/smaria.salou.arqtgn.cat\/wp-content\/uploads\/sites\/10\/2023\/05\/maxresdefault.jpg\"><img loading=\"lazy\" decoding=\"async\" class=\"aligncenter wp-image-19997 size-full\" src=\"http:\/\/smaria.salou.arqtgn.cat\/wp-content\/uploads\/sites\/10\/2023\/05\/maxresdefault.jpg\" alt=\"\" width=\"1280\" height=\"720\" srcset=\"https:\/\/smaria.salou.arqtgn.cat\/wp-content\/uploads\/sites\/10\/2023\/05\/maxresdefault.jpg 1280w, https:\/\/smaria.salou.arqtgn.cat\/wp-content\/uploads\/sites\/10\/2023\/05\/maxresdefault-300x169.jpg 300w, https:\/\/smaria.salou.arqtgn.cat\/wp-content\/uploads\/sites\/10\/2023\/05\/maxresdefault-1024x576.jpg 1024w, https:\/\/smaria.salou.arqtgn.cat\/wp-content\/uploads\/sites\/10\/2023\/05\/maxresdefault-768x432.jpg 768w, https:\/\/smaria.salou.arqtgn.cat\/wp-content\/uploads\/sites\/10\/2023\/05\/maxresdefault-560x315.jpg 560w\" sizes=\"auto, (max-width: 1280px) 100vw, 1280px\" \/><\/a><\/p>\n<p>Una Iglesia viva es una Iglesia en movimiento. Y los movimientos eclesiales, dice Francisco en el v\u00eddeo de este mes, producido por la Red Mundial de Oraci\u00f3n del Papa, \u201cson un don, son la riqueza de la Iglesia\u201d.<\/p>\n<p style=\"text-align: justify\">As\u00ed como en Pentecost\u00e9s, hace dos mil a\u00f1os, los ap\u00f3stoles recibieron el don de anunciar la Resurrecci\u00f3n en diferentes lenguas, tambi\u00e9n hoy los movimientos y grupos eclesiales explica el Papa hablan \u201clenguas diferentes\u201d y con creatividad \u201credescubren cada d\u00eda, en su carisma, nuevas formas de mostrar el atractivo y la novedad del Evangelio\u201d.<\/p>\n<p style=\"text-align: justify\">La Iglesia los necesita, recuerda Francisco, que les exhorta a trabajar \u201cal servicio de los Obispos y de las parroquias para evitar cualquier tentaci\u00f3n de encerrarse en s\u00ed mismos\u201d. Y reza para que \u201credescubran cada d\u00eda su misi\u00f3n, una misi\u00f3n evangelizadora, poniendo sus carismas al servicio de las necesidades del mundo\u201d.<\/p>\n<div class=\"embed-container\"><iframe loading=\"lazy\" title=\"Por los movimientos y grupos eclesiales \u2013 El Video del Papa 5 \u2013 Mayo 2023\" width=\"560\" height=\"315\" src=\"https:\/\/www.youtube.com\/embed\/vk9qiRNurvo?feature=oembed\" frameborder=\"0\" allow=\"accelerometer; autoplay; clipboard-write; encrypted-media; gyroscope; picture-in-picture; web-share\" referrerpolicy=\"strict-origin-when-cross-origin\" allowfullscreen><\/iframe><\/div>\n<p style=\"text-align: justify\">\u201c\u00a1Los movimientos eclesiales son un don, son la riqueza en la Iglesia! \u00a1Esto son ustedes!<\/p>\n<p style=\"text-align: justify\">Los movimientos renuevan la Iglesia con su capacidad de di\u00e1logo al servicio de la misi\u00f3n evangelizadora.<\/p>\n<p style=\"text-align: justify\">Redescubren cada d\u00eda en su carisma nuevas formas de mostrar el atractivo y la novedad del Evangelio.<\/p>\n<p style=\"text-align: justify\">\u00bfC\u00f3mo lo hacen? Hablando idiomas diferentes, parecen diferentes, pero es la creatividad que crea esas diferencias.<\/p>\n<p style=\"text-align: justify\">Pero entendi\u00e9ndose siempre y haci\u00e9ndose entender. Y trabajando al servicio de los Obispos y las parroquias para evitar cualquier tentaci\u00f3n de encerrarse en s\u00ed mismos, que este puede ser el peligro, \u00bfno?<\/p>\n<p style=\"text-align: justify\">Mant\u00e9nganse siempre en movimiento, respondiendo al impulso del Esp\u00edritu Santo, a los desaf\u00edos, a los cambios del mundo de hoy. Mant\u00e9nganse en la armon\u00eda de la Iglesia, que la armon\u00eda es un don del Esp\u00edritu Santo.<\/p>\n<p style=\"text-align: justify\">Oremos para que los movimientos y grupos eclesiales redescubran cada d\u00eda su misi\u00f3n, una misi\u00f3n evangelizadora, y que pongan sus propios carismas al servicio de las necesidades del mundo. Al servicio\u201d.<\/p>\n<p>Para m\u00e1s informaci\u00f3n <a href=\"https:\/\/thepopevideo.org\/?lang=es\" target=\"_blank\" rel=\"noopener\">aqu\u00ed<\/a>.<\/p>\n<p><img decoding=\"async\" src=\"https:\/\/thepopevideo.org\/wp-content\/uploads\/2023\/04\/Infografia-TPV-5-2023-ES-Por-los-movimientos-y-grupos-eclesiales.jpg\" \/><\/p>\n<p>Si vols veure m\u00e9s v\u00eddeos sobres les intencions del Papa els trobar\u00e0s a <a href=\"http:\/\/www.elvideodelpapa.org\" target=\"_blank\" rel=\"noopener\">http:\/\/www.elvideodelpapa.org<\/a><\/p>\n<p>&nbsp;<\/p>\n","protected":false},"excerpt":{"rendered":"<p>Una Iglesia viva es una Iglesia en movimiento. Y los movimientos eclesiales, dice Francisco en el v\u00eddeo de este mes, producido por la Red Mundial de Oraci\u00f3n del Papa, \u201cson un don, son la riqueza de la Iglesia\u201d. As\u00ed como en Pentecost\u00e9s, hace dos mil a\u00f1os, los ap\u00f3stoles recibieron el don de anunciar la Resurrecci\u00f3n &hellip; <\/p>\n<p><a class=\"more-link btn\" href=\"https:\/\/smaria.salou.arqtgn.cat\/es\/el-video-del-papa-mayo-de-2023-por-los-movimientos-y-grupos-eclesiales\/\">Seguir leyendo<\/a><\/p>\n","protected":false},"author":11,"featured_media":0,"comment_status":"closed","ping_status":"closed","sticky":false,"template":"","format":"standard","meta":{"footnotes":""},"categories":[52,64],"tags":[70],"class_list":["post-20001","post","type-post","status-publish","format-standard","hentry","category-para-reflexionar","category-vida-parroquial-es","tag-el-video-del-papa-es","item-wrap"],"amp_enabled":true,"_links":{"self":[{"href":"https:\/\/smaria.salou.arqtgn.cat\/es\/wp-json\/wp\/v2\/posts\/20001","targetHints":{"allow":["GET"]}}],"collection":[{"href":"https:\/\/smaria.salou.arqtgn.cat\/es\/wp-json\/wp\/v2\/posts"}],"about":[{"href":"https:\/\/smaria.salou.arqtgn.cat\/es\/wp-json\/wp\/v2\/types\/post"}],"author":[{"embeddable":true,"href":"https:\/\/smaria.salou.arqtgn.cat\/es\/wp-json\/wp\/v2\/users\/11"}],"replies":[{"embeddable":true,"href":"https:\/\/smaria.salou.arqtgn.cat\/es\/wp-json\/wp\/v2\/comments?post=20001"}],"version-history":[{"count":2,"href":"https:\/\/smaria.salou.arqtgn.cat\/es\/wp-json\/wp\/v2\/posts\/20001\/revisions"}],"predecessor-version":[{"id":20004,"href":"https:\/\/smaria.salou.arqtgn.cat\/es\/wp-json\/wp\/v2\/posts\/20001\/revisions\/20004"}],"wp:attachment":[{"href":"https:\/\/smaria.salou.arqtgn.cat\/es\/wp-json\/wp\/v2\/media?parent=20001"}],"wp:term":[{"taxonomy":"category","embeddable":true,"href":"https:\/\/smaria.salou.arqtgn.cat\/es\/wp-json\/wp\/v2\/categories?post=20001"},{"taxonomy":"post_tag","embeddable":true,"href":"https:\/\/smaria.salou.arqtgn.cat\/es\/wp-json\/wp\/v2\/tags?post=20001"}],"curies":[{"name":"wp","href":"https:\/\/api.w.org\/{rel}","templated":true}]}}