{"id":19984,"date":"2023-04-28T07:50:21","date_gmt":"2023-04-28T05:50:21","guid":{"rendered":"http:\/\/smaria.salou.arqtgn.cat\/?p=19984"},"modified":"2023-04-29T07:51:34","modified_gmt":"2023-04-29T05:51:34","slug":"celebracion-de-la-virgen-de-montserrat-em-la-residencia","status":"publish","type":"post","link":"https:\/\/smaria.salou.arqtgn.cat\/es\/celebracion-de-la-virgen-de-montserrat-em-la-residencia\/","title":{"rendered":"Celebraci\u00f3n de la Virgen de Montserrat em la Residencia"},"content":{"rendered":"<p style=\"text-align: justify\"><a href=\"http:\/\/smaria.salou.arqtgn.cat\/wp-content\/uploads\/sites\/10\/2023\/04\/residencia_montserrat-e1682747357265.jpg\" target=\"_blank\" rel=\"noopener\"><img loading=\"lazy\" decoding=\"async\" class=\"aligncenter wp-image-19981 size-full\" src=\"http:\/\/smaria.salou.arqtgn.cat\/wp-content\/uploads\/sites\/10\/2023\/04\/residencia_montserrat-e1682747357265.jpg\" alt=\"\" width=\"800\" height=\"436\" srcset=\"https:\/\/smaria.salou.arqtgn.cat\/wp-content\/uploads\/sites\/10\/2023\/04\/residencia_montserrat-e1682747357265.jpg 800w, https:\/\/smaria.salou.arqtgn.cat\/wp-content\/uploads\/sites\/10\/2023\/04\/residencia_montserrat-e1682747357265-300x164.jpg 300w, https:\/\/smaria.salou.arqtgn.cat\/wp-content\/uploads\/sites\/10\/2023\/04\/residencia_montserrat-e1682747357265-768x419.jpg 768w, https:\/\/smaria.salou.arqtgn.cat\/wp-content\/uploads\/sites\/10\/2023\/04\/residencia_montserrat-e1682747357265-560x305.jpg 560w\" sizes=\"auto, (max-width: 800px) 100vw, 800px\" \/><\/a><\/p>\n<p style=\"text-align: justify\">Este pasado jueves, como cada \u00faltimo jueves de mes, animada por el equipo de la Pastoral de la Salud que acuden cada jueves a celebrar la liturgia de la palabra, celebramos la Eucarist\u00eda.<\/p>\n<p>En estos momentos estamos recobrando la normalidad de antes de la pandemia, al menos a lo que supone la asistencia, que est\u00e1 en torno a las 30 personas. Esperamos que pronto podamos volver a subir a las plantas a poder acompa\u00f1ar a los residentes.<\/p>\n<p>La Eucarist\u00eda de este jueves fue muy emotiva, ya que muchas personas de los asistentes se emocionaron por la misa de la Virgen Mar\u00eda y especialmente al o\u00edr a los virolai cantado por la Escolan\u00eda de Montserrat que los pusimos por megafon\u00eda.<\/p>\n","protected":false},"excerpt":{"rendered":"<p>Este pasado jueves, como cada \u00faltimo jueves de mes, animada por el equipo de la Pastoral de la Salud que acuden cada jueves a celebrar la liturgia de la palabra, celebramos la Eucarist\u00eda. En estos momentos estamos recobrando la normalidad de antes de la pandemia, al menos a lo que supone la asistencia, que est\u00e1 &hellip; <\/p>\n<p><a class=\"more-link btn\" href=\"https:\/\/smaria.salou.arqtgn.cat\/es\/celebracion-de-la-virgen-de-montserrat-em-la-residencia\/\">Seguir leyendo<\/a><\/p>\n","protected":false},"author":11,"featured_media":0,"comment_status":"closed","ping_status":"closed","sticky":false,"template":"","format":"standard","meta":{"footnotes":""},"categories":[55,64],"tags":[],"class_list":["post-19984","post","type-post","status-publish","format-standard","hentry","category-pastoral-de-la-salud","category-vida-parroquial-es","item-wrap"],"amp_enabled":true,"_links":{"self":[{"href":"https:\/\/smaria.salou.arqtgn.cat\/es\/wp-json\/wp\/v2\/posts\/19984","targetHints":{"allow":["GET"]}}],"collection":[{"href":"https:\/\/smaria.salou.arqtgn.cat\/es\/wp-json\/wp\/v2\/posts"}],"about":[{"href":"https:\/\/smaria.salou.arqtgn.cat\/es\/wp-json\/wp\/v2\/types\/post"}],"author":[{"embeddable":true,"href":"https:\/\/smaria.salou.arqtgn.cat\/es\/wp-json\/wp\/v2\/users\/11"}],"replies":[{"embeddable":true,"href":"https:\/\/smaria.salou.arqtgn.cat\/es\/wp-json\/wp\/v2\/comments?post=19984"}],"version-history":[{"count":1,"href":"https:\/\/smaria.salou.arqtgn.cat\/es\/wp-json\/wp\/v2\/posts\/19984\/revisions"}],"predecessor-version":[{"id":19985,"href":"https:\/\/smaria.salou.arqtgn.cat\/es\/wp-json\/wp\/v2\/posts\/19984\/revisions\/19985"}],"wp:attachment":[{"href":"https:\/\/smaria.salou.arqtgn.cat\/es\/wp-json\/wp\/v2\/media?parent=19984"}],"wp:term":[{"taxonomy":"category","embeddable":true,"href":"https:\/\/smaria.salou.arqtgn.cat\/es\/wp-json\/wp\/v2\/categories?post=19984"},{"taxonomy":"post_tag","embeddable":true,"href":"https:\/\/smaria.salou.arqtgn.cat\/es\/wp-json\/wp\/v2\/tags?post=19984"}],"curies":[{"name":"wp","href":"https:\/\/api.w.org\/{rel}","templated":true}]}}