{"id":19957,"date":"2023-04-28T21:30:49","date_gmt":"2023-04-28T19:30:49","guid":{"rendered":"http:\/\/smaria.salou.arqtgn.cat\/?p=19957"},"modified":"2023-04-28T21:30:49","modified_gmt":"2023-04-28T19:30:49","slug":"domingo-iv-de-pascua-a-2023","status":"publish","type":"post","link":"https:\/\/smaria.salou.arqtgn.cat\/es\/domingo-iv-de-pascua-a-2023\/","title":{"rendered":"Domingo IV de PASCUA \/ A \/ 2023"},"content":{"rendered":"<p>\u200b<\/p>\n<table style=\"height: 10px;width: 97.3345%\">\n<tbody>\n<tr style=\"height: 256px\">\n<td style=\"height: 10px;width: 30.085%;text-align: center\">\n<p><div id=\"attachment_19951\" style=\"width: 214px\" class=\"wp-caption aligncenter\"><a href=\"https:\/\/www.arquebisbattarragona.cat\/es\/recursos-pastorals\/lectures-dominicals\/\" target=\"_blank\" rel=\"noopener\"><img loading=\"lazy\" decoding=\"async\" aria-describedby=\"caption-attachment-19951\" class=\"wp-image-19951\" src=\"http:\/\/smaria.salou.arqtgn.cat\/wp-content\/uploads\/sites\/10\/2023\/04\/El_Bon_Pastor.jpg\" alt=\"\" width=\"214\" height=\"309\" srcset=\"https:\/\/smaria.salou.arqtgn.cat\/wp-content\/uploads\/sites\/10\/2023\/04\/El_Bon_Pastor.jpg 736w, https:\/\/smaria.salou.arqtgn.cat\/wp-content\/uploads\/sites\/10\/2023\/04\/El_Bon_Pastor-208x300.jpg 208w, https:\/\/smaria.salou.arqtgn.cat\/wp-content\/uploads\/sites\/10\/2023\/04\/El_Bon_Pastor-710x1024.jpg 710w, https:\/\/smaria.salou.arqtgn.cat\/wp-content\/uploads\/sites\/10\/2023\/04\/El_Bon_Pastor-560x807.jpg 560w\" sizes=\"auto, (max-width: 214px) 100vw, 214px\" \/><\/a><p id=\"caption-attachment-19951\" class=\"wp-caption-text\">Leer la Palabra de Dios<\/p><\/div><\/td>\n<td style=\"height: 10px;width: 22.5173%;text-align: center\">\n<p><div id=\"attachment_14542\" style=\"width: 245px\" class=\"wp-caption aligncenter\"><a href=\"http:\/\/hemeroteca.arqtgn.cat\/bitstream\/123456789\/13427\/2\/hd3816.pdf\" target=\"_blank\" rel=\"noopener noreferrer\"><img loading=\"lazy\" decoding=\"async\" aria-describedby=\"caption-attachment-14542\" class=\"wp-image-14542\" src=\"http:\/\/smaria.salou.arqtgn.cat\/wp-content\/uploads\/sites\/10\/2021\/01\/full_es-300x176.jpg\" alt=\"\" width=\"245\" height=\"144\" srcset=\"https:\/\/smaria.salou.arqtgn.cat\/wp-content\/uploads\/sites\/10\/2021\/01\/full_es-300x176.jpg 300w, https:\/\/smaria.salou.arqtgn.cat\/wp-content\/uploads\/sites\/10\/2021\/01\/full_es.jpg 400w\" sizes=\"auto, (max-width: 245px) 100vw, 245px\" \/><\/a><p id=\"caption-attachment-14542\" class=\"wp-caption-text\">Leer la Hoja Dominical<\/p><\/div><\/td>\n<\/tr>\n<\/tbody>\n<\/table>\n<p>&nbsp;<\/p>\n<div class=\"embed-container\"><iframe loading=\"lazy\" title=\"Carta dominical. \u00abEl canto de Aleluya\u00bb\" width=\"560\" height=\"315\" src=\"https:\/\/www.youtube.com\/embed\/I7iS3KSj-Ts?feature=oembed\" frameborder=\"0\" allow=\"accelerometer; autoplay; clipboard-write; encrypted-media; gyroscope; picture-in-picture; web-share\" referrerpolicy=\"strict-origin-when-cross-origin\" allowfullscreen><\/iframe><\/div>\n<p>&nbsp;<\/p>\n<div class=\"embed-container\"><iframe loading=\"lazy\" title=\"Un problema de ruido - 4\u00ba Domingo Pascua, Ciclo A\" width=\"560\" height=\"315\" src=\"https:\/\/www.youtube.com\/embed\/31HvNJV5ErE?feature=oembed\" frameborder=\"0\" allow=\"accelerometer; autoplay; clipboard-write; encrypted-media; gyroscope; picture-in-picture; web-share\" referrerpolicy=\"strict-origin-when-cross-origin\" allowfullscreen><\/iframe><\/div>\n<h4><\/h4>\n<p>&nbsp;<\/p>\n<h4><span style=\"color: #1c70ed\">Una mirada art\u00edstica a l&#8217;Evangeli del Diumenge, un gentilesa de l&#8217;<em>Amadeu Bonet<\/em>, artista.<\/span><\/h4>\n<h4><a href=\"https:\/\/upapilarmagdalena.org\/levangeli-des-de-lart-una-mirada-artistica-a-levangeli-del-diumenge-30-dabril-de-2023\/\" target=\"_blank\" rel=\"noopener\"><img loading=\"lazy\" decoding=\"async\" class=\"aligncenter\" src=\"https:\/\/upapilarmagdalena.org\/wp-content\/uploads\/2023\/04\/COMPOSICION-20230430.jpg\" alt=\"\" width=\"1417\" height=\"1077\" \/><\/a><\/h4>\n<p>&nbsp;<\/p>\n<h3>Lectura espiritual<\/h3>\n<p><strong>LAS LLAVES <em>(Mt 16,13-20)<\/em><br \/>\nSer piedras sobre las que otros puedan construir<br \/>\n<\/strong><\/p>\n<p style=\"text-align: justify\">\u00bfQui\u00e9n soy yo? \u00c9sta es la pregunta espiritual por excelencia. S\u00f3lo desde una respuesta correcta a esta cuesti\u00f3n podremos responder tambi\u00e9n con acierto al resto de las preguntas capitales: \u00bfqu\u00e9 puedo saber?, \u00bfqu\u00e9 debo hacer?, \u00bfqu\u00e9 me cabe esperar? \u00danicamente sabiendo quienes somos, realizaremos aquello para lo que hemos venido a este mundo. S\u00f3lo as\u00ed empezaremos a parecernos a lo que Dios hab\u00eda proyectado para nosotros. De lo contrario, pasaremos la vida entera dando palos de ciego. El gran dilema es siempre la identidad.<\/p>\n<p style=\"text-align: justify\">A esta gran pregunta respondemos al principio en clave cultural, es decir, poni\u00e9ndonos en relaci\u00f3n con aquellos que nos precedieron: eres como Juan, como El\u00edas, como alguno de los profetas. Conocemos por comparaci\u00f3n, por afinidad, diferencias, puntos en com\u00fan\u2026 pero, ciertamente, cabe ir m\u00e1s all\u00e1. Junto al conocimiento racional, propio del pensamiento, cabe tambi\u00e9n el conocimiento amoroso, propio de la<\/p>\n<p style=\"text-align: justify\">A la pregunta sobre nuestro propio ser s\u00f3lo podremos responder de forma cabal apelando al Ser en may\u00fascula. Podemos definirnos por nuestro oficio o profesi\u00f3n, o por nuestra condici\u00f3n civil o religiosa, o como padres y madres de familia\u2026 Pero en cualquier momento podemos perder a los hijos, o al c\u00f3nyuge, o vernos urgidos a cambiar de trabajo\u2026, y no por ello nuestro yo desaparece de este mundo. Nuestras formas m\u00e1s habituales de definirnos no tocan lo nuclear. Porque lo radical es el Ser, y s\u00f3lo si nos definimos en su relaci\u00f3n nos acercaremos al misterio de lo que realmente somos.<\/p>\n<p style=\"text-align: justify\">Cuando Pedro exclama <em>T\u00fa eres el Cristo, el Hijo del Dios vivo,<\/em> est\u00e1 desvelando tanto el misterio del hombre que tiene ante \u00e9l como el suyo propio.<\/p>\n<p style=\"text-align: justify\"><em>T\u00fa ya no te llamar\u00e1s Sim\u00f3n, sino Pedro, y sobre esta piedra edificar\u00e9 mi iglesia. <\/em>Es el descubrimiento que la Luz arroja luz sobre nuestra propia y verdadera identidad (Pedro, no es simplemente Sim\u00f3n) y sobre nuestra misi\u00f3n (ser piedra de apoyo para otros, puesto que no sabremos quienes somos si no es con relaci\u00f3n con los dem\u00e1s y para ellos).<\/p>\n<p style=\"text-align: justify\">Este descubrimiento de la propia identidad en relaci\u00f3n a los otros est\u00e1 permanentemente amenazado. De ah\u00ed que convenga leer este pasaje, en que Jes\u00fas exalta la sabidur\u00eda de Pedro, junto al que vendr\u00e1 poco despu\u00e9s, en el que le reprueba de forma casi cruel: <em>\u00a1Ap\u00e1rtate de m\u00ed, Satan\u00e1s! \u00a1T\u00fa piensas como los hombres, no como Dios!<\/em> (Mc 8,33).<\/p>\n<p style=\"text-align: justify\">En \u00faltima instancia, ese <em>t\u00fa eres el Mes\u00edas, el Hijo de Dios vivo<\/em> que exclama Pedro ante Jes\u00fas, podr\u00eda decirlo cada ser humano respecto de s\u00ed mismo. Yo soy alguien que puede decir que est\u00e1 vivo y que es la vida misma.<\/p>\n<p style=\"text-align: justify\">Si conf\u00edas, si te entregas a la vida hasta el punto de identificarte con ella, recibir\u00e1s tu verdadero nombre: t\u00fa eres Pedro. Y tu verdadera misi\u00f3n: ser piedra para una construcci\u00f3n. Sobre ti -que eres tan fr\u00e1gil-, si conf\u00edas, puede construirse un imperio sobre el que ning\u00fan imperio prevalecer\u00e1 y que ninguna muerte destruir\u00e1. Estamos, pues, llamados a ser piedras sobre las que otros puedan construir. Para ello -no para nada m\u00e1s- tenemos el poder de las llaves. Lo que abramos aqu\u00ed con estas llaves, nos har\u00e1 ver y disfrutar lo de all\u00ed.<\/p>\n<p style=\"text-align: justify\">Pero, atenci\u00f3n: <em>Lo que at\u00e9is en la tierra quedar\u00e1 atado en el cielo, lo que desat\u00e9is en la tierra quedar\u00e1 desatado en el cielo <\/em>no significa que haya dos vidas. Hay una sola vida, puesto que hay un solo Dios, que es la Vida. Significa m\u00e1s bien que lo que haces fuera, te lo haces dentro; que lo que haces a los otros, te lo haces a ti mismo; que lo que haces a las formas, lo haces en el fondo de tu ser. Si aqu\u00ed atas, all\u00ed, en tu coraz\u00f3n, te est\u00e1s atando. Si aqu\u00ed, en cambio, desatas, all\u00ed, en tu interior, has desatado, te has soltado, has empezado a descubrir que tienes alas en tu espalda. Amar es desatar, es empezar a volar. No es casual que la met\u00e1fora por excelencia del Esp\u00edritu sea una paloma.<\/p>\n<p style=\"text-align: justify\">Todos estos descubrimientos, como dice el evangelista Mateo, no los revela ni la carne ni la sangre, sino el Padre de los Cielos. El misterio de lo que somos s\u00f3lo se nos desvela por medio de la espiritualidad. Por el contacto con la Fuente, por el silencio que nos conecta con el Ser.<\/p>\n<p style=\"text-align: justify\">Si somos capaces de escuchar la voz de la conciencia, entonces Dios nos bendice <em>(dichoso t\u00fa, Sim\u00f3n); <\/em>y nos otorga nuestra verdadera identidad <em>(t\u00fa eres Pedro); <\/em>y nos hace fecundos <em>(sobre esta piedra voy a edificar mi iglesia), <\/em>d\u00e1ndonos autoridad, que no es sino identidad reconocida <em>(te dar\u00e9 las llaves.<\/em><\/p>\n<p style=\"text-align: right\">Pablo d\u2019Ors, <em>Biograf\u00eda de la luz<\/em><strong>\u00a0<\/strong><\/p>\n","protected":false},"excerpt":{"rendered":"<p>\u200b &nbsp; &nbsp; &nbsp; Una mirada art\u00edstica a l&#8217;Evangeli del Diumenge, un gentilesa de l&#8217;Amadeu Bonet, artista. &nbsp; Lectura espiritual LAS LLAVES (Mt 16,13-20) Ser piedras sobre las que otros puedan construir \u00bfQui\u00e9n soy yo? \u00c9sta es la pregunta espiritual por excelencia. S\u00f3lo desde una respuesta correcta a esta cuesti\u00f3n podremos responder tambi\u00e9n con acierto &hellip; <\/p>\n<p><a class=\"more-link btn\" href=\"https:\/\/smaria.salou.arqtgn.cat\/es\/domingo-iv-de-pascua-a-2023\/\">Seguir leyendo<\/a><\/p>\n","protected":false},"author":11,"featured_media":0,"comment_status":"closed","ping_status":"closed","sticky":false,"template":"","format":"standard","meta":{"footnotes":""},"categories":[52,49],"tags":[],"class_list":["post-19957","post","type-post","status-publish","format-standard","hentry","category-para-reflexionar","category-preparando-el-domingo","item-wrap"],"amp_enabled":true,"_links":{"self":[{"href":"https:\/\/smaria.salou.arqtgn.cat\/es\/wp-json\/wp\/v2\/posts\/19957","targetHints":{"allow":["GET"]}}],"collection":[{"href":"https:\/\/smaria.salou.arqtgn.cat\/es\/wp-json\/wp\/v2\/posts"}],"about":[{"href":"https:\/\/smaria.salou.arqtgn.cat\/es\/wp-json\/wp\/v2\/types\/post"}],"author":[{"embeddable":true,"href":"https:\/\/smaria.salou.arqtgn.cat\/es\/wp-json\/wp\/v2\/users\/11"}],"replies":[{"embeddable":true,"href":"https:\/\/smaria.salou.arqtgn.cat\/es\/wp-json\/wp\/v2\/comments?post=19957"}],"version-history":[{"count":5,"href":"https:\/\/smaria.salou.arqtgn.cat\/es\/wp-json\/wp\/v2\/posts\/19957\/revisions"}],"predecessor-version":[{"id":19969,"href":"https:\/\/smaria.salou.arqtgn.cat\/es\/wp-json\/wp\/v2\/posts\/19957\/revisions\/19969"}],"wp:attachment":[{"href":"https:\/\/smaria.salou.arqtgn.cat\/es\/wp-json\/wp\/v2\/media?parent=19957"}],"wp:term":[{"taxonomy":"category","embeddable":true,"href":"https:\/\/smaria.salou.arqtgn.cat\/es\/wp-json\/wp\/v2\/categories?post=19957"},{"taxonomy":"post_tag","embeddable":true,"href":"https:\/\/smaria.salou.arqtgn.cat\/es\/wp-json\/wp\/v2\/tags?post=19957"}],"curies":[{"name":"wp","href":"https:\/\/api.w.org\/{rel}","templated":true}]}}