{"id":19758,"date":"2023-03-29T10:41:07","date_gmt":"2023-03-29T08:41:07","guid":{"rendered":"http:\/\/smaria.salou.arqtgn.cat\/?p=19758"},"modified":"2023-04-01T10:43:29","modified_gmt":"2023-04-01T08:43:29","slug":"curso-de-primera-acogida-de-caritas","status":"publish","type":"post","link":"https:\/\/smaria.salou.arqtgn.cat\/es\/curso-de-primera-acogida-de-caritas\/","title":{"rendered":"Curso de Primera acogida de C\u00e0ritas"},"content":{"rendered":"<p style=\"text-align: justify\"><img loading=\"lazy\" decoding=\"async\" class=\"size-full wp-image-19753 aligncenter\" src=\"http:\/\/smaria.salou.arqtgn.cat\/wp-content\/uploads\/sites\/10\/2023\/04\/caritas.jpg\" alt=\"\" width=\"640\" height=\"360\" srcset=\"https:\/\/smaria.salou.arqtgn.cat\/wp-content\/uploads\/sites\/10\/2023\/04\/caritas.jpg 640w, https:\/\/smaria.salou.arqtgn.cat\/wp-content\/uploads\/sites\/10\/2023\/04\/caritas-300x169.jpg 300w, https:\/\/smaria.salou.arqtgn.cat\/wp-content\/uploads\/sites\/10\/2023\/04\/caritas-560x315.jpg 560w\" sizes=\"auto, (max-width: 640px) 100vw, 640px\" \/><\/p>\n<p style=\"text-align: justify\">Este pasado mi\u00e9rcoles ha finalizado la primera parte del curso de primera acogida organizado por C\u00e1ritas Diocesana de Tarragona en nuestra parroquia que est\u00e1 reuniendo a 13 personas. Aqu\u00ed los ten\u00e9is en el \u00abpica pica\u00bb que se hizo de despedida.<\/p>\n<p style=\"text-align: justify\">Esta primera parte ha sido de formaci\u00f3n en educaci\u00f3n sociosanitaria para cuidar a personas dependientes. Este jueves y viernes han tenido dos sesiones de informaci\u00f3n y orientaci\u00f3n laboral. Despu\u00e9s de Pascua y hasta finales de mayo tendr\u00e1n la formaci\u00f3n de lengua catalana en los niveles A, B y C.<\/p>\n<p>&nbsp;<\/p>\n<p>&nbsp;<\/p>\n","protected":false},"excerpt":{"rendered":"<p>Este pasado mi\u00e9rcoles ha finalizado la primera parte del curso de primera acogida organizado por C\u00e1ritas Diocesana de Tarragona en nuestra parroquia que est\u00e1 reuniendo a 13 personas. Aqu\u00ed los ten\u00e9is en el \u00abpica pica\u00bb que se hizo de despedida. Esta primera parte ha sido de formaci\u00f3n en educaci\u00f3n sociosanitaria para cuidar a personas dependientes. &hellip; <\/p>\n<p><a class=\"more-link btn\" href=\"https:\/\/smaria.salou.arqtgn.cat\/es\/curso-de-primera-acogida-de-caritas\/\">Seguir leyendo<\/a><\/p>\n","protected":false},"author":11,"featured_media":0,"comment_status":"closed","ping_status":"closed","sticky":false,"template":"","format":"standard","meta":{"footnotes":""},"categories":[57],"tags":[],"class_list":["post-19758","post","type-post","status-publish","format-standard","hentry","category-caritas-interparroquial-es-2","item-wrap"],"amp_enabled":true,"_links":{"self":[{"href":"https:\/\/smaria.salou.arqtgn.cat\/es\/wp-json\/wp\/v2\/posts\/19758","targetHints":{"allow":["GET"]}}],"collection":[{"href":"https:\/\/smaria.salou.arqtgn.cat\/es\/wp-json\/wp\/v2\/posts"}],"about":[{"href":"https:\/\/smaria.salou.arqtgn.cat\/es\/wp-json\/wp\/v2\/types\/post"}],"author":[{"embeddable":true,"href":"https:\/\/smaria.salou.arqtgn.cat\/es\/wp-json\/wp\/v2\/users\/11"}],"replies":[{"embeddable":true,"href":"https:\/\/smaria.salou.arqtgn.cat\/es\/wp-json\/wp\/v2\/comments?post=19758"}],"version-history":[{"count":1,"href":"https:\/\/smaria.salou.arqtgn.cat\/es\/wp-json\/wp\/v2\/posts\/19758\/revisions"}],"predecessor-version":[{"id":19759,"href":"https:\/\/smaria.salou.arqtgn.cat\/es\/wp-json\/wp\/v2\/posts\/19758\/revisions\/19759"}],"wp:attachment":[{"href":"https:\/\/smaria.salou.arqtgn.cat\/es\/wp-json\/wp\/v2\/media?parent=19758"}],"wp:term":[{"taxonomy":"category","embeddable":true,"href":"https:\/\/smaria.salou.arqtgn.cat\/es\/wp-json\/wp\/v2\/categories?post=19758"},{"taxonomy":"post_tag","embeddable":true,"href":"https:\/\/smaria.salou.arqtgn.cat\/es\/wp-json\/wp\/v2\/tags?post=19758"}],"curies":[{"name":"wp","href":"https:\/\/api.w.org\/{rel}","templated":true}]}}