{"id":19740,"date":"2023-04-01T00:51:28","date_gmt":"2023-03-31T22:51:28","guid":{"rendered":"http:\/\/smaria.salou.arqtgn.cat\/?p=19740"},"modified":"2023-04-01T00:51:28","modified_gmt":"2023-03-31T22:51:28","slug":"domingo-de-ramos-a-2023","status":"publish","type":"post","link":"https:\/\/smaria.salou.arqtgn.cat\/es\/domingo-de-ramos-a-2023\/","title":{"rendered":"DOMINGO de RAMOS \/ A \/ 2023"},"content":{"rendered":"<p>\u200b<\/p>\n<table style=\"height: 10px;width: 97.3345%\">\n<tbody>\n<tr style=\"height: 256px\">\n<td style=\"height: 10px;width: 33.6466%;text-align: center\">\n<p><div id=\"attachment_19734\" style=\"width: 312px\" class=\"wp-caption aligncenter\"><a href=\"https:\/\/www.arquebisbattarragona.cat\/es\/recursos-pastorals\/lectures-dominicals\/\" target=\"_blank\" rel=\"noopener\"><img loading=\"lazy\" decoding=\"async\" aria-describedby=\"caption-attachment-19734\" class=\"wp-image-19734\" src=\"http:\/\/smaria.salou.arqtgn.cat\/wp-content\/uploads\/sites\/10\/2023\/03\/20220410104439_captura.jpg\" alt=\"\" width=\"312\" height=\"252\" srcset=\"https:\/\/smaria.salou.arqtgn.cat\/wp-content\/uploads\/sites\/10\/2023\/03\/20220410104439_captura.jpg 630w, https:\/\/smaria.salou.arqtgn.cat\/wp-content\/uploads\/sites\/10\/2023\/03\/20220410104439_captura-300x243.jpg 300w, https:\/\/smaria.salou.arqtgn.cat\/wp-content\/uploads\/sites\/10\/2023\/03\/20220410104439_captura-560x453.jpg 560w\" sizes=\"auto, (max-width: 312px) 100vw, 312px\" \/><\/a><p id=\"caption-attachment-19734\" class=\"wp-caption-text\">Leer la Palabra de Dios<\/p><\/div><\/td>\n<td style=\"height: 10px;width: 18.9557%;text-align: center\">\n<p><div id=\"attachment_14542\" style=\"width: 219px\" class=\"wp-caption aligncenter\"><a href=\"http:\/\/hemeroteca.arqtgn.cat\/bitstream\/123456789\/13413\/2\/hd3812.pdf\" target=\"_blank\" rel=\"noopener\"><img loading=\"lazy\" decoding=\"async\" aria-describedby=\"caption-attachment-14542\" class=\"wp-image-14542\" src=\"http:\/\/smaria.salou.arqtgn.cat\/wp-content\/uploads\/sites\/10\/2021\/01\/full_es.jpg\" alt=\"\" width=\"219\" height=\"129\" srcset=\"https:\/\/smaria.salou.arqtgn.cat\/wp-content\/uploads\/sites\/10\/2021\/01\/full_es.jpg 400w, https:\/\/smaria.salou.arqtgn.cat\/wp-content\/uploads\/sites\/10\/2021\/01\/full_es-300x176.jpg 300w\" sizes=\"auto, (max-width: 219px) 100vw, 219px\" \/><\/a><p id=\"caption-attachment-14542\" class=\"wp-caption-text\">Leer la Hoja Dominical<\/p><\/div><\/td>\n<\/tr>\n<\/tbody>\n<\/table>\n<p>&nbsp;<\/p>\n<div class=\"embed-container\"><iframe loading=\"lazy\" title=\"Carta Dominical. \u00abUngidos para la comuni\u00f3n\u00bb\" width=\"560\" height=\"315\" src=\"https:\/\/www.youtube.com\/embed\/Qo_5mMlWSSQ?feature=oembed\" frameborder=\"0\" allow=\"accelerometer; autoplay; clipboard-write; encrypted-media; gyroscope; picture-in-picture; web-share\" referrerpolicy=\"strict-origin-when-cross-origin\" allowfullscreen><\/iframe><\/div>\n<p>&nbsp;<\/p>\n<div class=\"embed-container\"><iframe loading=\"lazy\" title=\"La locura de AMAR - Domingo de Ramos, Ciclo A\" width=\"560\" height=\"315\" src=\"https:\/\/www.youtube.com\/embed\/pDOtuXWZBpQ?feature=oembed\" frameborder=\"0\" allow=\"accelerometer; autoplay; clipboard-write; encrypted-media; gyroscope; picture-in-picture; web-share\" referrerpolicy=\"strict-origin-when-cross-origin\" allowfullscreen><\/iframe><\/div>\n<h4><\/h4>\n<h4><\/h4>\n<p>&nbsp;<\/p>\n<h4><span style=\"color: #1c70ed\">Una mirada art\u00edstica a l&#8217;Evangeli del Diumenge, un gentilesa de l&#8217;<em>Amadeu Bonet<\/em>, artista.<\/span><\/h4>\n<p><a href=\"https:\/\/upapilarmagdalena.org\/levangeli-des-de-lart-una-mirada-artistica-a-levangeli-del-diumenge-2-dabril-de-2023-diumenge-de-rams-per-amadeu-bonet-i-boldu\/\" target=\"_blank\" rel=\"noopener\"><img loading=\"lazy\" decoding=\"async\" class=\"aligncenter\" src=\"https:\/\/upapilarmagdalena.org\/wp-content\/uploads\/2023\/03\/COMPOSICION-20230402.jpg\" alt=\"\" width=\"1417\" height=\"1077\" \/><\/a><\/p>\n<p>&nbsp;<\/p>\n<h4>Lectura Espiritual<\/h4>\n<h4><em><strong>LA PIEDRA (Jn 1,42)<\/strong><br \/>\n<\/em>Necesitamos un nombre para poder amar<\/h4>\n<p style=\"text-align: justify\"><em>Jes\u00fas, fijando su mirada en \u00e9l, le dijo: T\u00fa, Sim\u00f3n, el hijo de Juan; \u201cTE LLAMAR\u00c1S CEFAS, QUE QUIERE DECIR, PIEDRA.<\/em><\/p>\n<p style=\"text-align: justify\">Jes\u00fas llama a sus disc\u00edpulos por su nombre, lo que es tanto como recordarles quienes son en realidad y abrir con ellos la posibilidad de una relaci\u00f3n. Sin nombre no existe la relaci\u00f3n, es decir, la posibilidad de amar. S\u00f3lo pueden amarse propiamente las personas, pues s\u00f3lo ellas tienen consciencia y libertad. Para hacer la experiencia de dar y recibir libremente hace falta que haya personas, y el nombre es la condensaci\u00f3n simb\u00f3lica de la persona.<\/p>\n<p style=\"text-align: justify\">Seg\u00fan esto, que a Dios se le llame Dios, energ\u00eda, universo o cualquier otro t\u00e9rmino m\u00e1s o menos indefinido no es irrelevante. Si a Dios se le niega el nombre (si decimos que da igual que le llamemos de una manera u otra), estamos imposibilitando la fe.<\/p>\n<p style=\"text-align: justify\">Dios comunic\u00f3 a Israel su nombre -Yahv\u00e9-, si bien evit\u00f3 las vocales, resultando <em>Yhv. <\/em>Opta por esto para poner a las claras que su cercan\u00eda no quitaba ni un \u00e1pice a su misterio. Jes\u00fas, por su parte, le llam\u00f3 Padre. Ni \u00e9l ni el pueblo jud\u00edo escogieron estos nombres al azar. Estos nombres no se los inventaron, sino que les fueron dados: son fruto de una experiencia, de una revelaci\u00f3n. Son los nombres que generan esas tradiciones que llamamos juda\u00edsmo y cristianismo. Una familia religiosa, al igual que una biol\u00f3gica, se constituye gracias a un determinado nombre, que es lo que otorga la identidad, es decir, lo que permite que se diferencie de las dem\u00e1s. Olvidarse que Dios se llama Dios es, por tanto, cultivar el agnosticismo. Tener para \u00c9l un nombre es abrir la posibilidad de conocerlo. Y sin su conocimiento no hay amor.<\/p>\n<p style=\"text-align: justify\">Jes\u00fas se permite recordarle a Sim\u00f3n que es el hijo de Juan, es decir, que est\u00e1 inserto en un grupo familiar. \u00c9l nunca deber\u00eda entenderse aisladamente, sino formando parte de una larga estela o tradici\u00f3n. Sim\u00f3n debe recordar que no viene de la nada. Que tiene una genealog\u00eda y una historia, es decir, un pasado (es hijo de Juan) y un futuro (Cefas, que es el nombre que Jes\u00fas le va a dar). \u00c9sta es la otra cara de la moneda: Cefas es su proyecto, su vocaci\u00f3n, su tarea en este mundo. La cosa est\u00e1 clara, sin Juan no hay Cefas, sin pasado no hay futuro, sin tradici\u00f3n no hay camino espiritual. El presente es Sim\u00f3n, el pasado es Juan y el futuro es Cefas: esto es un ser humano. El presente es la confluencia del pasado y del futuro. Sin estas dimensiones temporales, no hay presente que valga, solo <em>presentismo<\/em> y vanidad.<\/p>\n<p style=\"text-align: justify\">Cefas significa piedra o, lo que es lo mismo, fundamento, solidez. Una relaci\u00f3n debe establecerse sobre cimientos s\u00f3lidos. Lo ef\u00edmero y pasajero puede tener mucho encanto: somos r\u00edos que pasan, nunca atravesamos el mismo r\u00edo\u2026 Pero en el r\u00edo no s\u00f3lo hay agua, tambi\u00e9n hay tierra y piedras: hay cosas que duran, que pasan de \u00e9poca en \u00e9poca. El amor y la fe, esa relaci\u00f3n entre dos personas o entre la persona y Dios, est\u00e1n llamados a esa estabilidad.<\/p>\n<p style=\"text-align: justify\">Un camino espiritual debe ser firme y estable, lo que no significa que no deba ser tambi\u00e9n d\u00factil y flexible. La <em>impermanencia <\/em>no es la \u00fanica verdad. Tambi\u00e9n es verdad que hay fidelidades para siempre. Para construir una casa o una relaci\u00f3n de verdad necesitamos piedras. Definitivamente, no podemos construir sobre agua. El esp\u00edritu nos asienta, nos da estabilidad en medio de la permanente movilidad del mundo. El esp\u00edritu es quien nos dice que hay un centro en el que podemos estar y ser, aunque todo lo dem\u00e1s se mueva sin cesar a nuestro alrededor. Por eso el esp\u00edritu es quien nos da nuestro verdadero nombre, que nos impulsa hacia delante, sin dejarnos nunca donde estamos.<\/p>\n<p style=\"text-align: justify\">La consciencia del momento presente incluye siempre el futuro: hay un Cefas en todo Sim\u00f3n. Tener fe es creer que nuestro aqu\u00ed y nuestro ahora son mucho m\u00e1s que lo que parecen.<\/p>\n<p style=\"text-align: right\">Pablo d\u2019Ors, <em>Biograf\u00eda de la luz<\/em><\/p>\n","protected":false},"excerpt":{"rendered":"<p>\u200b &nbsp; &nbsp; &nbsp; Una mirada art\u00edstica a l&#8217;Evangeli del Diumenge, un gentilesa de l&#8217;Amadeu Bonet, artista. &nbsp; Lectura Espiritual LA PIEDRA (Jn 1,42) Necesitamos un nombre para poder amar Jes\u00fas, fijando su mirada en \u00e9l, le dijo: T\u00fa, Sim\u00f3n, el hijo de Juan; \u201cTE LLAMAR\u00c1S CEFAS, QUE QUIERE DECIR, PIEDRA. Jes\u00fas llama a sus &hellip; <\/p>\n<p><a class=\"more-link btn\" href=\"https:\/\/smaria.salou.arqtgn.cat\/es\/domingo-de-ramos-a-2023\/\">Seguir leyendo<\/a><\/p>\n","protected":false},"author":11,"featured_media":0,"comment_status":"closed","ping_status":"closed","sticky":false,"template":"","format":"standard","meta":{"footnotes":""},"categories":[52,49],"tags":[],"class_list":["post-19740","post","type-post","status-publish","format-standard","hentry","category-para-reflexionar","category-preparando-el-domingo","item-wrap"],"amp_enabled":true,"_links":{"self":[{"href":"https:\/\/smaria.salou.arqtgn.cat\/es\/wp-json\/wp\/v2\/posts\/19740","targetHints":{"allow":["GET"]}}],"collection":[{"href":"https:\/\/smaria.salou.arqtgn.cat\/es\/wp-json\/wp\/v2\/posts"}],"about":[{"href":"https:\/\/smaria.salou.arqtgn.cat\/es\/wp-json\/wp\/v2\/types\/post"}],"author":[{"embeddable":true,"href":"https:\/\/smaria.salou.arqtgn.cat\/es\/wp-json\/wp\/v2\/users\/11"}],"replies":[{"embeddable":true,"href":"https:\/\/smaria.salou.arqtgn.cat\/es\/wp-json\/wp\/v2\/comments?post=19740"}],"version-history":[{"count":5,"href":"https:\/\/smaria.salou.arqtgn.cat\/es\/wp-json\/wp\/v2\/posts\/19740\/revisions"}],"predecessor-version":[{"id":19746,"href":"https:\/\/smaria.salou.arqtgn.cat\/es\/wp-json\/wp\/v2\/posts\/19740\/revisions\/19746"}],"wp:attachment":[{"href":"https:\/\/smaria.salou.arqtgn.cat\/es\/wp-json\/wp\/v2\/media?parent=19740"}],"wp:term":[{"taxonomy":"category","embeddable":true,"href":"https:\/\/smaria.salou.arqtgn.cat\/es\/wp-json\/wp\/v2\/categories?post=19740"},{"taxonomy":"post_tag","embeddable":true,"href":"https:\/\/smaria.salou.arqtgn.cat\/es\/wp-json\/wp\/v2\/tags?post=19740"}],"curies":[{"name":"wp","href":"https:\/\/api.w.org\/{rel}","templated":true}]}}