{"id":19726,"date":"2023-03-30T11:18:19","date_gmt":"2023-03-30T09:18:19","guid":{"rendered":"http:\/\/smaria.salou.arqtgn.cat\/?p=19726"},"modified":"2023-03-31T11:24:06","modified_gmt":"2023-03-31T09:24:06","slug":"el-video-del-papa-abril-de-2023-por-una-cultura-de-la-no-violencia","status":"publish","type":"post","link":"https:\/\/smaria.salou.arqtgn.cat\/es\/el-video-del-papa-abril-de-2023-por-una-cultura-de-la-no-violencia\/","title":{"rendered":"El video del Papa, abril de 2023. Por una cultura de la no violencia"},"content":{"rendered":"<p><img loading=\"lazy\" decoding=\"async\" class=\"size-full wp-image-19719 aligncenter\" src=\"http:\/\/smaria.salou.arqtgn.cat\/wp-content\/uploads\/sites\/10\/2023\/03\/video_papa.jpg\" alt=\"\" width=\"480\" height=\"360\" srcset=\"https:\/\/smaria.salou.arqtgn.cat\/wp-content\/uploads\/sites\/10\/2023\/03\/video_papa.jpg 480w, https:\/\/smaria.salou.arqtgn.cat\/wp-content\/uploads\/sites\/10\/2023\/03\/video_papa-300x225.jpg 300w\" sizes=\"auto, (max-width: 480px) 100vw, 480px\" \/><\/p>\n<p style=\"text-align: justify\"><span class=\"yt-core-attributed-string yt-core-attributed-string--white-space-pre-wrap\">\u00abDecid\u00e1monos todos a apoyar fuertemente la no violencia. Como dice el Papa, \u201cvivir, hablar y actuar sin violencia no es rendirse, no es perder ni renunciar a nada. Es aspirar a todo\u201d. Este a\u00f1o se cumple el 60 aniversario de la enc\u00edclica Pacem in Terris de San Juan XXIII. Y Francisco vuelve a poner de actualidad el mensaje de esta enc\u00edclica record\u00e1ndonos que \u201ccualquier guerra, cualquier enfrentamiento armado, acaba siempre en una derrota para todos\u201d. En su video de abril, realizado por la Red Mundial de Oraci\u00f3n del Papa, nos hace una petici\u00f3n al final: \u201cHagamos de la no violencia, tanto en la vida cotidiana como en las relaciones internacionales, una gu\u00eda para nuestra actuaci\u00f3n\u201d.<\/span><\/p>\n<div class=\"embed-container\"><iframe loading=\"lazy\" title=\"Por una cultura de la no violencia \u2013 El Video del Papa 4 \u2013 Abril 2023\" width=\"560\" height=\"315\" src=\"https:\/\/www.youtube.com\/embed\/mrpgaqBtTrs?feature=oembed\" frameborder=\"0\" allow=\"accelerometer; autoplay; clipboard-write; encrypted-media; gyroscope; picture-in-picture; web-share\" referrerpolicy=\"strict-origin-when-cross-origin\" allowfullscreen><\/iframe><\/div>\n<p style=\"text-align: justify\"><span class=\"yt-core-attributed-string yt-core-attributed-string--white-space-pre-wrap\">\u201cVivir, hablar y actuar sin violencia no es rendirse, no es perder ni renunciar a nada. Es aspirar a todo.<br \/>\n<\/span><span class=\"yt-core-attributed-string yt-core-attributed-string--white-space-pre-wrap\">Como dijo San Juan XXIII hace 60 a\u00f1os en la Enc\u00edclica Pacem in Terris, la guerra es una locura, est\u00e1 m\u00e1s all\u00e1 de la raz\u00f3n.<br \/>\nCualquier guerra, cualquier enfrentamiento armado, acaba siempre en una derrota para todos.<br \/>\nDesarrollemos una cultura de la paz.<br \/>\nRecordemos que incluso en los casos de leg\u00edtima defensa, la paz es el objetivo.<br \/>\nY que una paz duradera s\u00f3lo puede ser una paz sin armas. Hagamos de la no violencia, tanto en la vida cotidiana como en las relaciones internacionales, una gu\u00eda para nuestra actuaci\u00f3n.<br \/>\nY oremos por una mayor difusi\u00f3n de la cultura de la no violencia, que pasa por el uso cada vez menor de las armas, tanto por parte de los Estados como de los ciudadanos\u201d.<\/span><\/p>\n<p>Para m\u00e1s informaci\u00f3n <a href=\"https:\/\/thepopevideo.org\/?lang=es\" target=\"_blank\" rel=\"noopener\">aqu\u00ed<\/a>.<\/p>\n<p>Si quieres ver m\u00e1s videos sobre las intenciones del Papa las encontrar\u00e0s en\u00a0 <a href=\"http:\/\/www.elvideodelpapa.org\" target=\"_blank\" rel=\"noopener\">http:\/\/www.elvideodelpapa.org<\/a><\/p>\n<p><img decoding=\"async\" src=\"https:\/\/thepopevideo.org\/wp-content\/uploads\/2023\/03\/Infografia-TPV-4-2023-ES-Por-una-cultura-de-la-no-violencia-01-1.jpg\" \/><\/p>\n","protected":false},"excerpt":{"rendered":"<p>\u00abDecid\u00e1monos todos a apoyar fuertemente la no violencia. Como dice el Papa, \u201cvivir, hablar y actuar sin violencia no es rendirse, no es perder ni renunciar a nada. Es aspirar a todo\u201d. Este a\u00f1o se cumple el 60 aniversario de la enc\u00edclica Pacem in Terris de San Juan XXIII. Y Francisco vuelve a poner de &hellip; <\/p>\n<p><a class=\"more-link btn\" href=\"https:\/\/smaria.salou.arqtgn.cat\/es\/el-video-del-papa-abril-de-2023-por-una-cultura-de-la-no-violencia\/\">Seguir leyendo<\/a><\/p>\n","protected":false},"author":11,"featured_media":0,"comment_status":"closed","ping_status":"closed","sticky":false,"template":"","format":"standard","meta":{"footnotes":""},"categories":[56,60,52],"tags":[],"class_list":["post-19726","post","type-post","status-publish","format-standard","hentry","category-actualitat-es","category-formacio-es","category-para-reflexionar","item-wrap"],"amp_enabled":true,"_links":{"self":[{"href":"https:\/\/smaria.salou.arqtgn.cat\/es\/wp-json\/wp\/v2\/posts\/19726","targetHints":{"allow":["GET"]}}],"collection":[{"href":"https:\/\/smaria.salou.arqtgn.cat\/es\/wp-json\/wp\/v2\/posts"}],"about":[{"href":"https:\/\/smaria.salou.arqtgn.cat\/es\/wp-json\/wp\/v2\/types\/post"}],"author":[{"embeddable":true,"href":"https:\/\/smaria.salou.arqtgn.cat\/es\/wp-json\/wp\/v2\/users\/11"}],"replies":[{"embeddable":true,"href":"https:\/\/smaria.salou.arqtgn.cat\/es\/wp-json\/wp\/v2\/comments?post=19726"}],"version-history":[{"count":3,"href":"https:\/\/smaria.salou.arqtgn.cat\/es\/wp-json\/wp\/v2\/posts\/19726\/revisions"}],"predecessor-version":[{"id":19731,"href":"https:\/\/smaria.salou.arqtgn.cat\/es\/wp-json\/wp\/v2\/posts\/19726\/revisions\/19731"}],"wp:attachment":[{"href":"https:\/\/smaria.salou.arqtgn.cat\/es\/wp-json\/wp\/v2\/media?parent=19726"}],"wp:term":[{"taxonomy":"category","embeddable":true,"href":"https:\/\/smaria.salou.arqtgn.cat\/es\/wp-json\/wp\/v2\/categories?post=19726"},{"taxonomy":"post_tag","embeddable":true,"href":"https:\/\/smaria.salou.arqtgn.cat\/es\/wp-json\/wp\/v2\/tags?post=19726"}],"curies":[{"name":"wp","href":"https:\/\/api.w.org\/{rel}","templated":true}]}}