{"id":19668,"date":"2023-03-17T10:53:02","date_gmt":"2023-03-17T09:53:02","guid":{"rendered":"http:\/\/smaria.salou.arqtgn.cat\/?p=19668"},"modified":"2023-03-18T10:55:03","modified_gmt":"2023-03-18T09:55:03","slug":"tareas-de-saneamiento-de-la-fachada-principal-y-coro-de-santa-maria-del-mar","status":"publish","type":"post","link":"https:\/\/smaria.salou.arqtgn.cat\/es\/tareas-de-saneamiento-de-la-fachada-principal-y-coro-de-santa-maria-del-mar\/","title":{"rendered":"Tareas de saneamiento de la fachada principal y coro de Santa Maria del Mar"},"content":{"rendered":"<p style=\"text-align: justify\"><a href=\"http:\/\/smaria.salou.arqtgn.cat\/wp-content\/uploads\/sites\/10\/2023\/03\/1679131740281-scaled.jpg\" target=\"_blank\" rel=\"noopener\"><img loading=\"lazy\" decoding=\"async\" class=\"aligncenter wp-image-19665 size-full\" src=\"http:\/\/smaria.salou.arqtgn.cat\/wp-content\/uploads\/sites\/10\/2023\/03\/1679131740281-scaled.jpg\" alt=\"\" width=\"2560\" height=\"515\" srcset=\"https:\/\/smaria.salou.arqtgn.cat\/wp-content\/uploads\/sites\/10\/2023\/03\/1679131740281-scaled.jpg 2560w, https:\/\/smaria.salou.arqtgn.cat\/wp-content\/uploads\/sites\/10\/2023\/03\/1679131740281-300x60.jpg 300w, https:\/\/smaria.salou.arqtgn.cat\/wp-content\/uploads\/sites\/10\/2023\/03\/1679131740281-1024x206.jpg 1024w, https:\/\/smaria.salou.arqtgn.cat\/wp-content\/uploads\/sites\/10\/2023\/03\/1679131740281-768x155.jpg 768w, https:\/\/smaria.salou.arqtgn.cat\/wp-content\/uploads\/sites\/10\/2023\/03\/1679131740281-1536x309.jpg 1536w, https:\/\/smaria.salou.arqtgn.cat\/wp-content\/uploads\/sites\/10\/2023\/03\/1679131740281-2048x412.jpg 2048w, https:\/\/smaria.salou.arqtgn.cat\/wp-content\/uploads\/sites\/10\/2023\/03\/1679131740281-560x113.jpg 560w\" sizes=\"auto, (max-width: 2560px) 100vw, 2560px\" \/><\/a><br \/>\nComo ya se comunic\u00f3, estas \u00faltimas dos semanas se ha procedido a realizar tareas de saneamiento de la fachada principal, as\u00ed como la limpieza y adecuaci\u00f3n del coro y escalera del campanario de Santa Maria del Mar. Tambi\u00e9n se ha aprovechado para situar en uno de los laterales de l&#8217;esgl\u00e9sia, el Sant Jordi de <em>Antoni Mas<\/em>, que estaba en la iglesia de Sant Jordi. En esta misma l\u00ednea, queda pendiente de colgar a Cristo Resucitado que estaba en el presbiterio de la iglesia de Sant Jordi.<\/p>\n<p style=\"text-align: justify\">En la fachada principal se ha reparado las partes de la pared que estaban descarnadas a causa de las humedades y se pint\u00f3 la parte baja de toda la fachada.<\/p>\n<p style=\"text-align: justify\">En el coro, que desde las obras se hab\u00eda convertido en almac\u00e9n, se ha limpiado, se ha reciclado lo que no ten\u00eda valor,\u00a0 y se ha guardado lo que nos servir\u00e1 para dar contenido al nuevo espacio muse\u00edstico que se adecuar\u00e1 all\u00ed mismo. Tambi\u00e9n se ha aprovechado para realizar peque\u00f1as reparaciones de pintura de otras partes de la parroquia.<\/p>\n<p><a href=\"http:\/\/smaria.salou.arqtgn.cat\/wp-content\/uploads\/sites\/10\/2023\/03\/0.jpg\" target=\"_blank\" rel=\"noopener\"><img loading=\"lazy\" decoding=\"async\" class=\"aligncenter wp-image-19663 size-full\" src=\"http:\/\/smaria.salou.arqtgn.cat\/wp-content\/uploads\/sites\/10\/2023\/03\/0.jpg\" alt=\"\" width=\"1200\" height=\"1800\" srcset=\"https:\/\/smaria.salou.arqtgn.cat\/wp-content\/uploads\/sites\/10\/2023\/03\/0.jpg 1200w, https:\/\/smaria.salou.arqtgn.cat\/wp-content\/uploads\/sites\/10\/2023\/03\/0-200x300.jpg 200w, https:\/\/smaria.salou.arqtgn.cat\/wp-content\/uploads\/sites\/10\/2023\/03\/0-683x1024.jpg 683w, https:\/\/smaria.salou.arqtgn.cat\/wp-content\/uploads\/sites\/10\/2023\/03\/0-768x1152.jpg 768w, https:\/\/smaria.salou.arqtgn.cat\/wp-content\/uploads\/sites\/10\/2023\/03\/0-1024x1536.jpg 1024w, https:\/\/smaria.salou.arqtgn.cat\/wp-content\/uploads\/sites\/10\/2023\/03\/0-560x840.jpg 560w\" sizes=\"auto, (max-width: 1200px) 100vw, 1200px\" \/><\/a><\/p>\n","protected":false},"excerpt":{"rendered":"<p>Como ya se comunic\u00f3, estas \u00faltimas dos semanas se ha procedido a realizar tareas de saneamiento de la fachada principal, as\u00ed como la limpieza y adecuaci\u00f3n del coro y escalera del campanario de Santa Maria del Mar. Tambi\u00e9n se ha aprovechado para situar en uno de los laterales de l&#8217;esgl\u00e9sia, el Sant Jordi de Antoni &hellip; <\/p>\n<p><a class=\"more-link btn\" href=\"https:\/\/smaria.salou.arqtgn.cat\/es\/tareas-de-saneamiento-de-la-fachada-principal-y-coro-de-santa-maria-del-mar\/\">Seguir leyendo<\/a><\/p>\n","protected":false},"author":11,"featured_media":0,"comment_status":"closed","ping_status":"closed","sticky":false,"template":"","format":"standard","meta":{"footnotes":""},"categories":[64],"tags":[],"class_list":["post-19668","post","type-post","status-publish","format-standard","hentry","category-vida-parroquial-es","item-wrap"],"amp_enabled":true,"_links":{"self":[{"href":"https:\/\/smaria.salou.arqtgn.cat\/es\/wp-json\/wp\/v2\/posts\/19668","targetHints":{"allow":["GET"]}}],"collection":[{"href":"https:\/\/smaria.salou.arqtgn.cat\/es\/wp-json\/wp\/v2\/posts"}],"about":[{"href":"https:\/\/smaria.salou.arqtgn.cat\/es\/wp-json\/wp\/v2\/types\/post"}],"author":[{"embeddable":true,"href":"https:\/\/smaria.salou.arqtgn.cat\/es\/wp-json\/wp\/v2\/users\/11"}],"replies":[{"embeddable":true,"href":"https:\/\/smaria.salou.arqtgn.cat\/es\/wp-json\/wp\/v2\/comments?post=19668"}],"version-history":[{"count":1,"href":"https:\/\/smaria.salou.arqtgn.cat\/es\/wp-json\/wp\/v2\/posts\/19668\/revisions"}],"predecessor-version":[{"id":19669,"href":"https:\/\/smaria.salou.arqtgn.cat\/es\/wp-json\/wp\/v2\/posts\/19668\/revisions\/19669"}],"wp:attachment":[{"href":"https:\/\/smaria.salou.arqtgn.cat\/es\/wp-json\/wp\/v2\/media?parent=19668"}],"wp:term":[{"taxonomy":"category","embeddable":true,"href":"https:\/\/smaria.salou.arqtgn.cat\/es\/wp-json\/wp\/v2\/categories?post=19668"},{"taxonomy":"post_tag","embeddable":true,"href":"https:\/\/smaria.salou.arqtgn.cat\/es\/wp-json\/wp\/v2\/tags?post=19668"}],"curies":[{"name":"wp","href":"https:\/\/api.w.org\/{rel}","templated":true}]}}