{"id":19606,"date":"2023-03-17T21:08:42","date_gmt":"2023-03-17T20:08:42","guid":{"rendered":"http:\/\/smaria.salou.arqtgn.cat\/?p=19606"},"modified":"2023-03-17T21:08:42","modified_gmt":"2023-03-17T20:08:42","slug":"domingo-iv-de-cuaresma-a-2023","status":"publish","type":"post","link":"https:\/\/smaria.salou.arqtgn.cat\/es\/domingo-iv-de-cuaresma-a-2023\/","title":{"rendered":"DOMINGO IV de CUARESMA \/ A \/ 2023"},"content":{"rendered":"<p>\u200b<\/p>\n<table style=\"height: 10px;width: 97.3345%\">\n<tbody>\n<tr style=\"height: 256px\">\n<td style=\"height: 10px;width: 33.6466%;text-align: center\">\n<p><div id=\"attachment_19602\" style=\"width: 236px\" class=\"wp-caption aligncenter\"><a href=\"https:\/\/www.arquebisbattarragona.cat\/es\/recursos-pastorals\/lectures-dominicals\/\" target=\"_blank\" rel=\"noopener\"><img loading=\"lazy\" decoding=\"async\" aria-describedby=\"caption-attachment-19602\" class=\"wp-image-19602 size-medium\" src=\"http:\/\/smaria.salou.arqtgn.cat\/wp-content\/uploads\/sites\/10\/2023\/03\/Cec_Siloe-236x300.jpg\" alt=\"\" width=\"236\" height=\"300\" srcset=\"https:\/\/smaria.salou.arqtgn.cat\/wp-content\/uploads\/sites\/10\/2023\/03\/Cec_Siloe-236x300.jpg 236w, https:\/\/smaria.salou.arqtgn.cat\/wp-content\/uploads\/sites\/10\/2023\/03\/Cec_Siloe.jpg 433w\" sizes=\"auto, (max-width: 236px) 100vw, 236px\" \/><\/a><p id=\"caption-attachment-19602\" class=\"wp-caption-text\">Llegir la Paraula de D\u00e9u<\/p><\/div><\/td>\n<td style=\"height: 10px;width: 18.9557%;text-align: center\">\n<p><div id=\"attachment_14542\" style=\"width: 246px\" class=\"wp-caption aligncenter\"><a href=\"http:\/\/hemeroteca.arqtgn.cat\/bitstream\/123456789\/13404\/2\/hd3810.pdf\" target=\"_blank\" rel=\"noopener noreferrer\"><img loading=\"lazy\" decoding=\"async\" aria-describedby=\"caption-attachment-14542\" class=\"wp-image-14542\" src=\"http:\/\/smaria.salou.arqtgn.cat\/wp-content\/uploads\/sites\/10\/2021\/01\/full_es.jpg\" alt=\"\" width=\"246\" height=\"145\" srcset=\"https:\/\/smaria.salou.arqtgn.cat\/wp-content\/uploads\/sites\/10\/2021\/01\/full_es.jpg 400w, https:\/\/smaria.salou.arqtgn.cat\/wp-content\/uploads\/sites\/10\/2021\/01\/full_es-300x176.jpg 300w\" sizes=\"auto, (max-width: 246px) 100vw, 246px\" \/><\/a><p id=\"caption-attachment-14542\" class=\"wp-caption-text\">Leer la Hoja Dominical<\/p><\/div><\/td>\n<\/tr>\n<\/tbody>\n<\/table>\n<p>&nbsp;<\/p>\n<div class=\"embed-container\"><iframe loading=\"lazy\" title=\"Carta dominical. \u00abJes\u00fas te llama, \u00bflo sabes?\" width=\"560\" height=\"315\" src=\"https:\/\/www.youtube.com\/embed\/Xt00bU8KBVo?feature=oembed\" frameborder=\"0\" allow=\"accelerometer; autoplay; clipboard-write; encrypted-media; gyroscope; picture-in-picture; web-share\" referrerpolicy=\"strict-origin-when-cross-origin\" allowfullscreen><\/iframe><\/div>\n<p>&nbsp;<\/p>\n<div class=\"embed-container\"><iframe loading=\"lazy\" title=\"Recobrar la vista - 4\u00ba Domingo de Cuaresma, Ciclo A\" width=\"560\" height=\"315\" src=\"https:\/\/www.youtube.com\/embed\/jwSbvnaaab4?feature=oembed\" frameborder=\"0\" allow=\"accelerometer; autoplay; clipboard-write; encrypted-media; gyroscope; picture-in-picture; web-share\" referrerpolicy=\"strict-origin-when-cross-origin\" allowfullscreen><\/iframe><\/div>\n<h4><\/h4>\n<h4><\/h4>\n<h4><span style=\"color: #1c70ed\">Una mirada art\u00edstica a l&#8217;Evangeli del Diumenge, un gentilesa de l&#8217;<em>Amadeu Bonet<\/em>, artista.<\/span><\/h4>\n<p><a href=\"https:\/\/upapilarmagdalena.org\/levangeli-des-de-lart-una-mirada-artistica-a-levangeli-del-diumenge-19-de-marc-de-2023-per-amadeu-bonet-i-boldu\/\"><img loading=\"lazy\" decoding=\"async\" class=\"aligncenter\" src=\"https:\/\/upapilarmagdalena.org\/wp-content\/uploads\/2023\/03\/COMPOSICION-20230319.jpg\" alt=\"\" width=\"1417\" height=\"1077\" \/><\/a><\/p>\n<p>&nbsp;<\/p>\n<h4>Lectura Espiritual<\/h4>\n<h4><em>LA VI\u00d1A (Mt 21,33-46)<br \/>\n<\/em>El tesoro est\u00e1 escondido en tu coraz\u00f3n<\/h4>\n<p>Una de las primeras palabras que los ni\u00f1os aprenden es \u00abm\u00edo, m\u00eda\u00bb. \u00a1La herencia es nuestra!, gritan los labradores de esta par\u00e1bola, tras asesinar a los criados y al hijo del amo.<\/p>\n<p>Ser se\u00f1ores de esa vi\u00f1a no implica tan s\u00f3lo el derecho a la propiedad, sino tambi\u00e9n el m\u00e1s sutil derecho a mandar y, en \u00faltima instancia -si lo consideran necesario, o simplemente gustoso- tambi\u00e9n a tiranizar, imponi\u00e9ndose a los dem\u00e1s. De esto es de lo que se habla en esta par\u00e1bola: de la rebeli\u00f3n humana ante el hecho de tener a un Dios por encima, de la pulsi\u00f3n que sentimos a dar la vuelta a este estado de cosas, aun por medio de la violencia y del asesinato.<\/p>\n<p>La vi\u00f1a es el mundo. Algunos nos lo hemos apropiado y asesinamos a quienes consideramos que quieren una parte de lo que nos parece nuestro.<\/p>\n<p>Pero la vi\u00f1a es tambi\u00e9n la Creaci\u00f3n, la naturaleza en la que, evidentemente, Dios ya no cuenta pues funcionamos sin tenerle en consideraci\u00f3n: arramblando con los recursos naturales, devastando con una inconsciencia culpable o, lo que es peor, con la soberbia de quien se cree due\u00f1o y se\u00f1or. As\u00ed es: nos hemos secularizado, nos hemos independizado, somos por fin aut\u00f3nomos de ese invento llamado Dios (as\u00ed lo piensan muchos), propio de mentes infantiles o calenturientas. Pero, \u00bfpodemos vivir en la vi\u00f1a como si realmente fuera de nuestra propiedad? \u00bfNo es un usurpador quien se erige en propietario de algo que no le pertenece?<\/p>\n<p>La modernidad, con su antropocentrismo y olvido de Dios nos recuerda demasiado a esta par\u00e1bola, es casi como su traducci\u00f3n hist\u00f3rica. Porque al declarar que Dios ha muerto o, como se hace hoy, al sostener que eso es algo irrelevante y, en todo caso, exclusivamente privado, lo cierto es que nosotros mismos nos erigimos en Dios, esto es, en el criterio absoluto. Libres por fin de \u00c9l, tras siglos de alienaci\u00f3n, somos finalmente propietarios de la tierra y podemos hacer en ella lo que nos parezca. \u00a1Por fin somos los se\u00f1ores! \u00a1Ya no hay nadie por encima nuestro! \u00a1La vi\u00f1a es del hombre!, decimos, ebrios de poder.<\/p>\n<p>Hemos matado al Hijo y, por ello, imaginamos haber matado tambi\u00e9n al Padre. Nos sorprende que pueda seguir habiendo un Padre esperando nuestro regreso tras una vida pr\u00f3diga, nos maravilla que se nos corresponda con amor. Pero el Padre (as\u00ed lo dice la fe) sobrevive a todos esos asesinatos nuestros que son suicidios.<\/p>\n<p>Esa piedra preciosa desechada (por la que, seg\u00fan Mt 13,45-46, un mercader vendi\u00f3 todo lo que ten\u00eda para comprarla) es el tesoro escondido en nuestro coraz\u00f3n. Sorprende que nos pasemos la vida busc\u00e1ndola, teni\u00e9ndola tan cerca. Que emigremos a otros pa\u00edses, estando en el nuestro. Que vivamos como si fu\u00e9ramos pobres, siendo ricos.<\/p>\n<p>Y as\u00ed se pasa la vida, entre b\u00fasquedas y lamentos, hasta que de pronto sabemos de alguien que dice haberla encontrado. El esp\u00edritu les encontr\u00f3 preparados y el tesoro, simplemente, sali\u00f3 a la luz. Fue entonces cuando, llenos de alegr\u00eda, fueron y vendieron lo que ten\u00edan. Porque no se puede -ni debe- vender sin alegr\u00eda. Porque el camino espiritual se reconoce sobre todo por la alegr\u00eda.<\/p>\n<p><span style=\"text-align: justify\">\u00bfNo somos tambi\u00e9n nosotros, al fin y al cabo, buscadores? \u00bfQu\u00e9 tendr\u00edamos que hacer? Este evangelio nos invita a ser \u00ablabradores\u00bb y a que cultivemos nuestra interioridad, all\u00ed donde se esconde ese gran tesoro que no se acaba.<\/span><\/p>\n<p style=\"text-align: right\">Pablo d\u2019Ors, <em>Biograf\u00eda de la luz<\/em><\/p>\n","protected":false},"excerpt":{"rendered":"<p>\u200b &nbsp; &nbsp; Una mirada art\u00edstica a l&#8217;Evangeli del Diumenge, un gentilesa de l&#8217;Amadeu Bonet, artista. &nbsp; Lectura Espiritual LA VI\u00d1A (Mt 21,33-46) El tesoro est\u00e1 escondido en tu coraz\u00f3n Una de las primeras palabras que los ni\u00f1os aprenden es \u00abm\u00edo, m\u00eda\u00bb. \u00a1La herencia es nuestra!, gritan los labradores de esta par\u00e1bola, tras asesinar a &hellip; <\/p>\n<p><a class=\"more-link btn\" href=\"https:\/\/smaria.salou.arqtgn.cat\/es\/domingo-iv-de-cuaresma-a-2023\/\">Seguir leyendo<\/a><\/p>\n","protected":false},"author":11,"featured_media":0,"comment_status":"closed","ping_status":"closed","sticky":false,"template":"","format":"standard","meta":{"footnotes":""},"categories":[52,49],"tags":[],"class_list":["post-19606","post","type-post","status-publish","format-standard","hentry","category-para-reflexionar","category-preparando-el-domingo","item-wrap"],"amp_enabled":true,"_links":{"self":[{"href":"https:\/\/smaria.salou.arqtgn.cat\/es\/wp-json\/wp\/v2\/posts\/19606","targetHints":{"allow":["GET"]}}],"collection":[{"href":"https:\/\/smaria.salou.arqtgn.cat\/es\/wp-json\/wp\/v2\/posts"}],"about":[{"href":"https:\/\/smaria.salou.arqtgn.cat\/es\/wp-json\/wp\/v2\/types\/post"}],"author":[{"embeddable":true,"href":"https:\/\/smaria.salou.arqtgn.cat\/es\/wp-json\/wp\/v2\/users\/11"}],"replies":[{"embeddable":true,"href":"https:\/\/smaria.salou.arqtgn.cat\/es\/wp-json\/wp\/v2\/comments?post=19606"}],"version-history":[{"count":5,"href":"https:\/\/smaria.salou.arqtgn.cat\/es\/wp-json\/wp\/v2\/posts\/19606\/revisions"}],"predecessor-version":[{"id":19657,"href":"https:\/\/smaria.salou.arqtgn.cat\/es\/wp-json\/wp\/v2\/posts\/19606\/revisions\/19657"}],"wp:attachment":[{"href":"https:\/\/smaria.salou.arqtgn.cat\/es\/wp-json\/wp\/v2\/media?parent=19606"}],"wp:term":[{"taxonomy":"category","embeddable":true,"href":"https:\/\/smaria.salou.arqtgn.cat\/es\/wp-json\/wp\/v2\/categories?post=19606"},{"taxonomy":"post_tag","embeddable":true,"href":"https:\/\/smaria.salou.arqtgn.cat\/es\/wp-json\/wp\/v2\/tags?post=19606"}],"curies":[{"name":"wp","href":"https:\/\/api.w.org\/{rel}","templated":true}]}}