{"id":19285,"date":"2023-02-11T00:28:32","date_gmt":"2023-02-10T23:28:32","guid":{"rendered":"http:\/\/smaria.salou.arqtgn.cat\/?p=19285"},"modified":"2023-02-11T00:32:30","modified_gmt":"2023-02-10T23:32:30","slug":"diumenge-vi-durant-lany-a-2023","status":"publish","type":"post","link":"https:\/\/smaria.salou.arqtgn.cat\/es\/diumenge-vi-durant-lany-a-2023\/","title":{"rendered":"VI DOMINGO del tiempo ordinario \/ A \/ 2023"},"content":{"rendered":"<table style=\"height: 10px;width: 97.3345%\">\n<tbody>\n<tr style=\"height: 256px\">\n<td style=\"height: 10px;width: 29.811%;text-align: center\">\n<p><div id=\"attachment_19278\" style=\"width: 231px\" class=\"wp-caption aligncenter\"><a href=\"https:\/\/www.arquebisbattarragona.cat\/es\/recursos-pastorals\/lectures-dominicals\/\" target=\"_blank\" rel=\"noopener\"><img loading=\"lazy\" decoding=\"async\" aria-describedby=\"caption-attachment-19278\" class=\"wp-image-19278 size-medium\" src=\"http:\/\/smaria.salou.arqtgn.cat\/wp-content\/uploads\/sites\/10\/2023\/02\/Moises-231x300.jpg\" alt=\"\" width=\"231\" height=\"300\" srcset=\"https:\/\/smaria.salou.arqtgn.cat\/wp-content\/uploads\/sites\/10\/2023\/02\/Moises-231x300.jpg 231w, https:\/\/smaria.salou.arqtgn.cat\/wp-content\/uploads\/sites\/10\/2023\/02\/Moises-560x728.jpg 560w, https:\/\/smaria.salou.arqtgn.cat\/wp-content\/uploads\/sites\/10\/2023\/02\/Moises.jpg 760w\" sizes=\"auto, (max-width: 231px) 100vw, 231px\" \/><\/a><p id=\"caption-attachment-19278\" class=\"wp-caption-text\">Leer la Palabra de Dios<\/p><\/div><\/td>\n<td style=\"height: 10px;width: 22.7913%;text-align: center\">\n<p><div id=\"attachment_14542\" style=\"width: 254px\" class=\"wp-caption aligncenter\"><a href=\"http:\/\/hemeroteca.arqtgn.cat\/bitstream\/123456789\/13389\/2\/hd3805.pdf\" target=\"_blank\" rel=\"noopener noreferrer\"><img loading=\"lazy\" decoding=\"async\" aria-describedby=\"caption-attachment-14542\" class=\"wp-image-14542\" src=\"http:\/\/smaria.salou.arqtgn.cat\/wp-content\/uploads\/sites\/10\/2021\/01\/full_es-300x176.jpg\" alt=\"\" width=\"254\" height=\"149\" srcset=\"https:\/\/smaria.salou.arqtgn.cat\/wp-content\/uploads\/sites\/10\/2021\/01\/full_es-300x176.jpg 300w, https:\/\/smaria.salou.arqtgn.cat\/wp-content\/uploads\/sites\/10\/2021\/01\/full_es.jpg 400w\" sizes=\"auto, (max-width: 254px) 100vw, 254px\" \/><\/a><p id=\"caption-attachment-14542\" class=\"wp-caption-text\">Leer la Hoja Dominical<\/p><\/div><\/td>\n<\/tr>\n<\/tbody>\n<\/table>\n<h4><\/h4>\n<div class=\"embed-container\"><iframe loading=\"lazy\" title=\"Carta Dominical. \u00abFrenar la desigualdad est\u00e1 en tus manos\u00bb\" width=\"560\" height=\"315\" src=\"https:\/\/www.youtube.com\/embed\/VZrzrcGgBhI?feature=oembed\" frameborder=\"0\" allow=\"accelerometer; autoplay; clipboard-write; encrypted-media; gyroscope; picture-in-picture; web-share\" referrerpolicy=\"strict-origin-when-cross-origin\" allowfullscreen><\/iframe><\/div>\n<p>&nbsp;<\/p>\n<div class=\"embed-container\"><iframe loading=\"lazy\" title=\"Apariencias - 6\u00ba Domingo del Tiempo Ordinario, Ciclo A\" width=\"560\" height=\"315\" src=\"https:\/\/www.youtube.com\/embed\/nbgM97um2pw?feature=oembed\" frameborder=\"0\" allow=\"accelerometer; autoplay; clipboard-write; encrypted-media; gyroscope; picture-in-picture; web-share\" referrerpolicy=\"strict-origin-when-cross-origin\" allowfullscreen><\/iframe><\/div>\n<p>&nbsp;<\/p>\n<p>&nbsp;<\/p>\n<h4><span style=\"color: #1c70ed\">Una mirada art\u00edstica a l&#8217;Evangeli del Diumenge, un gentilesa de l&#8217;<em>Amadeu Bonet<\/em>, artista.<\/span><\/h4>\n<h4><a href=\"https:\/\/upapilarmagdalena.org\/levangeli-des-de-lart-una-mirada-artistica-a-levangeli-del-diumenge-12-de-febrer-de-2023-per-amadeu-bonet-i-boldu\/\" target=\"_blank\" rel=\"noopener\"><img loading=\"lazy\" decoding=\"async\" class=\"aligncenter\" src=\"https:\/\/upapilarmagdalena.org\/wp-content\/uploads\/2023\/02\/COMPOSICION-20230212.jpg\" alt=\"\" width=\"2362\" height=\"1783\" \/><\/a><\/h4>\n<h4><\/h4>\n<p>&nbsp;<\/p>\n<h4>Lectura Espiritual<\/h4>\n<h4><em><strong>EL HIJO PR\u00d3DIGO <\/strong>(<strong>Lc 15,11-32<\/strong>)<\/em><br \/>\n<strong>Volver a casa<\/strong><\/h4>\n<p style=\"text-align: justify\">Aquel joven andaba sucio, solo y hambriento. Lloraba porque se acordaba de su deplorable situaci\u00f3n, y eso le romp\u00eda el coraz\u00f3n. Las horas que no lloraba eran las peores<strong>: <\/strong>una gran pesadumbre le invad\u00eda hasta el punto de desear la muerte.<\/p>\n<p style=\"text-align: justify\">Finalmente pens\u00f3: Volver\u00e9 a la casa de mi padre. El hijo que camina hacia su padre camina hacia su verdadera libertad. \u00a1Qu\u00e9 maravilla emprender ese camino! Caminar hacia un horizonte. \u00a1Dios m\u00edo, hab\u00eda un horizonte! \u00bfSer\u00eda posible que s\u00f3lo ponerse en camino tuviera sobre \u00e9l todos esos efectos reparadores?<\/p>\n<p style=\"text-align: justify\">La incertidumbre le asaltaba a cada paso, pues no sab\u00eda c\u00f3mo ser\u00eda recibido cuando llegara. Y una gran verg\u00fcenza de s\u00ed, pues tendr\u00eda que reconocer ante todos, su equivocaci\u00f3n. Yo s\u00f3lo quer\u00eda disfrutar a tope de la vida. Yo pensaba que sin la autoridad paterna podr\u00eda disfrutar de una ilimitada libertad.<\/p>\n<p style=\"text-align: justify\">Pero, aun en medio de aquella incertidumbre, tan dolorosa, y de la verg\u00fcenza, lo cierto es que hab\u00eda empezado a sentirse m\u00e1s ligero y m\u00e1s libre. Hab\u00eda dejado \u201clos cerdos\u201d atr\u00e1s y hab\u00eda empezado su recuperaci\u00f3n. Part\u00eda hacia su casa y \u2013 lo iba comprendiendo- hacia s\u00ed mismo.<\/p>\n<p style=\"text-align: justify\">Peregrinar hacia uno mismo, no hay nada m\u00e1s hermoso. Volver a ser quienes fuimos en la mente de Dios\u2026, caminar hacia lo que somos. \u00a1Cu\u00e1ntos son los caminos en lo que incautamente perdemos el nuestro! \u00bfC\u00f3mo es que hay que perderse tanto para reencontrar el camino? Aquel hijo pr\u00f3digo fue muy feliz en su viaje de regreso. Cada d\u00eda m\u00e1s cerca, cada d\u00eda m\u00e1s determinado y restablecido. Y as\u00ed hasta que un atardecer divis\u00f3 su casa, a lo lejos. \u00a1Su casa, Dios m\u00edo! Una \u00faltima duda: quiz\u00e1s no ten\u00eda que haber regresado.<\/p>\n<p style=\"text-align: justify\">Tard\u00f3 en distinguir a su padre, corriendo hacia \u00e9l. Corrieron ambos hasta que, frente a frente, se detuvieron. Finalmente, se fundieron en un abrazo que dur\u00f3 aproximadamente un siglo.<\/p>\n<p style=\"text-align: justify\">El hijo pr\u00f3digo somos nosotros, que dilapidamos el tesoro que Dios ha puesto en nuestras manos, buscando fuera -en la diversi\u00f3n- lo que s\u00f3lo podemos encontrar dentro -en la patria de nuestra conciencia. Hasta que nos damos cuenta -avergonzados- de c\u00f3mo vivimos muy por debajo de lo que nos corresponde. \u00bfQu\u00e9 hago yo en este trabajo? \u00bfqu\u00e9 hago junto a estas personas, tan ajenas a mi mundo de intereses? O \u00bfc\u00f3mo he llegado a algo tan s\u00f3rdido o indecente? Retornar\u00e9 -decidimos-, y emprendemos, paso a paso, el camino de retorno al hogar.<\/p>\n<p style=\"text-align: justify\">El joven de esta par\u00e1bola volvi\u00f3 a su casa por la experiencia de vac\u00edo por la que tuvo que pasar al encontrarse sin nada y sin nadie, arrojado a una cuneta. Tuvo que experimentar la vanidad de este mundo para ponerse en camino para ponerse en camino hacia el verdadero mundo. \u00c9sta es la condici\u00f3n del hombre que quiere acercarse a Dios: sin la experiencia del vac\u00edo, nunca regresar\u00eda al Padre\u2026 ese vac\u00edo puede ser un matrimonio roto, un proyecto profesional que se viene abajo, la p\u00e9rdida de un ser querido, una larga y dif\u00edcil enfermedad\u2026 Siempre es as\u00ed: el vac\u00edo lleva a Dios y Dios, de alg\u00fan modo, lleva a vaciarse de todo lo que no es \u00c9l. No es complicado: a nadie le cuesta desprenderse de una bagatela cuando encuentra un tesoro. Si cuesta es que no lo hemos descubierto como tesoro.<\/p>\n<p style=\"text-align: right\">Pablo d\u2019Ors, <em>Biograf\u00eda de la luz<\/em><\/p>\n","protected":false},"excerpt":{"rendered":"<p>&nbsp; &nbsp; &nbsp; Una mirada art\u00edstica a l&#8217;Evangeli del Diumenge, un gentilesa de l&#8217;Amadeu Bonet, artista. &nbsp; Lectura Espiritual EL HIJO PR\u00d3DIGO (Lc 15,11-32) Volver a casa Aquel joven andaba sucio, solo y hambriento. Lloraba porque se acordaba de su deplorable situaci\u00f3n, y eso le romp\u00eda el coraz\u00f3n. Las horas que no lloraba eran las &hellip; <\/p>\n<p><a class=\"more-link btn\" href=\"https:\/\/smaria.salou.arqtgn.cat\/es\/diumenge-vi-durant-lany-a-2023\/\">Seguir leyendo<\/a><\/p>\n","protected":false},"author":11,"featured_media":0,"comment_status":"closed","ping_status":"closed","sticky":false,"template":"","format":"standard","meta":{"footnotes":""},"categories":[52,49],"tags":[],"class_list":["post-19285","post","type-post","status-publish","format-standard","hentry","category-para-reflexionar","category-preparando-el-domingo","item-wrap"],"amp_enabled":true,"_links":{"self":[{"href":"https:\/\/smaria.salou.arqtgn.cat\/es\/wp-json\/wp\/v2\/posts\/19285","targetHints":{"allow":["GET"]}}],"collection":[{"href":"https:\/\/smaria.salou.arqtgn.cat\/es\/wp-json\/wp\/v2\/posts"}],"about":[{"href":"https:\/\/smaria.salou.arqtgn.cat\/es\/wp-json\/wp\/v2\/types\/post"}],"author":[{"embeddable":true,"href":"https:\/\/smaria.salou.arqtgn.cat\/es\/wp-json\/wp\/v2\/users\/11"}],"replies":[{"embeddable":true,"href":"https:\/\/smaria.salou.arqtgn.cat\/es\/wp-json\/wp\/v2\/comments?post=19285"}],"version-history":[{"count":6,"href":"https:\/\/smaria.salou.arqtgn.cat\/es\/wp-json\/wp\/v2\/posts\/19285\/revisions"}],"predecessor-version":[{"id":19320,"href":"https:\/\/smaria.salou.arqtgn.cat\/es\/wp-json\/wp\/v2\/posts\/19285\/revisions\/19320"}],"wp:attachment":[{"href":"https:\/\/smaria.salou.arqtgn.cat\/es\/wp-json\/wp\/v2\/media?parent=19285"}],"wp:term":[{"taxonomy":"category","embeddable":true,"href":"https:\/\/smaria.salou.arqtgn.cat\/es\/wp-json\/wp\/v2\/categories?post=19285"},{"taxonomy":"post_tag","embeddable":true,"href":"https:\/\/smaria.salou.arqtgn.cat\/es\/wp-json\/wp\/v2\/tags?post=19285"}],"curies":[{"name":"wp","href":"https:\/\/api.w.org\/{rel}","templated":true}]}}