{"id":19101,"date":"2023-01-09T07:58:46","date_gmt":"2023-01-09T06:58:46","guid":{"rendered":"http:\/\/smaria.salou.arqtgn.cat\/?p=19101"},"modified":"2023-01-14T07:59:07","modified_gmt":"2023-01-14T06:59:07","slug":"los-reyes-de-oriente-vienen-a-santa-maria-del-mar","status":"publish","type":"post","link":"https:\/\/smaria.salou.arqtgn.cat\/es\/los-reyes-de-oriente-vienen-a-santa-maria-del-mar\/","title":{"rendered":"Los Reyes de Oriente vienen a Santa Maria del Mar"},"content":{"rendered":"<p style=\"text-align: justify\"><a href=\"http:\/\/smaria.salou.arqtgn.cat\/wp-content\/uploads\/sites\/10\/2023\/01\/reis.jpg\" target=\"_blank\" rel=\"noopener\"><img loading=\"lazy\" decoding=\"async\" class=\"alignnone wp-image-19097 size-full\" src=\"http:\/\/smaria.salou.arqtgn.cat\/wp-content\/uploads\/sites\/10\/2023\/01\/reis.jpg\" alt=\"\" width=\"800\" height=\"526\" srcset=\"https:\/\/smaria.salou.arqtgn.cat\/wp-content\/uploads\/sites\/10\/2023\/01\/reis.jpg 800w, https:\/\/smaria.salou.arqtgn.cat\/wp-content\/uploads\/sites\/10\/2023\/01\/reis-300x197.jpg 300w, https:\/\/smaria.salou.arqtgn.cat\/wp-content\/uploads\/sites\/10\/2023\/01\/reis-768x505.jpg 768w, https:\/\/smaria.salou.arqtgn.cat\/wp-content\/uploads\/sites\/10\/2023\/01\/reis-560x368.jpg 560w\" sizes=\"auto, (max-width: 800px) 100vw, 800px\" \/><\/a><\/p>\n<p style=\"text-align: justify\">Como cada a\u00f1o y que ya es una tradici\u00f3n en nuestra parroquia, Sus Majestades el Reyes Magos, pese a estar cansados de estar toda la noche repartiendo regalos, y antes de volver a su pa\u00eds, pasaron por Santa Mar\u00eda del Mar para entregar a los ni\u00f1os y ni\u00f1as de las familias de C\u00e1ritas los regalos que hab\u00edan pedido por carta.<\/p>\n<p style=\"text-align: justify\">Acompa\u00f1ados por los pajes reales, adoraron al Ni\u00f1o Jes\u00fas en la iglesia donde fue recibido por Mn. Santi, para pasar despu\u00e9s a la carpa montada en el pat\u00edn, donde dio uno a uno, a las 72 familias, los regalos para los ni\u00f1os. exhort\u00e1ndoles a que sean buenos, no s\u00f3lo por tener regalos, sino por hacer felices a los dem\u00e1s.<\/p>\n","protected":false},"excerpt":{"rendered":"<p>Como cada a\u00f1o y que ya es una tradici\u00f3n en nuestra parroquia, Sus Majestades el Reyes Magos, pese a estar cansados de estar toda la noche repartiendo regalos, y antes de volver a su pa\u00eds, pasaron por Santa Mar\u00eda del Mar para entregar a los ni\u00f1os y ni\u00f1as de las familias de C\u00e1ritas los regalos &hellip; <\/p>\n<p><a class=\"more-link btn\" href=\"https:\/\/smaria.salou.arqtgn.cat\/es\/los-reyes-de-oriente-vienen-a-santa-maria-del-mar\/\">Seguir leyendo<\/a><\/p>\n","protected":false},"author":11,"featured_media":0,"comment_status":"closed","ping_status":"closed","sticky":false,"template":"","format":"standard","meta":{"footnotes":""},"categories":[57,64],"tags":[],"class_list":["post-19101","post","type-post","status-publish","format-standard","hentry","category-caritas-interparroquial-es-2","category-vida-parroquial-es","item-wrap"],"amp_enabled":true,"_links":{"self":[{"href":"https:\/\/smaria.salou.arqtgn.cat\/es\/wp-json\/wp\/v2\/posts\/19101","targetHints":{"allow":["GET"]}}],"collection":[{"href":"https:\/\/smaria.salou.arqtgn.cat\/es\/wp-json\/wp\/v2\/posts"}],"about":[{"href":"https:\/\/smaria.salou.arqtgn.cat\/es\/wp-json\/wp\/v2\/types\/post"}],"author":[{"embeddable":true,"href":"https:\/\/smaria.salou.arqtgn.cat\/es\/wp-json\/wp\/v2\/users\/11"}],"replies":[{"embeddable":true,"href":"https:\/\/smaria.salou.arqtgn.cat\/es\/wp-json\/wp\/v2\/comments?post=19101"}],"version-history":[{"count":1,"href":"https:\/\/smaria.salou.arqtgn.cat\/es\/wp-json\/wp\/v2\/posts\/19101\/revisions"}],"predecessor-version":[{"id":19102,"href":"https:\/\/smaria.salou.arqtgn.cat\/es\/wp-json\/wp\/v2\/posts\/19101\/revisions\/19102"}],"wp:attachment":[{"href":"https:\/\/smaria.salou.arqtgn.cat\/es\/wp-json\/wp\/v2\/media?parent=19101"}],"wp:term":[{"taxonomy":"category","embeddable":true,"href":"https:\/\/smaria.salou.arqtgn.cat\/es\/wp-json\/wp\/v2\/categories?post=19101"},{"taxonomy":"post_tag","embeddable":true,"href":"https:\/\/smaria.salou.arqtgn.cat\/es\/wp-json\/wp\/v2\/tags?post=19101"}],"curies":[{"name":"wp","href":"https:\/\/api.w.org\/{rel}","templated":true}]}}