{"id":18202,"date":"2022-08-18T08:17:16","date_gmt":"2022-08-18T06:17:16","guid":{"rendered":"http:\/\/smaria.salou.arqtgn.cat\/?p=18202"},"modified":"2022-08-20T08:19:22","modified_gmt":"2022-08-20T06:19:22","slug":"la-fiesta-de-la-patrona-de-nuestra-parroquia-santa-maria-del-mar","status":"publish","type":"post","link":"https:\/\/smaria.salou.arqtgn.cat\/es\/la-fiesta-de-la-patrona-de-nuestra-parroquia-santa-maria-del-mar\/","title":{"rendered":"La fiesta de la patrona de nuestra parroquia, Santa Maria del Mar"},"content":{"rendered":"<div id=\"attachment_18189\" style=\"width: 2560px\" class=\"wp-caption aligncenter\"><a href=\"https:\/\/photos.app.goo.gl\/zsKJ59Ygsjf6tUSFA\" target=\"_blank\" rel=\"noopener\"><img loading=\"lazy\" decoding=\"async\" aria-describedby=\"caption-attachment-18189\" class=\"wp-image-18190 size-full\" src=\"http:\/\/smaria.salou.arqtgn.cat\/wp-content\/uploads\/sites\/10\/2022\/08\/220815_Festa_Santa_Maria_del_Marr-scaled.jpg\" alt=\"\" width=\"2560\" height=\"1600\" srcset=\"https:\/\/smaria.salou.arqtgn.cat\/wp-content\/uploads\/sites\/10\/2022\/08\/220815_Festa_Santa_Maria_del_Marr-scaled.jpg 2560w, https:\/\/smaria.salou.arqtgn.cat\/wp-content\/uploads\/sites\/10\/2022\/08\/220815_Festa_Santa_Maria_del_Marr-300x188.jpg 300w, https:\/\/smaria.salou.arqtgn.cat\/wp-content\/uploads\/sites\/10\/2022\/08\/220815_Festa_Santa_Maria_del_Marr-1024x640.jpg 1024w, https:\/\/smaria.salou.arqtgn.cat\/wp-content\/uploads\/sites\/10\/2022\/08\/220815_Festa_Santa_Maria_del_Marr-768x480.jpg 768w, https:\/\/smaria.salou.arqtgn.cat\/wp-content\/uploads\/sites\/10\/2022\/08\/220815_Festa_Santa_Maria_del_Marr-1536x960.jpg 1536w, https:\/\/smaria.salou.arqtgn.cat\/wp-content\/uploads\/sites\/10\/2022\/08\/220815_Festa_Santa_Maria_del_Marr-2048x1280.jpg 2048w, https:\/\/smaria.salou.arqtgn.cat\/wp-content\/uploads\/sites\/10\/2022\/08\/220815_Festa_Santa_Maria_del_Marr-756x473.jpg 756w\" sizes=\"auto, (max-width: 2560px) 100vw, 2560px\" \/><\/a><p id=\"caption-attachment-18189\" class=\"wp-caption-text\">Ver la galer\u00eda de fotos<\/p><\/div>\n<p>Despu\u00e9s de dos a\u00f1os de no poder celebrar solemnemente la fiesta de Santa Mar\u00eda del Mar, la patrona de nuestra parroquia y de Salou, este lunes pasado, solemnidad de la Asunci\u00f3n, pudimos hacerlo como los a\u00f1os antes de la pandemia .<\/p>\n<p>Como es tradici\u00f3n, la misa solemne convoc\u00f3 y llen\u00f3 la iglesia. Por primera vez en muchos a\u00f1os, la Eucarist\u00eda fue concelebrada por todo el equipo completo de la parroquia, Mn. Santi, Mn. Jordi, Mn. Josep M. y Mn. Andr\u00e9s.<\/p>\n<p>La celebraci\u00f3n, bien adornada con monaguillos, comenz\u00f3 con una interesante intervenci\u00f3n de Fernando Ruiz, donde situ\u00f3 la parroquia y la fiesta en el contexto hist\u00f3rico y social de la ciudad de Salou. Mn. Jordi Vila, vicario de la parroquia, hizo una curiosa predicaci\u00f3n. Los monaguillos asistieron a los sacerdotes a la vez que participaron con la liturgia de la Palabra y las oraciones.<\/p>\n<p>Una vez terminada la solemne Eucarist\u00eda, la Virgen Mar\u00eda pas\u00f3 a manos de los pescadores, que la despegaron, este a\u00f1o sin sorpresa alguna, para iniciar la procesi\u00f3n mar\u00edtima y de los fuegos.<\/p>\n<p>Damos gracias a Dios poder volver a celebrar la fiesta con toda normalidad y oremos por aquellos que durante estos a\u00f1os de pandemia nos han dejado para ir a la casa del Padre.<\/p>\n<p>Aqu\u00ed abajo tiene el reportaje gr\u00e1fico de la fiesta.<\/p>\n\n\t\t<style type=\"text\/css\">\n\t\t\t#gallery-1 {\n\t\t\t\tmargin: auto;\n\t\t\t}\n\t\t\t#gallery-1 .gallery-item {\n\t\t\t\tfloat: left;\n\t\t\t\tmargin-top: 10px;\n\t\t\t\ttext-align: center;\n\t\t\t\twidth: 33%;\n\t\t\t}\n\t\t\t#gallery-1 img {\n\t\t\t\tborder: 2px solid #cfcfcf;\n\t\t\t}\n\t\t\t#gallery-1 .gallery-caption {\n\t\t\t\tmargin-left: 0;\n\t\t\t}\n\t\t\t\/* see gallery_shortcode() in wp-includes\/media.php *\/\n\t\t<\/style>\n\t\t<div id='gallery-1' class='gallery galleryid-18202 gallery-columns-3 gallery-size-thumbnail'><dl class='gallery-item'>\n\t\t\t<dt class='gallery-icon landscape'>\n\t\t\t\t<a href='https:\/\/smaria.salou.arqtgn.cat\/es\/la-fiesta-de-la-patrona-de-nuestra-parroquia-santa-maria-del-mar\/220815_festa_santa_maria_del_marr-25-2\/'><img loading=\"lazy\" decoding=\"async\" width=\"150\" height=\"150\" src=\"https:\/\/smaria.salou.arqtgn.cat\/wp-content\/uploads\/sites\/10\/2022\/08\/220815_Festa_Santa_Maria_del_Marr.25-150x150.jpeg\" class=\"attachment-thumbnail size-thumbnail\" alt=\"\" \/><\/a>\n\t\t\t<\/dt><\/dl><dl class='gallery-item'>\n\t\t\t<dt class='gallery-icon landscape'>\n\t\t\t\t<a href='https:\/\/smaria.salou.arqtgn.cat\/es\/la-fiesta-de-la-patrona-de-nuestra-parroquia-santa-maria-del-mar\/220815_festa_santa_maria_del_marr-52-2\/'><img loading=\"lazy\" decoding=\"async\" width=\"150\" height=\"150\" src=\"https:\/\/smaria.salou.arqtgn.cat\/wp-content\/uploads\/sites\/10\/2022\/08\/220815_Festa_Santa_Maria_del_Marr.52-150x150.jpeg\" class=\"attachment-thumbnail size-thumbnail\" alt=\"\" \/><\/a>\n\t\t\t<\/dt><\/dl><dl class='gallery-item'>\n\t\t\t<dt class='gallery-icon landscape'>\n\t\t\t\t<a href='https:\/\/smaria.salou.arqtgn.cat\/es\/la-fiesta-de-la-patrona-de-nuestra-parroquia-santa-maria-del-mar\/220815_festa_santa_maria_del_marr-53-2\/'><img loading=\"lazy\" decoding=\"async\" width=\"150\" height=\"150\" src=\"https:\/\/smaria.salou.arqtgn.cat\/wp-content\/uploads\/sites\/10\/2022\/08\/220815_Festa_Santa_Maria_del_Marr.53-150x150.jpeg\" class=\"attachment-thumbnail size-thumbnail\" alt=\"\" \/><\/a>\n\t\t\t<\/dt><\/dl><br style=\"clear: both\" \/><dl class='gallery-item'>\n\t\t\t<dt class='gallery-icon landscape'>\n\t\t\t\t<a href='https:\/\/smaria.salou.arqtgn.cat\/es\/la-fiesta-de-la-patrona-de-nuestra-parroquia-santa-maria-del-mar\/220815_festa_santa_maria_del_marr-55-2\/'><img loading=\"lazy\" decoding=\"async\" width=\"150\" height=\"150\" src=\"https:\/\/smaria.salou.arqtgn.cat\/wp-content\/uploads\/sites\/10\/2022\/08\/220815_Festa_Santa_Maria_del_Marr.55-150x150.jpeg\" class=\"attachment-thumbnail size-thumbnail\" alt=\"\" \/><\/a>\n\t\t\t<\/dt><\/dl><dl class='gallery-item'>\n\t\t\t<dt class='gallery-icon landscape'>\n\t\t\t\t<a href='https:\/\/smaria.salou.arqtgn.cat\/es\/la-fiesta-de-la-patrona-de-nuestra-parroquia-santa-maria-del-mar\/220815_festa_santa_maria_del_marr-57-2\/'><img loading=\"lazy\" decoding=\"async\" width=\"150\" height=\"150\" src=\"https:\/\/smaria.salou.arqtgn.cat\/wp-content\/uploads\/sites\/10\/2022\/08\/220815_Festa_Santa_Maria_del_Marr.57-150x150.jpeg\" class=\"attachment-thumbnail size-thumbnail\" alt=\"\" \/><\/a>\n\t\t\t<\/dt><\/dl><dl class='gallery-item'>\n\t\t\t<dt class='gallery-icon landscape'>\n\t\t\t\t<a href='https:\/\/smaria.salou.arqtgn.cat\/es\/la-fiesta-de-la-patrona-de-nuestra-parroquia-santa-maria-del-mar\/220815_festa_santa_maria_del_marr-22-2\/'><img loading=\"lazy\" decoding=\"async\" width=\"150\" height=\"150\" src=\"https:\/\/smaria.salou.arqtgn.cat\/wp-content\/uploads\/sites\/10\/2022\/08\/220815_Festa_Santa_Maria_del_Marr.22-150x150.jpeg\" class=\"attachment-thumbnail size-thumbnail\" alt=\"\" \/><\/a>\n\t\t\t<\/dt><\/dl><br style=\"clear: both\" \/><dl class='gallery-item'>\n\t\t\t<dt class='gallery-icon landscape'>\n\t\t\t\t<a href='https:\/\/smaria.salou.arqtgn.cat\/es\/la-fiesta-de-la-patrona-de-nuestra-parroquia-santa-maria-del-mar\/220815_festa_santa_maria_del_marr-01-2\/'><img loading=\"lazy\" decoding=\"async\" width=\"150\" height=\"150\" src=\"https:\/\/smaria.salou.arqtgn.cat\/wp-content\/uploads\/sites\/10\/2022\/08\/220815_Festa_Santa_Maria_del_Marr.01-150x150.jpeg\" class=\"attachment-thumbnail size-thumbnail\" alt=\"\" \/><\/a>\n\t\t\t<\/dt><\/dl><dl class='gallery-item'>\n\t\t\t<dt class='gallery-icon landscape'>\n\t\t\t\t<a href='https:\/\/smaria.salou.arqtgn.cat\/es\/la-fiesta-de-la-patrona-de-nuestra-parroquia-santa-maria-del-mar\/220815_festa_santa_maria_del_marr-04-2\/'><img loading=\"lazy\" decoding=\"async\" width=\"150\" height=\"150\" src=\"https:\/\/smaria.salou.arqtgn.cat\/wp-content\/uploads\/sites\/10\/2022\/08\/220815_Festa_Santa_Maria_del_Marr.04-150x150.jpeg\" class=\"attachment-thumbnail size-thumbnail\" alt=\"\" \/><\/a>\n\t\t\t<\/dt><\/dl><dl class='gallery-item'>\n\t\t\t<dt class='gallery-icon landscape'>\n\t\t\t\t<a href='https:\/\/smaria.salou.arqtgn.cat\/es\/la-fiesta-de-la-patrona-de-nuestra-parroquia-santa-maria-del-mar\/220815_festa_santa_maria_del_marr-07-2\/'><img loading=\"lazy\" decoding=\"async\" width=\"150\" height=\"150\" src=\"https:\/\/smaria.salou.arqtgn.cat\/wp-content\/uploads\/sites\/10\/2022\/08\/220815_Festa_Santa_Maria_del_Marr.07-150x150.jpeg\" class=\"attachment-thumbnail size-thumbnail\" alt=\"\" \/><\/a>\n\t\t\t<\/dt><\/dl><br style=\"clear: both\" \/><dl class='gallery-item'>\n\t\t\t<dt class='gallery-icon landscape'>\n\t\t\t\t<a href='https:\/\/smaria.salou.arqtgn.cat\/es\/la-fiesta-de-la-patrona-de-nuestra-parroquia-santa-maria-del-mar\/220815_festa_santa_maria_del_marr-08-2\/'><img loading=\"lazy\" decoding=\"async\" width=\"150\" height=\"150\" src=\"https:\/\/smaria.salou.arqtgn.cat\/wp-content\/uploads\/sites\/10\/2022\/08\/220815_Festa_Santa_Maria_del_Marr.08-150x150.jpeg\" class=\"attachment-thumbnail size-thumbnail\" alt=\"\" \/><\/a>\n\t\t\t<\/dt><\/dl><dl class='gallery-item'>\n\t\t\t<dt class='gallery-icon landscape'>\n\t\t\t\t<a href='https:\/\/smaria.salou.arqtgn.cat\/es\/la-fiesta-de-la-patrona-de-nuestra-parroquia-santa-maria-del-mar\/220815_festa_santa_maria_del_marr-59-2\/'><img loading=\"lazy\" decoding=\"async\" width=\"150\" height=\"150\" src=\"https:\/\/smaria.salou.arqtgn.cat\/wp-content\/uploads\/sites\/10\/2022\/08\/220815_Festa_Santa_Maria_del_Marr.59-150x150.jpeg\" class=\"attachment-thumbnail size-thumbnail\" alt=\"\" \/><\/a>\n\t\t\t<\/dt><\/dl><dl class='gallery-item'>\n\t\t\t<dt class='gallery-icon landscape'>\n\t\t\t\t<a href='https:\/\/smaria.salou.arqtgn.cat\/es\/la-fiesta-de-la-patrona-de-nuestra-parroquia-santa-maria-del-mar\/220815_festa_santa_maria_del_marr-13-2\/'><img loading=\"lazy\" decoding=\"async\" width=\"150\" height=\"150\" src=\"https:\/\/smaria.salou.arqtgn.cat\/wp-content\/uploads\/sites\/10\/2022\/08\/220815_Festa_Santa_Maria_del_Marr.13-150x150.jpeg\" class=\"attachment-thumbnail size-thumbnail\" alt=\"\" \/><\/a>\n\t\t\t<\/dt><\/dl><br style=\"clear: both\" \/><dl class='gallery-item'>\n\t\t\t<dt class='gallery-icon landscape'>\n\t\t\t\t<a href='https:\/\/smaria.salou.arqtgn.cat\/es\/la-fiesta-de-la-patrona-de-nuestra-parroquia-santa-maria-del-mar\/220815_festa_santa_maria_del_marr-10-2\/'><img loading=\"lazy\" decoding=\"async\" width=\"150\" height=\"150\" src=\"https:\/\/smaria.salou.arqtgn.cat\/wp-content\/uploads\/sites\/10\/2022\/08\/220815_Festa_Santa_Maria_del_Marr.10-150x150.jpeg\" class=\"attachment-thumbnail size-thumbnail\" alt=\"\" \/><\/a>\n\t\t\t<\/dt><\/dl><dl class='gallery-item'>\n\t\t\t<dt class='gallery-icon landscape'>\n\t\t\t\t<a href='https:\/\/smaria.salou.arqtgn.cat\/es\/la-fiesta-de-la-patrona-de-nuestra-parroquia-santa-maria-del-mar\/220815_festa_santa_maria_del_marr-11-2\/'><img loading=\"lazy\" decoding=\"async\" width=\"150\" height=\"150\" src=\"https:\/\/smaria.salou.arqtgn.cat\/wp-content\/uploads\/sites\/10\/2022\/08\/220815_Festa_Santa_Maria_del_Marr.11-150x150.jpeg\" class=\"attachment-thumbnail size-thumbnail\" alt=\"\" \/><\/a>\n\t\t\t<\/dt><\/dl><dl class='gallery-item'>\n\t\t\t<dt class='gallery-icon landscape'>\n\t\t\t\t<a href='https:\/\/smaria.salou.arqtgn.cat\/es\/la-fiesta-de-la-patrona-de-nuestra-parroquia-santa-maria-del-mar\/220815_festa_santa_maria_del_marr-15-2\/'><img loading=\"lazy\" decoding=\"async\" width=\"150\" height=\"150\" src=\"https:\/\/smaria.salou.arqtgn.cat\/wp-content\/uploads\/sites\/10\/2022\/08\/220815_Festa_Santa_Maria_del_Marr.15-150x150.jpeg\" class=\"attachment-thumbnail size-thumbnail\" alt=\"\" \/><\/a>\n\t\t\t<\/dt><\/dl><br style=\"clear: both\" \/><dl class='gallery-item'>\n\t\t\t<dt class='gallery-icon landscape'>\n\t\t\t\t<a href='https:\/\/smaria.salou.arqtgn.cat\/es\/la-fiesta-de-la-patrona-de-nuestra-parroquia-santa-maria-del-mar\/220815_festa_santa_maria_del_marr-18-2\/'><img loading=\"lazy\" decoding=\"async\" width=\"150\" height=\"150\" src=\"https:\/\/smaria.salou.arqtgn.cat\/wp-content\/uploads\/sites\/10\/2022\/08\/220815_Festa_Santa_Maria_del_Marr.18-150x150.jpeg\" class=\"attachment-thumbnail size-thumbnail\" alt=\"\" \/><\/a>\n\t\t\t<\/dt><\/dl><dl class='gallery-item'>\n\t\t\t<dt class='gallery-icon landscape'>\n\t\t\t\t<a href='https:\/\/smaria.salou.arqtgn.cat\/es\/la-fiesta-de-la-patrona-de-nuestra-parroquia-santa-maria-del-mar\/220815_festa_santa_maria_del_marr-15-2-2\/'><img loading=\"lazy\" decoding=\"async\" width=\"150\" height=\"150\" src=\"https:\/\/smaria.salou.arqtgn.cat\/wp-content\/uploads\/sites\/10\/2022\/08\/220815_Festa_Santa_Maria_del_Marr.15-2-150x150.jpeg\" class=\"attachment-thumbnail size-thumbnail\" alt=\"\" \/><\/a>\n\t\t\t<\/dt><\/dl><dl class='gallery-item'>\n\t\t\t<dt class='gallery-icon landscape'>\n\t\t\t\t<a href='https:\/\/smaria.salou.arqtgn.cat\/es\/la-fiesta-de-la-patrona-de-nuestra-parroquia-santa-maria-del-mar\/220815_festa_santa_maria_del_marr-17-2\/'><img loading=\"lazy\" decoding=\"async\" width=\"150\" height=\"150\" src=\"https:\/\/smaria.salou.arqtgn.cat\/wp-content\/uploads\/sites\/10\/2022\/08\/220815_Festa_Santa_Maria_del_Marr.17-150x150.jpeg\" class=\"attachment-thumbnail size-thumbnail\" alt=\"\" \/><\/a>\n\t\t\t<\/dt><\/dl><br style=\"clear: both\" \/><dl class='gallery-item'>\n\t\t\t<dt class='gallery-icon landscape'>\n\t\t\t\t<a href='https:\/\/smaria.salou.arqtgn.cat\/es\/la-fiesta-de-la-patrona-de-nuestra-parroquia-santa-maria-del-mar\/220815_festa_santa_maria_del_marr-001-2\/'><img loading=\"lazy\" decoding=\"async\" width=\"150\" height=\"150\" src=\"https:\/\/smaria.salou.arqtgn.cat\/wp-content\/uploads\/sites\/10\/2022\/08\/220815_Festa_Santa_Maria_del_Marr-001-150x150.jpg\" class=\"attachment-thumbnail size-thumbnail\" alt=\"\" \/><\/a>\n\t\t\t<\/dt><\/dl><dl class='gallery-item'>\n\t\t\t<dt class='gallery-icon landscape'>\n\t\t\t\t<a href='https:\/\/smaria.salou.arqtgn.cat\/es\/la-fiesta-de-la-patrona-de-nuestra-parroquia-santa-maria-del-mar\/220815_festa_santa_maria_del_marr-43-2\/'><img loading=\"lazy\" decoding=\"async\" width=\"150\" height=\"150\" src=\"https:\/\/smaria.salou.arqtgn.cat\/wp-content\/uploads\/sites\/10\/2022\/08\/220815_Festa_Santa_Maria_del_Marr.43-150x150.jpeg\" class=\"attachment-thumbnail size-thumbnail\" alt=\"\" \/><\/a>\n\t\t\t<\/dt><\/dl><dl class='gallery-item'>\n\t\t\t<dt class='gallery-icon portrait'>\n\t\t\t\t<a href='https:\/\/smaria.salou.arqtgn.cat\/es\/la-fiesta-de-la-patrona-de-nuestra-parroquia-santa-maria-del-mar\/220815_festa_santa_maria_del_marr-44-2\/'><img loading=\"lazy\" decoding=\"async\" width=\"150\" height=\"150\" src=\"https:\/\/smaria.salou.arqtgn.cat\/wp-content\/uploads\/sites\/10\/2022\/08\/220815_Festa_Santa_Maria_del_Marr.44-150x150.jpeg\" class=\"attachment-thumbnail size-thumbnail\" alt=\"\" \/><\/a>\n\t\t\t<\/dt><\/dl><br style=\"clear: both\" \/><dl class='gallery-item'>\n\t\t\t<dt class='gallery-icon portrait'>\n\t\t\t\t<a href='https:\/\/smaria.salou.arqtgn.cat\/es\/la-fiesta-de-la-patrona-de-nuestra-parroquia-santa-maria-del-mar\/220815_festa_santa_maria_del_marr-44-2-1-2\/'><img loading=\"lazy\" decoding=\"async\" width=\"150\" height=\"150\" src=\"https:\/\/smaria.salou.arqtgn.cat\/wp-content\/uploads\/sites\/10\/2022\/08\/220815_Festa_Santa_Maria_del_Marr.44-2-1-150x150.jpeg\" class=\"attachment-thumbnail size-thumbnail\" alt=\"\" \/><\/a>\n\t\t\t<\/dt><\/dl><dl class='gallery-item'>\n\t\t\t<dt class='gallery-icon landscape'>\n\t\t\t\t<a href='https:\/\/smaria.salou.arqtgn.cat\/es\/la-fiesta-de-la-patrona-de-nuestra-parroquia-santa-maria-del-mar\/220815_festa_santa_maria_del_marr-002-2\/'><img loading=\"lazy\" decoding=\"async\" width=\"150\" height=\"150\" src=\"https:\/\/smaria.salou.arqtgn.cat\/wp-content\/uploads\/sites\/10\/2022\/08\/220815_Festa_Santa_Maria_del_Marr-002-150x150.jpg\" class=\"attachment-thumbnail size-thumbnail\" alt=\"\" \/><\/a>\n\t\t\t<\/dt><\/dl><dl class='gallery-item'>\n\t\t\t<dt class='gallery-icon landscape'>\n\t\t\t\t<a href='https:\/\/smaria.salou.arqtgn.cat\/es\/la-fiesta-de-la-patrona-de-nuestra-parroquia-santa-maria-del-mar\/220815_festa_santa_maria_del_marr-16-2\/'><img loading=\"lazy\" decoding=\"async\" width=\"150\" height=\"150\" src=\"https:\/\/smaria.salou.arqtgn.cat\/wp-content\/uploads\/sites\/10\/2022\/08\/220815_Festa_Santa_Maria_del_Marr.16-150x150.jpeg\" class=\"attachment-thumbnail size-thumbnail\" alt=\"\" \/><\/a>\n\t\t\t<\/dt><\/dl><br style=\"clear: both\" \/><dl class='gallery-item'>\n\t\t\t<dt class='gallery-icon landscape'>\n\t\t\t\t<a href='https:\/\/smaria.salou.arqtgn.cat\/es\/la-fiesta-de-la-patrona-de-nuestra-parroquia-santa-maria-del-mar\/220815_festa_santa_maria_del_marr-003-2\/'><img loading=\"lazy\" decoding=\"async\" width=\"150\" height=\"150\" src=\"https:\/\/smaria.salou.arqtgn.cat\/wp-content\/uploads\/sites\/10\/2022\/08\/220815_Festa_Santa_Maria_del_Marr-003-150x150.jpg\" class=\"attachment-thumbnail size-thumbnail\" alt=\"\" \/><\/a>\n\t\t\t<\/dt><\/dl><dl class='gallery-item'>\n\t\t\t<dt class='gallery-icon landscape'>\n\t\t\t\t<a href='https:\/\/smaria.salou.arqtgn.cat\/es\/la-fiesta-de-la-patrona-de-nuestra-parroquia-santa-maria-del-mar\/220815_festa_santa_maria_del_marr-004-2\/'><img loading=\"lazy\" decoding=\"async\" width=\"150\" height=\"150\" src=\"https:\/\/smaria.salou.arqtgn.cat\/wp-content\/uploads\/sites\/10\/2022\/08\/220815_Festa_Santa_Maria_del_Marr-004-150x150.jpg\" class=\"attachment-thumbnail size-thumbnail\" alt=\"\" \/><\/a>\n\t\t\t<\/dt><\/dl>\n\t\t\t<br style='clear: both' \/>\n\t\t<\/div>\n\n","protected":false},"excerpt":{"rendered":"<p>Despu\u00e9s de dos a\u00f1os de no poder celebrar solemnemente la fiesta de Santa Mar\u00eda del Mar, la patrona de nuestra parroquia y de Salou, este lunes pasado, solemnidad de la Asunci\u00f3n, pudimos hacerlo como los a\u00f1os antes de la pandemia . Como es tradici\u00f3n, la misa solemne convoc\u00f3 y llen\u00f3 la iglesia. Por primera vez &hellip; <\/p>\n<p><a class=\"more-link btn\" href=\"https:\/\/smaria.salou.arqtgn.cat\/es\/la-fiesta-de-la-patrona-de-nuestra-parroquia-santa-maria-del-mar\/\">Seguir leyendo<\/a><\/p>\n","protected":false},"author":11,"featured_media":0,"comment_status":"closed","ping_status":"closed","sticky":false,"template":"","format":"standard","meta":{"footnotes":""},"categories":[56,64],"tags":[],"class_list":["post-18202","post","type-post","status-publish","format-standard","hentry","category-actualitat-es","category-vida-parroquial-es","item-wrap"],"amp_enabled":true,"_links":{"self":[{"href":"https:\/\/smaria.salou.arqtgn.cat\/es\/wp-json\/wp\/v2\/posts\/18202","targetHints":{"allow":["GET"]}}],"collection":[{"href":"https:\/\/smaria.salou.arqtgn.cat\/es\/wp-json\/wp\/v2\/posts"}],"about":[{"href":"https:\/\/smaria.salou.arqtgn.cat\/es\/wp-json\/wp\/v2\/types\/post"}],"author":[{"embeddable":true,"href":"https:\/\/smaria.salou.arqtgn.cat\/es\/wp-json\/wp\/v2\/users\/11"}],"replies":[{"embeddable":true,"href":"https:\/\/smaria.salou.arqtgn.cat\/es\/wp-json\/wp\/v2\/comments?post=18202"}],"version-history":[{"count":1,"href":"https:\/\/smaria.salou.arqtgn.cat\/es\/wp-json\/wp\/v2\/posts\/18202\/revisions"}],"predecessor-version":[{"id":18203,"href":"https:\/\/smaria.salou.arqtgn.cat\/es\/wp-json\/wp\/v2\/posts\/18202\/revisions\/18203"}],"wp:attachment":[{"href":"https:\/\/smaria.salou.arqtgn.cat\/es\/wp-json\/wp\/v2\/media?parent=18202"}],"wp:term":[{"taxonomy":"category","embeddable":true,"href":"https:\/\/smaria.salou.arqtgn.cat\/es\/wp-json\/wp\/v2\/categories?post=18202"},{"taxonomy":"post_tag","embeddable":true,"href":"https:\/\/smaria.salou.arqtgn.cat\/es\/wp-json\/wp\/v2\/tags?post=18202"}],"curies":[{"name":"wp","href":"https:\/\/api.w.org\/{rel}","templated":true}]}}