{"id":18132,"date":"2022-08-19T15:56:35","date_gmt":"2022-08-19T13:56:35","guid":{"rendered":"http:\/\/smaria.salou.arqtgn.cat\/?p=18132"},"modified":"2022-08-20T12:05:35","modified_gmt":"2022-08-20T10:05:35","slug":"xxi-domingo-del-tiempo-ordinario-c-2022","status":"publish","type":"post","link":"https:\/\/smaria.salou.arqtgn.cat\/es\/xxi-domingo-del-tiempo-ordinario-c-2022\/","title":{"rendered":"XXI DOMINGO del tiempo ordinario \/ C \/ 2022"},"content":{"rendered":"<table style=\"height: 10px;width: 97.3345%\">\n<tbody>\n<tr style=\"height: 256px\">\n<td style=\"height: 10px;width: 29.811%\">\n<p><div id=\"attachment_18125\" style=\"width: 267px\" class=\"wp-caption aligncenter\"><a href=\"https:\/\/www.arquebisbattarragona.cat\/lectures\/?lang=es#1643214212467-7a63a229-4853\" target=\"_blank\" rel=\"noopener\"><img loading=\"lazy\" decoding=\"async\" aria-describedby=\"caption-attachment-18125\" class=\"wp-image-18126\" src=\"http:\/\/smaria.salou.arqtgn.cat\/wp-content\/uploads\/sites\/10\/2022\/08\/darrers_primers.jpg\" alt=\"\" width=\"267\" height=\"175\" srcset=\"https:\/\/smaria.salou.arqtgn.cat\/wp-content\/uploads\/sites\/10\/2022\/08\/darrers_primers.jpg 400w, https:\/\/smaria.salou.arqtgn.cat\/wp-content\/uploads\/sites\/10\/2022\/08\/darrers_primers-300x197.jpg 300w\" sizes=\"auto, (max-width: 267px) 100vw, 267px\" \/><\/a><p id=\"caption-attachment-18125\" class=\"wp-caption-text\">Leer la Palabra de Dios<\/p><\/div><\/td>\n<td style=\"width: 22.7913%;text-align: center\">\n<div class=\"mceTemp\"><\/div>\n<p><a href=\"https:\/\/publicaciocorreu.arqtgn.cat\/archive\/cIgoHrfcMY\/tFzAyxtoeC\/MaWacsIfOB\" target=\"_blank\" rel=\"noopener\"><img loading=\"lazy\" decoding=\"async\" class=\"aligncenter wp-image-17297 size-full\" src=\"http:\/\/smaria.salou.arqtgn.cat\/wp-content\/uploads\/sites\/10\/2022\/02\/logo_agrupacio.jpg\" alt=\"\" width=\"382\" height=\"359\" srcset=\"https:\/\/smaria.salou.arqtgn.cat\/wp-content\/uploads\/sites\/10\/2022\/02\/logo_agrupacio.jpg 382w, https:\/\/smaria.salou.arqtgn.cat\/wp-content\/uploads\/sites\/10\/2022\/02\/logo_agrupacio-300x282.jpg 300w\" sizes=\"auto, (max-width: 382px) 100vw, 382px\" \/><\/a><\/p>\n<p><span style=\"color: #800000\"><strong>Butllet\u00ed Full Parroquial<\/strong><\/span><\/td>\n<td style=\"height: 10px;width: 22.7913%;text-align: center\">\n<p><div id=\"attachment_14542\" style=\"width: 243px\" class=\"wp-caption aligncenter\"><a href=\"http:\/\/hemeroteca.arqtgn.cat\/bitstream\/123456789\/13292\/1\/fd3780.pdf\" target=\"_blank\" rel=\"noopener noreferrer\"><img loading=\"lazy\" decoding=\"async\" aria-describedby=\"caption-attachment-14542\" class=\"wp-image-14542\" src=\"http:\/\/smaria.salou.arqtgn.cat\/wp-content\/uploads\/sites\/10\/2021\/01\/full_es.jpg\" alt=\"\" width=\"243\" height=\"143\" srcset=\"https:\/\/smaria.salou.arqtgn.cat\/wp-content\/uploads\/sites\/10\/2021\/01\/full_es.jpg 400w, https:\/\/smaria.salou.arqtgn.cat\/wp-content\/uploads\/sites\/10\/2021\/01\/full_es-300x176.jpg 300w\" sizes=\"auto, (max-width: 243px) 100vw, 243px\" \/><\/a><p id=\"caption-attachment-14542\" class=\"wp-caption-text\">Leer la Hoja Dominical<\/p><\/div><\/td>\n<\/tr>\n<\/tbody>\n<\/table>\n<p>\u200b<\/p>\n<h4><span style=\"color: #1c70ed\">Una mirada art\u00edstica a l&#8217;Evangeli del Diumenge, un gentilesa de l&#8217;<em>Amadeu Bonet<\/em>, artista.<\/span><\/h4>\n<p><a href=\"https:\/\/upapilarmagdalena.org\/levangeli-des-de-lart-una-mirada-artistica-a-levangeli-del-diumenge-21-dagost-2022-per-amadeu-bonet-i-boldu\/\" target=\"_blank\" rel=\"noopener\"><img loading=\"lazy\" decoding=\"async\" class=\"alignnone\" src=\"https:\/\/upapilarmagdalena.org\/wp-content\/uploads\/2022\/08\/974C301F-EE19-475A-B436-D147255E2726.jpeg\" alt=\"\" width=\"2046\" height=\"2046\" \/><\/a><\/p>\n<p>&nbsp;<\/p>\n<h4><span style=\"color: #800000\"><br \/>\nLectura Espiritual<\/span><\/h4>\n<p><strong>Jes\u00fas con la samaritana en el pozo de Sicar. <em>(Jn 4,5-29)<\/em><br \/>\n<\/strong><\/p>\n<p><strong>Sentarse a solas y en silencio con la propia verdad.<\/strong><\/p>\n<p style=\"text-align: justify\">La escena tiene lugar junto a un pozo, un espacio espiritual muy claro: se trata de entrar en lo m\u00e1s profundo de uno mismo para all\u00ed saciar nuestra sed o anhelo existencial. Cristo es el agua y, curiosamente, es \u00e9l mismo quien la pide. Esto hace a\u00f1icos nuestra habitual imagen de un Dios poderoso y nos sugiere, por contrapartida, que no somos tanto nosotros los que buscamos a Dios cuanto \u00c9l quien nos busca a nosotros, \u00e9l es el Necesitado. Esto es lo esencial para entender el mensaje de Jes\u00fas. De modo que no se ora para ser fuertes sino para ser fr\u00e1giles.<\/p>\n<p style=\"text-align: justify\">Lo que Jes\u00fas pide, por otra parte, es agua. Un Dios que tiene sed. Sede de nosotros. No tanto un Dios fuente (que tambi\u00e9n), sino sobre todo un Dios sediento. Me pregunto no s\u00f3lo cu\u00e1l es mi sed fundamental, sino qu\u00e9 suceder\u00eda si acudi\u00e9ramos al culto religioso no tanto para beber de Dios cuanto para que Dios bebiese de nosotros.<\/p>\n<p style=\"text-align: justify\">Jes\u00fas procura ayudar a la mujer a que salga de su superficialidad: <em>si conocieras el don de Dios.<\/em> Con suma paciencia, Jes\u00fas la va conduciendo para que vaya m\u00e1s all\u00e1 de lo hist\u00f3rico y accidental, para que se centre en las necesidades del alma. Pero, como la mayor\u00eda de nosotros, esta mujer se resiste a ascender al nivel espiritual: <em>si no tienes cubo\u2026<\/em> Solemos estar tan enredados con lo material que dif\u00edcilmente damos el paso a lo espiritual.<\/p>\n<p style=\"text-align: justify\">Algo, sin embargo, ha empezado a moverse, puesto que la mujer saca a colaci\u00f3n el pozo de Jacob, es decir, la sabidur\u00eda de los antepasados. Jes\u00fas avanza poco a poco. Por fin, acorralada y casi insolente, la samaritana no soporta m\u00e1s la tensi\u00f3n: <em>Dame de beber,<\/em> le pide al fin. Dame a Cristo, le est\u00e1 diciendo. \u00a1Por supuesto que no quiero tener sed nunca m\u00e1s! \u00a1Quiero el agua de la vida! Es el momento en que, tras bastantes titubeos, comienza de verdad para esta mujer su camino espiritual. S\u00f3lo cuando el coraz\u00f3n se ablanda pueden abordarse los asuntos personales. Y no puedes tener a Cristo si no saneas tu n\u00facleo afectivo. Si quieres que Cristo entre en tu coraz\u00f3n, preg\u00fantate donde tienes tu coraz\u00f3n.<\/p>\n<p style=\"text-align: justify\">Pero todav\u00eda le queda una resistencia, la \u00faltima de toda b\u00fasqueda espiritual, que siempre es religiosa. La tentaci\u00f3n de la religi\u00f3n es la de quedarse fuera (en los lugares de culto), no tomar la forma como ocasi\u00f3n para saltar al fondo. Incluso en lo religioso y en lo espiritual nos agarramos a lo externo, que es tanto como decir lo m\u00e1gico (puesto que una religi\u00f3n que no est\u00e9 alentada por una fuerza interior queda reducida a magia o folclore).<\/p>\n<p style=\"text-align: justify\">El centro del evangelio, lo esencial nunca es el pueblo o la raza, el libro sagrado o la tradici\u00f3n, sino adorar <em>en esp\u00edritu y verdad<\/em>, es decir, desde lo interior. La oraci\u00f3n contemplativa es, a fin de cuentas, sentarse a solas y en silencio con la propia verdad.<\/p>\n<p style=\"text-align: justify\">La mujer corre a compartir el despertar de su coraz\u00f3n: <em>Venid a ver a un hombre,<\/em> dice a quienes la rodean, y les contagia su iluminaci\u00f3n. Porque si algo nos enamora, por fuerza lo proclamamos a los cuatro vientos. Por una extranjera -\u00e9ste es el mensaje-, por una mujer y adem\u00e1s impura, llega a toda aquella gente la salvaci\u00f3n.<\/p>\n<p style=\"text-align: justify\">Este encuentro entre Jes\u00fas y la samaritana sucede a cada rato en nuestro interior, si es que estamos sedientos y acudimos al pozo. Nosotros somos esa mujer del c\u00e1ntaro vac\u00edo, llena de prejuicios nacionalistas, tradicionalistas y religiosos. Nosotros somos esos extranjeros impuros que tienen agua a su lado y que, ignorantes, discuten en vez de beber.<\/p>\n<p style=\"text-align: right\">\u00a0Pablo d\u2019Ors, <em>Biograf\u00eda de la luz<\/em><\/p>\n","protected":false},"excerpt":{"rendered":"<p>Butllet\u00ed Full Parroquial \u200b Una mirada art\u00edstica a l&#8217;Evangeli del Diumenge, un gentilesa de l&#8217;Amadeu Bonet, artista. &nbsp; Lectura Espiritual Jes\u00fas con la samaritana en el pozo de Sicar. (Jn 4,5-29) Sentarse a solas y en silencio con la propia verdad. La escena tiene lugar junto a un pozo, un espacio espiritual muy claro: se &hellip; <\/p>\n<p><a class=\"more-link btn\" href=\"https:\/\/smaria.salou.arqtgn.cat\/es\/xxi-domingo-del-tiempo-ordinario-c-2022\/\">Seguir leyendo<\/a><\/p>\n","protected":false},"author":11,"featured_media":0,"comment_status":"closed","ping_status":"closed","sticky":false,"template":"","format":"standard","meta":{"footnotes":""},"categories":[52,49],"tags":[],"class_list":["post-18132","post","type-post","status-publish","format-standard","hentry","category-para-reflexionar","category-preparando-el-domingo","item-wrap"],"amp_enabled":true,"_links":{"self":[{"href":"https:\/\/smaria.salou.arqtgn.cat\/es\/wp-json\/wp\/v2\/posts\/18132","targetHints":{"allow":["GET"]}}],"collection":[{"href":"https:\/\/smaria.salou.arqtgn.cat\/es\/wp-json\/wp\/v2\/posts"}],"about":[{"href":"https:\/\/smaria.salou.arqtgn.cat\/es\/wp-json\/wp\/v2\/types\/post"}],"author":[{"embeddable":true,"href":"https:\/\/smaria.salou.arqtgn.cat\/es\/wp-json\/wp\/v2\/users\/11"}],"replies":[{"embeddable":true,"href":"https:\/\/smaria.salou.arqtgn.cat\/es\/wp-json\/wp\/v2\/comments?post=18132"}],"version-history":[{"count":6,"href":"https:\/\/smaria.salou.arqtgn.cat\/es\/wp-json\/wp\/v2\/posts\/18132\/revisions"}],"predecessor-version":[{"id":18204,"href":"https:\/\/smaria.salou.arqtgn.cat\/es\/wp-json\/wp\/v2\/posts\/18132\/revisions\/18204"}],"wp:attachment":[{"href":"https:\/\/smaria.salou.arqtgn.cat\/es\/wp-json\/wp\/v2\/media?parent=18132"}],"wp:term":[{"taxonomy":"category","embeddable":true,"href":"https:\/\/smaria.salou.arqtgn.cat\/es\/wp-json\/wp\/v2\/categories?post=18132"},{"taxonomy":"post_tag","embeddable":true,"href":"https:\/\/smaria.salou.arqtgn.cat\/es\/wp-json\/wp\/v2\/tags?post=18132"}],"curies":[{"name":"wp","href":"https:\/\/api.w.org\/{rel}","templated":true}]}}