{"id":18101,"date":"2022-08-12T17:07:48","date_gmt":"2022-08-12T15:07:48","guid":{"rendered":"http:\/\/smaria.salou.arqtgn.cat\/?p=18101"},"modified":"2022-08-13T11:59:17","modified_gmt":"2022-08-13T09:59:17","slug":"xx-domingo-tiempo-ordinario-c-2022-asuncion-de-maria","status":"publish","type":"post","link":"https:\/\/smaria.salou.arqtgn.cat\/es\/xx-domingo-tiempo-ordinario-c-2022-asuncion-de-maria\/","title":{"rendered":"XX DOMINGO tiempo ordinario \/ C \/ 2022  &#8212;  ASUNCI\u00d3N de MAR\u00cdA"},"content":{"rendered":"<table style=\"height: 10px;width: 97.3345%\">\n<tbody>\n<tr style=\"height: 256px\">\n<td style=\"height: 10px;width: 29.811%\">\n<p><div id=\"attachment_18092\" style=\"width: 268px\" class=\"wp-caption aligncenter\"><a href=\"https:\/\/www.arquebisbattarragona.cat\/lectures\/?lang=es#1643214043059-3ea99671-0427\" target=\"_blank\" rel=\"noopener\"><img loading=\"lazy\" decoding=\"async\" aria-describedby=\"caption-attachment-18092\" class=\"wp-image-18093\" src=\"http:\/\/smaria.salou.arqtgn.cat\/wp-content\/uploads\/sites\/10\/2022\/08\/foc_terra.jpg\" alt=\"\" width=\"268\" height=\"215\" srcset=\"https:\/\/smaria.salou.arqtgn.cat\/wp-content\/uploads\/sites\/10\/2022\/08\/foc_terra.jpg 373w, https:\/\/smaria.salou.arqtgn.cat\/wp-content\/uploads\/sites\/10\/2022\/08\/foc_terra-300x240.jpg 300w\" sizes=\"auto, (max-width: 268px) 100vw, 268px\" \/><\/a><p id=\"caption-attachment-18092\" class=\"wp-caption-text\">Leer la Palabra de Dios<\/p><\/div><\/td>\n<td style=\"width: 22.7913%;text-align: center\">\n<div class=\"mceTemp\"><\/div>\n<p><a href=\"https:\/\/publicaciocorreu.arqtgn.cat\/archive\/qjjltELDWn\/tFzAyxtoeC\/UQczSPqKjP\" target=\"_blank\" rel=\"noopener\"><img loading=\"lazy\" decoding=\"async\" class=\"aligncenter wp-image-17297 size-full\" src=\"http:\/\/smaria.salou.arqtgn.cat\/wp-content\/uploads\/sites\/10\/2022\/02\/logo_agrupacio.jpg\" alt=\"\" width=\"382\" height=\"359\" srcset=\"https:\/\/smaria.salou.arqtgn.cat\/wp-content\/uploads\/sites\/10\/2022\/02\/logo_agrupacio.jpg 382w, https:\/\/smaria.salou.arqtgn.cat\/wp-content\/uploads\/sites\/10\/2022\/02\/logo_agrupacio-300x282.jpg 300w\" sizes=\"auto, (max-width: 382px) 100vw, 382px\" \/><\/a><\/p>\n<p><span style=\"color: #800000\"><strong>Butllet\u00ed Full Parroquial<\/strong><\/span><\/td>\n<td style=\"height: 10px;width: 22.7913%;text-align: center\">\n<p><div id=\"attachment_14542\" style=\"width: 259px\" class=\"wp-caption aligncenter\"><a href=\"http:\/\/hemeroteca.arqtgn.cat\/bitstream\/123456789\/13291\/1\/fd3779.pdf\" target=\"_blank\" rel=\"noopener noreferrer\"><img loading=\"lazy\" decoding=\"async\" aria-describedby=\"caption-attachment-14542\" class=\"wp-image-14542\" src=\"http:\/\/smaria.salou.arqtgn.cat\/wp-content\/uploads\/sites\/10\/2021\/01\/full_es.jpg\" alt=\"\" width=\"259\" height=\"152\" srcset=\"https:\/\/smaria.salou.arqtgn.cat\/wp-content\/uploads\/sites\/10\/2021\/01\/full_es.jpg 400w, https:\/\/smaria.salou.arqtgn.cat\/wp-content\/uploads\/sites\/10\/2021\/01\/full_es-300x176.jpg 300w\" sizes=\"auto, (max-width: 259px) 100vw, 259px\" \/><\/a><p id=\"caption-attachment-14542\" class=\"wp-caption-text\">Leer la Hoja Dominical<\/p><\/div><\/td>\n<\/tr>\n<tr>\n<td style=\"width: 29.811%\">\n<h3 style=\"text-align: center\"><span style=\"color: #0000ff\">Asunci\u00f3n de Mar\u00eda<\/span><\/h3>\n<p><div id=\"attachment_18082\" style=\"width: 245px\" class=\"wp-caption aligncenter\"><a href=\"https:\/\/www.arquebisbattarragona.cat\/lectures\/?lang=es#1643214117567-46d34f91-f880\" target=\"_blank\" rel=\"noopener\"><img loading=\"lazy\" decoding=\"async\" aria-describedby=\"caption-attachment-18082\" class=\"wp-image-18083\" src=\"http:\/\/smaria.salou.arqtgn.cat\/wp-content\/uploads\/sites\/10\/2022\/08\/asuncio.jpg\" alt=\"\" width=\"245\" height=\"327\" srcset=\"https:\/\/smaria.salou.arqtgn.cat\/wp-content\/uploads\/sites\/10\/2022\/08\/asuncio.jpg 800w, https:\/\/smaria.salou.arqtgn.cat\/wp-content\/uploads\/sites\/10\/2022\/08\/asuncio-225x300.jpg 225w, https:\/\/smaria.salou.arqtgn.cat\/wp-content\/uploads\/sites\/10\/2022\/08\/asuncio-768x1024.jpg 768w, https:\/\/smaria.salou.arqtgn.cat\/wp-content\/uploads\/sites\/10\/2022\/08\/asuncio-756x1008.jpg 756w\" sizes=\"auto, (max-width: 245px) 100vw, 245px\" \/><\/a><p id=\"caption-attachment-18082\" class=\"wp-caption-text\">Leer la Palabra de Dios<\/p><\/div><\/td>\n<td style=\"width: 22.7913%;text-align: center\"><\/td>\n<td style=\"width: 22.7913%;text-align: center\"><img loading=\"lazy\" decoding=\"async\" class=\"alignnone wp-image-18085\" src=\"http:\/\/smaria.salou.arqtgn.cat\/wp-content\/uploads\/sites\/10\/2022\/08\/Santa_Maria_del_Mar.jpg\" alt=\"\" width=\"265\" height=\"556\" srcset=\"https:\/\/smaria.salou.arqtgn.cat\/wp-content\/uploads\/sites\/10\/2022\/08\/Santa_Maria_del_Mar.jpg 800w, https:\/\/smaria.salou.arqtgn.cat\/wp-content\/uploads\/sites\/10\/2022\/08\/Santa_Maria_del_Mar-143x300.jpg 143w, https:\/\/smaria.salou.arqtgn.cat\/wp-content\/uploads\/sites\/10\/2022\/08\/Santa_Maria_del_Mar-488x1024.jpg 488w, https:\/\/smaria.salou.arqtgn.cat\/wp-content\/uploads\/sites\/10\/2022\/08\/Santa_Maria_del_Mar-768x1611.jpg 768w, https:\/\/smaria.salou.arqtgn.cat\/wp-content\/uploads\/sites\/10\/2022\/08\/Santa_Maria_del_Mar-732x1536.jpg 732w, https:\/\/smaria.salou.arqtgn.cat\/wp-content\/uploads\/sites\/10\/2022\/08\/Santa_Maria_del_Mar-756x1586.jpg 756w\" sizes=\"auto, (max-width: 265px) 100vw, 265px\" \/><\/td>\n<\/tr>\n<\/tbody>\n<\/table>\n<p>\u200b<\/p>\n<h4><span style=\"color: #1c70ed\">Una mirada art\u00edstica a l&#8217;Evangeli del Diumenge, un gentilesa de l&#8217;<em>Amadeu Bonet<\/em>, artista.<\/span><\/h4>\n<p><a href=\"https:\/\/upapilarmagdalena.org\/levangeli-des-de-lart-una-mirada-artistica-a-levangeli-del-diumenge-14-dagost-2022-per-amadeu-bonet-i-boldu\/\" target=\"_blank\" rel=\"noopener\"><img loading=\"lazy\" decoding=\"async\" class=\"aligncenter\" src=\"https:\/\/upapilarmagdalena.org\/wp-content\/uploads\/2022\/08\/65F1C2C8-3854-4E82-8BA3-17920816AD0E.jpeg\" alt=\"\" width=\"1024\" height=\"1024\" \/><\/a><\/p>\n<p>&nbsp;<\/p>\n<h4><span style=\"color: #800000\"><br \/>\nLectura Espiritual<\/span><\/h4>\n<p><strong>La\u00a0 adultera perdonada<\/strong><\/p>\n<p style=\"text-align: justify\"><em>Los letrados y fariseos le presentaron una mujer sorprendida en adulterio, la colocaron en el centro, y le dijeron: Maestro, esta mujer ha sido sorprendida en flagrante adulterio. La ley de Mois\u00e9s ordena que dichas mujeres sean apedreadas, t\u00fa \u00bfqu\u00e9 dices? Lo dec\u00edan tent\u00e1ndolo, para tener de qu\u00e9 acusarlo. Jes\u00fas se agach\u00f3 y, con el dedo, se puso a escribir en la tierra. Como insist\u00edan en sus preguntas, se incorpor\u00f3 y les dijo: Quien de vosotros est\u00e9 sin pecado tire la primera piedra. De nuevo se agach\u00f3 y segu\u00eda escribiendo en la tierra. Los oyentes se fueron retirando uno a uno, empezando por los m\u00e1s ancianos hasta el \u00faltimo. Qued\u00f3 solo Jes\u00fas y la mujer en el centro, de pie. Se incorpor\u00f3 Jes\u00fas y le dijo: Mujer, \u00bfd\u00f3nde est\u00e1n?, \u00bfnadie te ha condenado? Contest\u00f3: Nadie, Se\u00f1or. Le dijo Jes\u00fas: Tampoco yo te condeno. Ve y en adelante no peques m\u00e1s. <\/em>(Jn 8,3-11)<\/p>\n<p style=\"text-align: justify\">Los jueces no miran la persona, sino s\u00f3lo la ley. Por fortuna, dentro de nosotros hay tambi\u00e9n algo que, mientras que todo lo dem\u00e1s se excita en el fragor de la violencia, mantiene la serenidad y mira con amor.<\/p>\n<p style=\"text-align: justify\">Jes\u00fas se toma su tiempo para responder. El silencio que hay entre una pregunta y su respuesta es lo que posibilita que esta respuesta sea espiritual. Todos tienen los ojos fijos en \u00e9l, todos han sucumbido al silencio. El centro de atenci\u00f3n ha cambiado de la ad\u00faltera a \u00e9l, de la presunta oscuridad a la luz, del griter\u00edo a la silenciosa expectaci\u00f3n.<\/p>\n<p style=\"text-align: justify\">El esp\u00edritu siempre hace que miremos m\u00e1s adentro. El problema de los jueces es, en esencia, que no se hab\u00edan mirado a s\u00ed mismos. El esp\u00edritu nunca coloca el problema fuera. \u00a1M\u00edrate!, es lo que siempre dice el esp\u00edritu.<\/p>\n<p style=\"text-align: justify\">La mente siempre enjuicia y separa, mientras el esp\u00edritu reconcilia y unifica. Sin la mediaci\u00f3n del esp\u00edritu, el cuerpo habr\u00eda sido ejecutado, la mujer habr\u00eda sido apedreada, el abismo se habr\u00eda ensanchado. Gracias a Jes\u00fas, el c\u00edrculo de la muerte se deshace y se abre un nuevo episodio: una nueva posibilidad de encuentro, otra oportunidad. S\u00f3lo el esp\u00edritu puede salvar a la mente de s\u00ed misma.<\/p>\n<p style=\"text-align: justify\">\u00a1Se\u00f1or!, dice ella agradecida. Se ha salvado, ha quedado iluminada.<\/p>\n<p style=\"text-align: justify\"><em>Anda y no peques m\u00e1s: <\/em>empieza una vida distinta, un nuevo principio.<\/p>\n<p style=\"text-align: right\">\u00a0Pablo d\u2019Ors, <em>Biograf\u00eda de la luz<\/em><\/p>\n","protected":false},"excerpt":{"rendered":"<p>Butllet\u00ed Full Parroquial Asunci\u00f3n de Mar\u00eda \u200b Una mirada art\u00edstica a l&#8217;Evangeli del Diumenge, un gentilesa de l&#8217;Amadeu Bonet, artista. &nbsp; Lectura Espiritual La\u00a0 adultera perdonada Los letrados y fariseos le presentaron una mujer sorprendida en adulterio, la colocaron en el centro, y le dijeron: Maestro, esta mujer ha sido sorprendida en flagrante adulterio. La &hellip; <\/p>\n<p><a class=\"more-link btn\" href=\"https:\/\/smaria.salou.arqtgn.cat\/es\/xx-domingo-tiempo-ordinario-c-2022-asuncion-de-maria\/\">Seguir leyendo<\/a><\/p>\n","protected":false},"author":11,"featured_media":0,"comment_status":"closed","ping_status":"closed","sticky":false,"template":"","format":"standard","meta":{"footnotes":""},"categories":[52,49],"tags":[],"class_list":["post-18101","post","type-post","status-publish","format-standard","hentry","category-para-reflexionar","category-preparando-el-domingo","item-wrap"],"amp_enabled":true,"_links":{"self":[{"href":"https:\/\/smaria.salou.arqtgn.cat\/es\/wp-json\/wp\/v2\/posts\/18101","targetHints":{"allow":["GET"]}}],"collection":[{"href":"https:\/\/smaria.salou.arqtgn.cat\/es\/wp-json\/wp\/v2\/posts"}],"about":[{"href":"https:\/\/smaria.salou.arqtgn.cat\/es\/wp-json\/wp\/v2\/types\/post"}],"author":[{"embeddable":true,"href":"https:\/\/smaria.salou.arqtgn.cat\/es\/wp-json\/wp\/v2\/users\/11"}],"replies":[{"embeddable":true,"href":"https:\/\/smaria.salou.arqtgn.cat\/es\/wp-json\/wp\/v2\/comments?post=18101"}],"version-history":[{"count":6,"href":"https:\/\/smaria.salou.arqtgn.cat\/es\/wp-json\/wp\/v2\/posts\/18101\/revisions"}],"predecessor-version":[{"id":18119,"href":"https:\/\/smaria.salou.arqtgn.cat\/es\/wp-json\/wp\/v2\/posts\/18101\/revisions\/18119"}],"wp:attachment":[{"href":"https:\/\/smaria.salou.arqtgn.cat\/es\/wp-json\/wp\/v2\/media?parent=18101"}],"wp:term":[{"taxonomy":"category","embeddable":true,"href":"https:\/\/smaria.salou.arqtgn.cat\/es\/wp-json\/wp\/v2\/categories?post=18101"},{"taxonomy":"post_tag","embeddable":true,"href":"https:\/\/smaria.salou.arqtgn.cat\/es\/wp-json\/wp\/v2\/tags?post=18101"}],"curies":[{"name":"wp","href":"https:\/\/api.w.org\/{rel}","templated":true}]}}