{"id":16571,"date":"2021-08-28T11:10:07","date_gmt":"2021-08-28T09:10:07","guid":{"rendered":"http:\/\/smaria.salou.arqtgn.cat\/?p=16571"},"modified":"2021-09-03T12:34:55","modified_gmt":"2021-09-03T10:34:55","slug":"la-cena-solidaria-para-caritas-del-club-nautico","status":"publish","type":"post","link":"https:\/\/smaria.salou.arqtgn.cat\/es\/la-cena-solidaria-para-caritas-del-club-nautico\/","title":{"rendered":"La cena solidaria para C\u00e0ritas del Club N\u00e1utico"},"content":{"rendered":"<p style=\"text-align: justify\"><a href=\"http:\/\/smaria.salou.arqtgn.cat\/wp-content\/uploads\/sites\/10\/2021\/09\/Xec_Sop_Car_Nau.jpg\"><img loading=\"lazy\" decoding=\"async\" class=\"aligncenter size-full wp-image-15495\" src=\"http:\/\/smaria.salou.arqtgn.cat\/wp-content\/uploads\/sites\/10\/2021\/09\/Xec_Sop_Car_Nau.jpg\" alt=\"\" width=\"1200\" height=\"983\" srcset=\"https:\/\/smaria.salou.arqtgn.cat\/wp-content\/uploads\/sites\/10\/2021\/09\/Xec_Sop_Car_Nau.jpg 1200w, https:\/\/smaria.salou.arqtgn.cat\/wp-content\/uploads\/sites\/10\/2021\/09\/Xec_Sop_Car_Nau-300x246.jpg 300w, https:\/\/smaria.salou.arqtgn.cat\/wp-content\/uploads\/sites\/10\/2021\/09\/Xec_Sop_Car_Nau-1024x839.jpg 1024w, https:\/\/smaria.salou.arqtgn.cat\/wp-content\/uploads\/sites\/10\/2021\/09\/Xec_Sop_Car_Nau-768x629.jpg 768w, https:\/\/smaria.salou.arqtgn.cat\/wp-content\/uploads\/sites\/10\/2021\/09\/Xec_Sop_Car_Nau-756x619.jpg 756w\" sizes=\"auto, (max-width: 1200px) 100vw, 1200px\" \/><\/a>Ayer viernes a \u00faltima hora de la tarde, de la mano del Sr. Presidente del <strong>Club N\u00e1utico de Salou<\/strong> y de una representante del <strong>Shopping Salou<\/strong>, organizador y colaboradores, respectivamente, entregaron a Mn. Santi y al Esteve Tom\u00e1s, un cheque por valor de 2.000 \u20ac resultante de la cena solidaria que se organiz\u00f3 en el Club N\u00e1utico la v\u00edspera de la Virgen.<\/p>\n<p style=\"text-align: justify\">Una parte del ticket de la cena ya llevaba incluido el donativo para <em>C\u00e1ritas,<\/em> habiendo la posibilidad de la fila 0. Tambi\u00e9n se realiz\u00f3 una rifa solidaria con obsequios de la entidad local <em>Shopping Salou.<\/em><\/p>\n<p style=\"text-align: justify\">Agradecemos al <em>Club N\u00e1utico Salou<\/em> y al <em>Shoping Salou<\/em> esta iniciativa,<\/p>\n","protected":false},"excerpt":{"rendered":"<p>Ayer viernes a \u00faltima hora de la tarde, de la mano del Sr. Presidente del Club N\u00e1utico de Salou y de una representante del Shopping Salou, organizador y colaboradores, respectivamente, entregaron a Mn. Santi y al Esteve Tom\u00e1s, un cheque por valor de 2.000 \u20ac resultante de la cena solidaria que se organiz\u00f3 en el &hellip; <\/p>\n<p><a class=\"more-link btn\" href=\"https:\/\/smaria.salou.arqtgn.cat\/es\/la-cena-solidaria-para-caritas-del-club-nautico\/\">Seguir leyendo<\/a><\/p>\n","protected":false},"author":11,"featured_media":0,"comment_status":"closed","ping_status":"closed","sticky":false,"template":"","format":"standard","meta":{"footnotes":""},"categories":[56,57],"tags":[],"class_list":["post-16571","post","type-post","status-publish","format-standard","hentry","category-actualitat-es","category-caritas-interparroquial-es-2","item-wrap"],"amp_enabled":true,"_links":{"self":[{"href":"https:\/\/smaria.salou.arqtgn.cat\/es\/wp-json\/wp\/v2\/posts\/16571","targetHints":{"allow":["GET"]}}],"collection":[{"href":"https:\/\/smaria.salou.arqtgn.cat\/es\/wp-json\/wp\/v2\/posts"}],"about":[{"href":"https:\/\/smaria.salou.arqtgn.cat\/es\/wp-json\/wp\/v2\/types\/post"}],"author":[{"embeddable":true,"href":"https:\/\/smaria.salou.arqtgn.cat\/es\/wp-json\/wp\/v2\/users\/11"}],"replies":[{"embeddable":true,"href":"https:\/\/smaria.salou.arqtgn.cat\/es\/wp-json\/wp\/v2\/comments?post=16571"}],"version-history":[{"count":2,"href":"https:\/\/smaria.salou.arqtgn.cat\/es\/wp-json\/wp\/v2\/posts\/16571\/revisions"}],"predecessor-version":[{"id":16589,"href":"https:\/\/smaria.salou.arqtgn.cat\/es\/wp-json\/wp\/v2\/posts\/16571\/revisions\/16589"}],"wp:attachment":[{"href":"https:\/\/smaria.salou.arqtgn.cat\/es\/wp-json\/wp\/v2\/media?parent=16571"}],"wp:term":[{"taxonomy":"category","embeddable":true,"href":"https:\/\/smaria.salou.arqtgn.cat\/es\/wp-json\/wp\/v2\/categories?post=16571"},{"taxonomy":"post_tag","embeddable":true,"href":"https:\/\/smaria.salou.arqtgn.cat\/es\/wp-json\/wp\/v2\/tags?post=16571"}],"curies":[{"name":"wp","href":"https:\/\/api.w.org\/{rel}","templated":true}]}}