{"id":15487,"date":"2021-08-16T10:37:54","date_gmt":"2021-08-16T08:37:54","guid":{"rendered":"http:\/\/smaria.salou.arqtgn.cat\/?p=15487"},"modified":"2021-09-03T12:31:19","modified_gmt":"2021-09-03T10:31:19","slug":"cap-de-setmana-de-caritas-interparroquial","status":"publish","type":"post","link":"https:\/\/smaria.salou.arqtgn.cat\/es\/cap-de-setmana-de-caritas-interparroquial\/","title":{"rendered":"Fin de semana de C\u00e0ritas Interparroquial"},"content":{"rendered":"<div><a href=\"http:\/\/smaria.salou.arqtgn.cat\/wp-content\/uploads\/sites\/10\/2021\/08\/mercadet_2021.jpg\"><img loading=\"lazy\" decoding=\"async\" class=\"aligncenter size-full wp-image-15491\" src=\"http:\/\/smaria.salou.arqtgn.cat\/wp-content\/uploads\/sites\/10\/2021\/08\/mercadet_2021.jpg\" alt=\"\" width=\"800\" height=\"380\" srcset=\"https:\/\/smaria.salou.arqtgn.cat\/wp-content\/uploads\/sites\/10\/2021\/08\/mercadet_2021.jpg 800w, https:\/\/smaria.salou.arqtgn.cat\/wp-content\/uploads\/sites\/10\/2021\/08\/mercadet_2021-300x143.jpg 300w, https:\/\/smaria.salou.arqtgn.cat\/wp-content\/uploads\/sites\/10\/2021\/08\/mercadet_2021-768x365.jpg 768w, https:\/\/smaria.salou.arqtgn.cat\/wp-content\/uploads\/sites\/10\/2021\/08\/mercadet_2021-756x359.jpg 756w\" sizes=\"auto, (max-width: 800px) 100vw, 800px\" \/><\/a>Durante el fin de semana, de viernes tarde a domingo noche, estuvo abierto el Mercadillo Solidario de C\u00e1ritas en el patio de Santa Mar\u00eda del Mar. S\u00ed, que pasaron personas, pero no las que pens\u00e1bamos que pasar\u00edan, esto tambi\u00e9n se ha notado con lo que se ha podido recoger.<\/div>\n<div style=\"text-align: justify\">\n<p>Por otro lado, el <strong>Club N\u00e1utico de Salou<\/strong> organiz\u00f3 el pasado s\u00e1bado 14 por la noche una cena ben\u00e9fica para C\u00e1ritas, donde una parte del ticket de la cena ya llevaba incluido el donativo para C\u00e1ritas, habiendo la posibilidad de la fila 0. Tambi\u00e9n se realizar una rifa solidaria con obsequios de la entidad local <strong>Shopping Salou<\/strong>.<br \/>\nAgradecemos al Club N\u00e1utico Salou, que siempre est\u00e1 dispuesto a colaborar con C\u00e1ritas, esta iniciativa.<\/p>\n<\/div>\n","protected":false},"excerpt":{"rendered":"<p>Durante el fin de semana, de viernes tarde a domingo noche, estuvo abierto el Mercadillo Solidario de C\u00e1ritas en el patio de Santa Mar\u00eda del Mar. S\u00ed, que pasaron personas, pero no las que pens\u00e1bamos que pasar\u00edan, esto tambi\u00e9n se ha notado con lo que se ha podido recoger. Por otro lado, el Club N\u00e1utico &hellip; <\/p>\n<p><a class=\"more-link btn\" href=\"https:\/\/smaria.salou.arqtgn.cat\/es\/cap-de-setmana-de-caritas-interparroquial\/\">Seguir leyendo<\/a><\/p>\n","protected":false},"author":11,"featured_media":0,"comment_status":"closed","ping_status":"closed","sticky":false,"template":"","format":"standard","meta":{"footnotes":""},"categories":[56,57],"tags":[],"class_list":["post-15487","post","type-post","status-publish","format-standard","hentry","category-actualitat-es","category-caritas-interparroquial-es-2","item-wrap"],"amp_enabled":true,"_links":{"self":[{"href":"https:\/\/smaria.salou.arqtgn.cat\/es\/wp-json\/wp\/v2\/posts\/15487","targetHints":{"allow":["GET"]}}],"collection":[{"href":"https:\/\/smaria.salou.arqtgn.cat\/es\/wp-json\/wp\/v2\/posts"}],"about":[{"href":"https:\/\/smaria.salou.arqtgn.cat\/es\/wp-json\/wp\/v2\/types\/post"}],"author":[{"embeddable":true,"href":"https:\/\/smaria.salou.arqtgn.cat\/es\/wp-json\/wp\/v2\/users\/11"}],"replies":[{"embeddable":true,"href":"https:\/\/smaria.salou.arqtgn.cat\/es\/wp-json\/wp\/v2\/comments?post=15487"}],"version-history":[{"count":4,"href":"https:\/\/smaria.salou.arqtgn.cat\/es\/wp-json\/wp\/v2\/posts\/15487\/revisions"}],"predecessor-version":[{"id":16588,"href":"https:\/\/smaria.salou.arqtgn.cat\/es\/wp-json\/wp\/v2\/posts\/15487\/revisions\/16588"}],"wp:attachment":[{"href":"https:\/\/smaria.salou.arqtgn.cat\/es\/wp-json\/wp\/v2\/media?parent=15487"}],"wp:term":[{"taxonomy":"category","embeddable":true,"href":"https:\/\/smaria.salou.arqtgn.cat\/es\/wp-json\/wp\/v2\/categories?post=15487"},{"taxonomy":"post_tag","embeddable":true,"href":"https:\/\/smaria.salou.arqtgn.cat\/es\/wp-json\/wp\/v2\/tags?post=15487"}],"curies":[{"name":"wp","href":"https:\/\/api.w.org\/{rel}","templated":true}]}}