{"id":15481,"date":"2021-09-02T10:31:19","date_gmt":"2021-09-02T08:31:19","guid":{"rendered":"http:\/\/smaria.salou.arqtgn.cat\/?p=15481"},"modified":"2021-09-03T10:31:35","modified_gmt":"2021-09-03T08:31:35","slug":"el-video-del-papa-septiembre-de-2021-un-estilo-de-vida-ecosostenible","status":"publish","type":"post","link":"https:\/\/smaria.salou.arqtgn.cat\/es\/el-video-del-papa-septiembre-de-2021-un-estilo-de-vida-ecosostenible\/","title":{"rendered":"El video del Papa, septiembre de 2021. Un estilo de vida ecosostenible"},"content":{"rendered":"<p>[youtube https:\/\/www.youtube.com\/watch?v=G8PwqDLqOaE]<\/p>\n<p style=\"text-align: justify\"><span class=\"style-scope yt-formatted-string\" dir=\"auto\">\u00bfQui\u00e9n est\u00e1 liderando nuevos proyectos para proteger y sostener el medio ambiente? Los j\u00f3venes, sin duda. Ellos saben muy bien que la mejora del medio ambiente y los progresos sociales est\u00e1n muy unidos. Los adultos podemos aprender mucho de los j\u00f3venes. \u201cAprovechemos su ejemplo\u201d, como dice el Papa: \u201cespecialmente en estos momentos de crisis, de crisis sanitaria, de crisis social, de crisis ambiental, reflexionemos sobre nuestro estilo de vida\u201d. Comparte este mensaje de Francisco con tu familia y tus amigos. <\/span><\/p>\n<p style=\"text-align: justify\"><span class=\"style-scope yt-formatted-string\" dir=\"auto\">\u201cMe alegra mucho ver que los j\u00f3venes tienen valor de emprender proyectos de mejora ambiental y mejora social, puesto que ambas van juntos. <\/span><\/p>\n<p style=\"text-align: justify\"><span class=\"style-scope yt-formatted-string\" dir=\"auto\">Los adultos podemos aprender mucho de los j\u00f3venes pues, en todo lo que tiene que ver con el cuidado del planeta, los j\u00f3venes est\u00e1n a la vanguardia. <\/span><\/p>\n<p style=\"text-align: justify\"><span class=\"style-scope yt-formatted-string\" dir=\"auto\">Aprovechemos su ejemplo, reflexionemos, especialmente en estos momentos de crisis, de crisis sanitaria, de crisis social, de crisis ambiental, reflexionemos sobre nuestro estilo de vida. <\/span><\/p>\n<p style=\"text-align: justify\"><span class=\"style-scope yt-formatted-string\" dir=\"auto\">Sobre c\u00f3mo la forma de alimentarnos, de consumir, de desplazarnos o el uso que hacemos del agua, de la energ\u00eda y de los pl\u00e1sticos, y de tantos bienes materiales son a menudo perjudiciales para la Tierra. <\/span><\/p>\n<p style=\"text-align: justify\"><span class=\"style-scope yt-formatted-string\" dir=\"auto\">\u00a1Elijamos cambiar! Avancemos con los j\u00f3venes hacia estilos de vida m\u00e1s sencillos y respetuosos del medio ambiente. Y recemos para que todos tomemos las decisiones valientes, las decisiones necesarias para una vida m\u00e1s sobria y ecosostenible, inspir\u00e1ndonos por los j\u00f3venes ya que est\u00e1n comprometidos con este cambio. Y no son tontos, porque est\u00e1n comprometidos con el futuro de ellos. Por eso quieren cambiar lo que ellos van a heredar en un tiempo en que ya nosotros no estaremos\u201d.<\/span><\/p>\n<p><a href=\"https:\/\/www.popesprayer.va\/wp-content\/uploads\/2021\/09\/Infografia-TPV-9-2021-ES-Un-estilo-de-vida-ecosostenible-scaled.jpg\"><img loading=\"lazy\" decoding=\"async\" class=\"aligncenter size-full\" src=\"https:\/\/www.popesprayer.va\/wp-content\/uploads\/2021\/09\/Infografia-TPV-9-2021-ES-Un-estilo-de-vida-ecosostenible-scaled.jpg\" width=\"486\" height=\"2560\" \/><\/a><\/p>\n<p>&nbsp;<\/p>\n<p>Si vols veure m\u00e9s v\u00eddeos sobres les intencions del Papa els trobar\u00e0s a http:\/\/www.elvideodelpapa.org<\/p>\n","protected":false},"excerpt":{"rendered":"<p>[youtube https:\/\/www.youtube.com\/watch?v=G8PwqDLqOaE] \u00bfQui\u00e9n est\u00e1 liderando nuevos proyectos para proteger y sostener el medio ambiente? Los j\u00f3venes, sin duda. Ellos saben muy bien que la mejora del medio ambiente y los progresos sociales est\u00e1n muy unidos. Los adultos podemos aprender mucho de los j\u00f3venes. \u201cAprovechemos su ejemplo\u201d, como dice el Papa: \u201cespecialmente en estos momentos de &hellip; <\/p>\n<p><a class=\"more-link btn\" href=\"https:\/\/smaria.salou.arqtgn.cat\/es\/el-video-del-papa-septiembre-de-2021-un-estilo-de-vida-ecosostenible\/\">Seguir leyendo<\/a><\/p>\n","protected":false},"author":11,"featured_media":0,"comment_status":"closed","ping_status":"closed","sticky":false,"template":"","format":"standard","meta":{"footnotes":""},"categories":[56,52],"tags":[70],"class_list":["post-15481","post","type-post","status-publish","format-standard","hentry","category-actualitat-es","category-para-reflexionar","tag-el-video-del-papa-es","item-wrap"],"amp_enabled":true,"_links":{"self":[{"href":"https:\/\/smaria.salou.arqtgn.cat\/es\/wp-json\/wp\/v2\/posts\/15481","targetHints":{"allow":["GET"]}}],"collection":[{"href":"https:\/\/smaria.salou.arqtgn.cat\/es\/wp-json\/wp\/v2\/posts"}],"about":[{"href":"https:\/\/smaria.salou.arqtgn.cat\/es\/wp-json\/wp\/v2\/types\/post"}],"author":[{"embeddable":true,"href":"https:\/\/smaria.salou.arqtgn.cat\/es\/wp-json\/wp\/v2\/users\/11"}],"replies":[{"embeddable":true,"href":"https:\/\/smaria.salou.arqtgn.cat\/es\/wp-json\/wp\/v2\/comments?post=15481"}],"version-history":[{"count":1,"href":"https:\/\/smaria.salou.arqtgn.cat\/es\/wp-json\/wp\/v2\/posts\/15481\/revisions"}],"predecessor-version":[{"id":15482,"href":"https:\/\/smaria.salou.arqtgn.cat\/es\/wp-json\/wp\/v2\/posts\/15481\/revisions\/15482"}],"wp:attachment":[{"href":"https:\/\/smaria.salou.arqtgn.cat\/es\/wp-json\/wp\/v2\/media?parent=15481"}],"wp:term":[{"taxonomy":"category","embeddable":true,"href":"https:\/\/smaria.salou.arqtgn.cat\/es\/wp-json\/wp\/v2\/categories?post=15481"},{"taxonomy":"post_tag","embeddable":true,"href":"https:\/\/smaria.salou.arqtgn.cat\/es\/wp-json\/wp\/v2\/tags?post=15481"}],"curies":[{"name":"wp","href":"https:\/\/api.w.org\/{rel}","templated":true}]}}