{"id":15454,"date":"2021-08-28T00:43:44","date_gmt":"2021-08-27T22:43:44","guid":{"rendered":"http:\/\/smaria.salou.arqtgn.cat\/?p=15454"},"modified":"2021-08-28T00:43:44","modified_gmt":"2021-08-27T22:43:44","slug":"xxii-domingo-tiempo-ordinario-b-2021","status":"publish","type":"post","link":"https:\/\/smaria.salou.arqtgn.cat\/es\/xxii-domingo-tiempo-ordinario-b-2021\/","title":{"rendered":"XXII Domingo tiempo ordinario \/ B \/ 2021"},"content":{"rendered":"<table style=\"height: 99px;width: 97.3345%\">\n<tbody>\n<tr style=\"height: 256px\">\n<td style=\"height: 99px;width: 42.9098%\">\n<p><div id=\"attachment_15409\" style=\"width: 287px\" class=\"wp-caption aligncenter\"><a href=\"https:\/\/www.lecturesmissa.arquebisbattarragona.cat\/1667\/DIUMENGE-XXII-DURANT-L039ANY-B?lang=es\" target=\"_blank\" rel=\"noopener\"><img loading=\"lazy\" decoding=\"async\" aria-describedby=\"caption-attachment-15409\" class=\"wp-image-15409\" src=\"https:\/\/i.pinimg.com\/originals\/2a\/6f\/a3\/2a6fa3fb17c43c72f3f459cf063459c9.jpg\" alt=\"\" width=\"287\" height=\"216\" \/><\/a><p id=\"caption-attachment-15409\" class=\"wp-caption-text\">Leer la Palabra de Dios<\/p><\/div><\/td>\n<td style=\"height: 99px;width: 56.8154%;text-align: center\">\n<p><div id=\"attachment_14542\" style=\"width: 330px\" class=\"wp-caption aligncenter\"><a href=\"https:\/\/www.esglesiadetarragona.cat\/wp-content\/uploads\/2021\/08\/hd3729.pdf\" target=\"_blank\" rel=\"noopener noreferrer\"><img loading=\"lazy\" decoding=\"async\" aria-describedby=\"caption-attachment-14542\" class=\"wp-image-14542\" src=\"http:\/\/smaria.salou.arqtgn.cat\/wp-content\/uploads\/sites\/10\/2021\/01\/full_es.jpg\" alt=\"\" width=\"330\" height=\"194\" srcset=\"https:\/\/smaria.salou.arqtgn.cat\/wp-content\/uploads\/sites\/10\/2021\/01\/full_es.jpg 400w, https:\/\/smaria.salou.arqtgn.cat\/wp-content\/uploads\/sites\/10\/2021\/01\/full_es-300x176.jpg 300w\" sizes=\"auto, (max-width: 330px) 100vw, 330px\" \/><\/a><p id=\"caption-attachment-14542\" class=\"wp-caption-text\">Leer la Hoja Dominical<\/p><\/div><\/td>\n<\/tr>\n<\/tbody>\n<\/table>\n<p>&nbsp;<\/p>\n<h3><span style=\"color: #ff9900\">Lectura espiritual<\/span><\/h3>\n<p><strong>LA\u00a0 RESPUESTA.\u00a0<\/strong><strong>De lo que eres puede salir algo muy bueno<\/strong><\/p>\n<p style=\"text-align: justify\"><em>Jes\u00fas se volvi\u00f3 y, al ver que lo segu\u00edan, les dice: \u00bfQu\u00e9 busc\u00e1is? Respondieron: Rab\u00ed (que significa maestro), \u00bfd\u00f3nde vives? Les dice: Venid y lo ver\u00e9is. Fueron, pues, y vieron donde viv\u00eda y se quedaron con \u00e9l aquel d\u00eda. Eran las cuatro de la tarde. [\u2026] Felipe encuentra a Natanael y le dice: Hemos encontrado al que describe Mois\u00e9s en la ley y en los profetas, Jes\u00fas, hijo de Jos\u00e9, natural de Nazaret. Replica Natanael: \u00bfDE NAZARET PUEDE SALIR ALGO BUENO? <\/em>(JN 1,38-39; 45-46)<\/p>\n<p style=\"text-align: justify\">La primera pregunta del Maestro no puede ser sino <em>\u00bfqu\u00e9 busc\u00e1is?<\/em>: se trata de la gran cuesti\u00f3n, la \u00fanica realmente determinante. \u00bfQu\u00e9 busco en este momento de mi vida, si es que busco? \u00bfA qui\u00e9n sigo, si no es que tengo mi esperanza arruinada? \u00bfCu\u00e1l es mi sed esencial? Todo nace de esto. \u00bfVoy tras algo o tras alguien que me ayude a vencer la oscuridad? Jes\u00fas les interroga directamente porque no quiere que se lleven a enga\u00f1o. \u00bfBuscas reconocimiento social, matar el tiempo, abrigo emocional\u2026, o le buscas a \u00c9l, m\u00e1s all\u00e1 de tus indigencias?<\/p>\n<p style=\"text-align: justify\">La pregunta, cada d\u00eda, cada hora, cada minuto\u2026 si estamos atentos la escucharemos siempre. De nuestra respuesta depender\u00e1 nuestro progreso espiritual. Avanzaremos si de verdad queremos estar con \u00c9l. Vemos en la medida en que vamos.<\/p>\n<p style=\"text-align: justify\">Los disc\u00edpulos no le responden que buscan la iluminaci\u00f3n, o la paz del mundo, o la plenitud personal\u2026 no dicen que quieren ser felices, solucionar sus problemas, contribuir a la justicia social o al bienestar del mundo\u2026 Dan con la \u00fanica contestaci\u00f3n que un maestro puede aceptar de su disc\u00edpulo: \u00bfd\u00f3nde vives?, es decir, quiero estar contigo, te busco a ti, puesto que t\u00fa me vas a abrir el camino hacia mi mismo. Buscamos el maestro interior, buscamos al Se\u00f1or de nuestra conciencia, buscamos el n\u00facleo m\u00e1s profundo: es all\u00ed donde queremos vivir.<\/p>\n<p style=\"text-align: justify\">En la fase inicial, m\u00e1s que al mensaje, solemos prestar atenci\u00f3n al mensajero. En los comienzos llama m\u00e1s la atenci\u00f3n lo externo que lo interno. Pero hasta que no vayas al desierto, no escuchar\u00e1s la voz que acalla todas esas preguntas -tan mentales- y no obedecer\u00e1s esa voz que dice: <em>Ven y lo ver\u00e1s<\/em>, ven y lo escuchar\u00e1s. De lo que se trata, por tanto es de ponerse en marcha, de empezar a caminar, de arrancar; luego vendr\u00e1 la visi\u00f3n, la misi\u00f3n y todo lo dem\u00e1s.<\/p>\n<p style=\"text-align: justify\">Un primer obst\u00e1culo: \u00bfYo? \u00bfCon lo que yo soy? \u00bfA estas alturas? Pero \u00bfpuede salir algo bueno de m\u00ed? <em>Ven y lo ver\u00e1s<\/em>. Debes venir; de lo contrario, no podr\u00e1s verlo. Si no te pones en movimiento, no hay nada que hacer. No te pido que creas, sino que te muevas. Solo te pido que vengas y abras los ojos.<\/p>\n<p style=\"text-align: justify\">Si emprendes el camino espiritual no esperes ver fuegos artificiales ni milagrosas maravillas. Lo que vas a ver es lo que aparentemente ven todos. Ahora bien, si no te cansa de mirarlo, si mantienes la mirada, en ese hijo de Jos\u00e9 vas a ver a Aquel de quien escribieron la ley y los profetas. Vas a ver a Cristo Jes\u00fas. No te lo vas a inventar, lo vas a ver. Casi todo es invisible a primera vista.<\/p>\n<p style=\"text-align: justify\">La esperanza, como el amor, puede verse realmente. La esperanza no es ni mucho menos una simple idea o una mera ilusi\u00f3n, sino que existe en carne y hueso en algunos hombres y algunas mujeres. Hay en ti un futuro que cumplir. Ven y ver\u00e1s c\u00f3mo puede seguir saliendo de ti belleza y bondad.<\/p>\n<p style=\"text-align: justify\">Felipe ha visto y ha o\u00eddo; y es testigo ante Natanael. La esperanza depende del testimonio. Pasa de persona a persona. Alguien te invita y tu vas. Escuchas algo y te f\u00edas. Ves y comprendes que ah\u00ed hay algo que es de verdad. No hay espiritualidad que no pase por los sentidos.<\/p>\n<p style=\"text-align: justify\"><em>\u00bfDe Nazaret puede salir algo bueno? <\/em>Puedo, yo, dar alg\u00fan fruto todav\u00eda? \u00bfSirve para algo lo que hago? \u00bfTiene sentido que a\u00fan est\u00e9 aqu\u00ed, entretenido con esto que tengo entre manos? T\u00fa mismo, aunque no lo creas eres luz. De Nazaret, esto es, de lo que somos, puede salir definitivamente algo bueno.<\/p>\n<p style=\"text-align: right\"><em>(Inspirado en el libro: Biograf\u00eda de la luz, de Pablo d\u2019Ors)<\/em><\/p>\n","protected":false},"excerpt":{"rendered":"<p>&nbsp; Lectura espiritual LA\u00a0 RESPUESTA.\u00a0De lo que eres puede salir algo muy bueno Jes\u00fas se volvi\u00f3 y, al ver que lo segu\u00edan, les dice: \u00bfQu\u00e9 busc\u00e1is? Respondieron: Rab\u00ed (que significa maestro), \u00bfd\u00f3nde vives? Les dice: Venid y lo ver\u00e9is. Fueron, pues, y vieron donde viv\u00eda y se quedaron con \u00e9l aquel d\u00eda. Eran las cuatro &hellip; <\/p>\n<p><a class=\"more-link btn\" href=\"https:\/\/smaria.salou.arqtgn.cat\/es\/xxii-domingo-tiempo-ordinario-b-2021\/\">Seguir leyendo<\/a><\/p>\n","protected":false},"author":11,"featured_media":0,"comment_status":"closed","ping_status":"closed","sticky":false,"template":"","format":"standard","meta":{"footnotes":""},"categories":[52,49],"tags":[],"class_list":["post-15454","post","type-post","status-publish","format-standard","hentry","category-para-reflexionar","category-preparando-el-domingo","item-wrap"],"amp_enabled":true,"_links":{"self":[{"href":"https:\/\/smaria.salou.arqtgn.cat\/es\/wp-json\/wp\/v2\/posts\/15454","targetHints":{"allow":["GET"]}}],"collection":[{"href":"https:\/\/smaria.salou.arqtgn.cat\/es\/wp-json\/wp\/v2\/posts"}],"about":[{"href":"https:\/\/smaria.salou.arqtgn.cat\/es\/wp-json\/wp\/v2\/types\/post"}],"author":[{"embeddable":true,"href":"https:\/\/smaria.salou.arqtgn.cat\/es\/wp-json\/wp\/v2\/users\/11"}],"replies":[{"embeddable":true,"href":"https:\/\/smaria.salou.arqtgn.cat\/es\/wp-json\/wp\/v2\/comments?post=15454"}],"version-history":[{"count":2,"href":"https:\/\/smaria.salou.arqtgn.cat\/es\/wp-json\/wp\/v2\/posts\/15454\/revisions"}],"predecessor-version":[{"id":15456,"href":"https:\/\/smaria.salou.arqtgn.cat\/es\/wp-json\/wp\/v2\/posts\/15454\/revisions\/15456"}],"wp:attachment":[{"href":"https:\/\/smaria.salou.arqtgn.cat\/es\/wp-json\/wp\/v2\/media?parent=15454"}],"wp:term":[{"taxonomy":"category","embeddable":true,"href":"https:\/\/smaria.salou.arqtgn.cat\/es\/wp-json\/wp\/v2\/categories?post=15454"},{"taxonomy":"post_tag","embeddable":true,"href":"https:\/\/smaria.salou.arqtgn.cat\/es\/wp-json\/wp\/v2\/tags?post=15454"}],"curies":[{"name":"wp","href":"https:\/\/api.w.org\/{rel}","templated":true}]}}