{"id":15437,"date":"2021-08-21T00:47:52","date_gmt":"2021-08-20T22:47:52","guid":{"rendered":"http:\/\/smaria.salou.arqtgn.cat\/?p=15437"},"modified":"2021-08-21T00:47:52","modified_gmt":"2021-08-20T22:47:52","slug":"xxi-domingo-del-tiempo-ordinario-b-2021","status":"publish","type":"post","link":"https:\/\/smaria.salou.arqtgn.cat\/es\/xxi-domingo-del-tiempo-ordinario-b-2021\/","title":{"rendered":"XXI Domingo del tiempo ordinario  \/ B \/ 2021"},"content":{"rendered":"<table style=\"height: 99px;width: 97.3345%\">\n<tbody>\n<tr style=\"height: 256px\">\n<td style=\"height: 99px;width: 42.9098%\">\n<p><div id=\"attachment_15409\" style=\"width: 163px\" class=\"wp-caption aligncenter\"><a href=\"https:\/\/www.lecturesmissa.arquebisbattarragona.cat\/1666\/DIUMENGE-XXI-DURANT-L039ANY-B?lang=es\" target=\"_blank\" rel=\"noopener\"><img loading=\"lazy\" decoding=\"async\" aria-describedby=\"caption-attachment-15409\" class=\"wp-image-15409\" src=\"https:\/\/i.pinimg.com\/236x\/47\/97\/95\/47979523c25410413dfca7bc44a189b3--inner-peace-of-life.jpg\" alt=\"\" width=\"163\" height=\"245\" \/><\/a><p id=\"caption-attachment-15409\" class=\"wp-caption-text\">Leer la Palabra de Dios<\/p><\/div><\/td>\n<td style=\"height: 99px;width: 56.8154%;text-align: center\">\n<p><div id=\"attachment_14542\" style=\"width: 400px\" class=\"wp-caption aligncenter\"><a href=\"http:\/\/www.esglesiadetarragona.cat\/wp-content\/uploads\/2021\/08\/hd3728.pdf\" target=\"_blank\" rel=\"noopener noreferrer\"><img loading=\"lazy\" decoding=\"async\" aria-describedby=\"caption-attachment-14542\" class=\"wp-image-14542 size-full\" src=\"http:\/\/smaria.salou.arqtgn.cat\/wp-content\/uploads\/sites\/10\/2021\/01\/full_es.jpg\" alt=\"\" width=\"400\" height=\"235\" srcset=\"https:\/\/smaria.salou.arqtgn.cat\/wp-content\/uploads\/sites\/10\/2021\/01\/full_es.jpg 400w, https:\/\/smaria.salou.arqtgn.cat\/wp-content\/uploads\/sites\/10\/2021\/01\/full_es-300x176.jpg 300w\" sizes=\"auto, (max-width: 400px) 100vw, 400px\" \/><\/a><p id=\"caption-attachment-14542\" class=\"wp-caption-text\">Leer la Hoja Dominical<\/p><\/div><\/td>\n<\/tr>\n<\/tbody>\n<\/table>\n<p>&nbsp;<\/p>\n<h3><span style=\"color: #ff9900\">Lectura espiritual<\/span><\/h3>\n<p><strong>LA LLAMADA. <\/strong><strong>Escuchar la voz del maestro interior<\/strong><\/p>\n<p style=\"text-align: justify\"><em>Mientras paseaba junto al lago de Galilea, vio a dos hermanos -Sim\u00f3n, apodado Pedro, y Andr\u00e9s su hermano- que estaban echando una red al agua, pues eran pescadores. Les dice: Ven\u00edos conmigo y os har\u00e9 PESCADORES DE HOMBRES. Al punto dejaron las redes y lo siguieron.<\/em> (Mt 4,18-20)<\/p>\n<p style=\"text-align: justify\">Jes\u00fas no se puso a buscar disc\u00edpulos o colaboradores que le ayudaran en su misi\u00f3n, sino que, sencillamente, los encontr\u00f3. Es importante esto de ver y llamar, sin la mediaci\u00f3n del pensar. No hay ning\u00fan planteamiento que hacer, la cosa cae por su propio peso.<\/p>\n<p style=\"text-align: justify\">Tambi\u00e9n es importante que sea el maestro quien llame al disc\u00edpulo y no al rev\u00e9s. Nosotros podemos buscar cuanto nos venga en gana, pero lo cierto es que hasta que no escuchemos la voz de nuestro maestro interior, dici\u00e9ndonos: <em>ven y s\u00edgueme<\/em>, hasta ese momento nada relevante suceder\u00e1. El asunto est\u00e1, por tanto, en escuchar esa voz y, naturalmente, en dejar de inmediato las redes que tengamos entre manos, sin pensar. Tal vez no escuchemos esa voz porque las redes no son ya para nosotros un trabajo, sino una trampa: porque nos hemos enredado en el trabajo, y ahora es \u00e9l el que nos domina.<\/p>\n<p style=\"text-align: justify\">Dios llama a quien quiere, nadie puede entender sus criterios. Jes\u00fas llam\u00f3 a esos pescadores porque vio que trabajaban bien, que disfrutaban de su tarea, esmer\u00e1ndose en hacerla lo mejor posible. Que se olvidaban de s\u00ed mismos mientras la realizaban.<\/p>\n<p style=\"text-align: justify\">La expresi\u00f3n <em>vocaci\u00f3n religiosa <\/em>o <em>elecci\u00f3n divina<\/em> puede parecer como si Dios discriminase y hubiera para \u00c9l distintos rangos o categor\u00edas. Confundimos diferencia y discriminaci\u00f3n. En el evangelio queda claro que la segregaci\u00f3n no es por m\u00e9ritos personales, sino en orden a una misi\u00f3n: estar con \u00c9l (encargo personal) e <em>ir y anunciar a todo el mundo<\/em> (encargo pastoral).<\/p>\n<p style=\"text-align: justify\">Esta llamada marca la existencia del elegido de forma determinante: en adelante su coraz\u00f3n -estar\u00e1 o deber\u00eda estar- colonizado por Cristo; en adelante, no podr\u00e1 regir su propio destino desde criterios individuales; en adelante, deber\u00e1 sentirse corresponsable de toda la humanidad. No podr\u00e1 vivir simplemente para s\u00ed, sino para Cristo y para los dem\u00e1s. Desde esta perspectiva, no parece que la llamada apost\u00f3lica sea b\u00e1sicamente un privilegio.<\/p>\n<p style=\"text-align: justify\">Tampoco hay que olvidar que Jes\u00fas llama a pescadores, es decir a trabajadores manuales y gente ordinaria, no a personas religiosas o a intelectuales muy preparados, que pueden revelarse como impedimentos para la realizaci\u00f3n de un camino espiritual. Tanto la mente como el coraz\u00f3n, sin esp\u00edritu, tienden a degenerar en intelectualismo y en sentimentalismo. Quien cae en las redes de las ideas o de las emociones, se aleja de la verdadera vida del esp\u00edritu.<\/p>\n<p style=\"text-align: justify\">Estar con \u00c9l y pescar a los hombres: contemplaci\u00f3n y acci\u00f3n, comunidad y misi\u00f3n, interioridad y exterioridad, recibir y dar.<\/p>\n<p style=\"text-align: justify\">Pescar hombres tiene relaci\u00f3n con lo de pescar peces. La misi\u00f3n espiritual siempre est\u00e1 relacionada con los talentos naturales de cada cual, aunque profundiza, desde luego, esos talentos o dones naturales para llevarlos a su plenitud.<\/p>\n<p style=\"text-align: justify\">Resulta sobrecogedora la inmediatez con que estos cuatro primeros disc\u00edpulos aceptan la invitaci\u00f3n de Jes\u00fas y le siguen: no hay dudas, no hay preguntas (\u00bfad\u00f3nde?, \u00bfqui\u00e9n eres?, \u00bfqu\u00e9 pasar\u00e1 con mi familia?&#8230;), s\u00f3lo acci\u00f3n pura.<\/p>\n<p>&nbsp;<\/p>\n<p style=\"text-align: right\"><em>(Inspirado en el libro: Biograf\u00eda de la luz, de Pablo d\u2019Ors)<\/em><\/p>\n","protected":false},"excerpt":{"rendered":"<p>&nbsp; Lectura espiritual LA LLAMADA. Escuchar la voz del maestro interior Mientras paseaba junto al lago de Galilea, vio a dos hermanos -Sim\u00f3n, apodado Pedro, y Andr\u00e9s su hermano- que estaban echando una red al agua, pues eran pescadores. Les dice: Ven\u00edos conmigo y os har\u00e9 PESCADORES DE HOMBRES. Al punto dejaron las redes y &hellip; <\/p>\n<p><a class=\"more-link btn\" href=\"https:\/\/smaria.salou.arqtgn.cat\/es\/xxi-domingo-del-tiempo-ordinario-b-2021\/\">Seguir leyendo<\/a><\/p>\n","protected":false},"author":11,"featured_media":0,"comment_status":"closed","ping_status":"closed","sticky":false,"template":"","format":"standard","meta":{"footnotes":""},"categories":[52,49],"tags":[],"class_list":["post-15437","post","type-post","status-publish","format-standard","hentry","category-para-reflexionar","category-preparando-el-domingo","item-wrap"],"amp_enabled":true,"_links":{"self":[{"href":"https:\/\/smaria.salou.arqtgn.cat\/es\/wp-json\/wp\/v2\/posts\/15437","targetHints":{"allow":["GET"]}}],"collection":[{"href":"https:\/\/smaria.salou.arqtgn.cat\/es\/wp-json\/wp\/v2\/posts"}],"about":[{"href":"https:\/\/smaria.salou.arqtgn.cat\/es\/wp-json\/wp\/v2\/types\/post"}],"author":[{"embeddable":true,"href":"https:\/\/smaria.salou.arqtgn.cat\/es\/wp-json\/wp\/v2\/users\/11"}],"replies":[{"embeddable":true,"href":"https:\/\/smaria.salou.arqtgn.cat\/es\/wp-json\/wp\/v2\/comments?post=15437"}],"version-history":[{"count":2,"href":"https:\/\/smaria.salou.arqtgn.cat\/es\/wp-json\/wp\/v2\/posts\/15437\/revisions"}],"predecessor-version":[{"id":15439,"href":"https:\/\/smaria.salou.arqtgn.cat\/es\/wp-json\/wp\/v2\/posts\/15437\/revisions\/15439"}],"wp:attachment":[{"href":"https:\/\/smaria.salou.arqtgn.cat\/es\/wp-json\/wp\/v2\/media?parent=15437"}],"wp:term":[{"taxonomy":"category","embeddable":true,"href":"https:\/\/smaria.salou.arqtgn.cat\/es\/wp-json\/wp\/v2\/categories?post=15437"},{"taxonomy":"post_tag","embeddable":true,"href":"https:\/\/smaria.salou.arqtgn.cat\/es\/wp-json\/wp\/v2\/tags?post=15437"}],"curies":[{"name":"wp","href":"https:\/\/api.w.org\/{rel}","templated":true}]}}