{"id":15415,"date":"2021-08-14T00:43:20","date_gmt":"2021-08-13T22:43:20","guid":{"rendered":"http:\/\/smaria.salou.arqtgn.cat\/?p=15415"},"modified":"2021-08-14T00:47:18","modified_gmt":"2021-08-13T22:47:18","slug":"asuncion-de-la-virgen-maria-b-2021","status":"publish","type":"post","link":"https:\/\/smaria.salou.arqtgn.cat\/es\/asuncion-de-la-virgen-maria-b-2021\/","title":{"rendered":"Asunci\u00f3n de la Virgen Mar\u00eda \/ B \/ 2021"},"content":{"rendered":"<table style=\"height: 99px;width: 97.3345%\">\n<tbody>\n<tr style=\"height: 256px\">\n<td style=\"height: 99px;width: 42.9098%\">\n<p><div id=\"attachment_15409\" style=\"width: 144px\" class=\"wp-caption aligncenter\"><a href=\"https:\/\/www.lecturesmissa.arquebisbattarragona.cat\/1664\/ASSUMPCI-DE-MARIA?lang=es\" target=\"_blank\" rel=\"noopener\"><img loading=\"lazy\" decoding=\"async\" aria-describedby=\"caption-attachment-15409\" class=\"wp-image-15410\" src=\"http:\/\/smaria.salou.arqtgn.cat\/wp-content\/uploads\/sites\/10\/2021\/08\/Santa_Maria_del_Mar.gif\" alt=\"\" width=\"144\" height=\"302\" \/><\/a><p id=\"caption-attachment-15409\" class=\"wp-caption-text\">Leer la Palabra de Dios<\/p><\/div><\/td>\n<td style=\"height: 99px;width: 56.8154%;text-align: center\">\n<p><div id=\"attachment_14542\" style=\"width: 400px\" class=\"wp-caption aligncenter\"><a href=\"http:\/\/www.esglesiadetarragona.cat\/wp-content\/uploads\/2021\/08\/hd3727.pdf\" target=\"_blank\" rel=\"noopener noreferrer\"><img loading=\"lazy\" decoding=\"async\" aria-describedby=\"caption-attachment-14542\" class=\"wp-image-14542 size-full\" src=\"http:\/\/smaria.salou.arqtgn.cat\/wp-content\/uploads\/sites\/10\/2021\/01\/full_es.jpg\" alt=\"\" width=\"400\" height=\"235\" srcset=\"https:\/\/smaria.salou.arqtgn.cat\/wp-content\/uploads\/sites\/10\/2021\/01\/full_es.jpg 400w, https:\/\/smaria.salou.arqtgn.cat\/wp-content\/uploads\/sites\/10\/2021\/01\/full_es-300x176.jpg 300w\" sizes=\"auto, (max-width: 400px) 100vw, 400px\" \/><\/a><p id=\"caption-attachment-14542\" class=\"wp-caption-text\">Leer la Hoja Dominical<\/p><\/div><\/td>\n<\/tr>\n<\/tbody>\n<\/table>\n<p>&nbsp;<\/p>\n<h3><span style=\"color: #ff9900\">Lectura espiritual<\/span><\/h3>\n<p><strong>21. EL REINO<br \/>\n<\/strong><strong>El mundo s\u00f3lo cambia si cambias t\u00fa<\/strong><\/p>\n<p style=\"text-align: justify\"><em>El Reino de Dios est\u00e1 cerca, CONVERT\u00cdOS Y CREED EN LA BUENA NUEVA. <\/em>(Mc 1,15)<\/p>\n<p style=\"text-align: justify\">Todo buscador espiritual tiene dentro una palabra que le moviliza y da sentido, una palabra que pide ser gestada y alumbrada para el mundo. Para Jes\u00fas de Nazaret, esta palabra fue Reino. <em>Reino de Dios<\/em> apuntando al Esp\u00edritu como fundamento de todo. A esta expresi\u00f3n a\u00f1ad\u00eda a menudo <em>y su justicia<\/em>, indicando que la fe religiosa va \u00edntimamente vinculada a una praxis de convivencia humana de respeto y promoci\u00f3n de la persona. No s\u00f3lo Dios basta: para Jes\u00fas tambi\u00e9n era necesario que los hombres vivieran en paz y armon\u00eda. La fe que no se traduce en amor es s\u00f3lo ideolog\u00eda.<\/p>\n<p style=\"text-align: justify\">Para ello, hab\u00eda que cambiar de vida. <em>Convert\u00edos y creed<\/em>. Convertirse y creer fueron para \u00e9l dos llamadas para poner en movimiento cuerpo y mente, y de este modo despertar el alma: una exhortaci\u00f3n al cambio y otra a la confianza.<\/p>\n<p style=\"text-align: justify\">El orden de esta propuesta no es irrelevante: es la conversi\u00f3n o cambio vital lo que permite al ser humano ver la bondad y belleza de este mundo (y esto es tener fe en la buena noticia). Lo primero, por tanto, es cambiar. Solemos pensar que cambiar\u00edamos si confi\u00e1ramos, pero es exactamente el contrario: confiamos cuando empezamos a cambiar. Casi siempre estamos esperando a que suceda algo que, por fin, nos haga movernos de donde nos encontramos. No te preguntes qu\u00e9 puede darte la vida -podr\u00eda haber dicho Jes\u00fas-, sino que le puedes dar t\u00fa a ella.<\/p>\n<p style=\"text-align: justify\">Cambiar es morir a lo de antes y renacer a algo nuevo. Cambiar es reinventarse, recrearse, trabajar en uno mismo hasta dar con una f\u00f3rmula que se ajuste m\u00e1s a quienes somos.<\/p>\n<p style=\"text-align: justify\">Tres son, en sustancia, nuestras posibilidades existenciales: la di-versi\u00f3n, la per-versi\u00f3n y la con-versi\u00f3n. Divertirse supone deso\u00edr la voz interior y vivir hacia fuera, buscando est\u00edmulos externos.<\/p>\n<p style=\"text-align: justify\">Pervertirse supone acallar la propia conciencia y vivir contra uno mismo, cultivando un germen de autodestrucci\u00f3n.<\/p>\n<p style=\"text-align: justify\">Convertirse implica el doble movimiento de vivir hacia dentro y hacia los dem\u00e1s, ahondando en la propia riqueza interior y comparti\u00e9ndola. Sosteni\u00e9ndonos y ayudando a sostener a los otros. Convertirse no es pasar de lo malo a lo bueno, sino de una situaci\u00f3n determinada a otra mejor. Esto es importante: aqu\u00ed no se trata de una cuesti\u00f3n moral, sino de una din\u00e1mica de crecimiento.<\/p>\n<p style=\"text-align: justify\">Jes\u00fas no empez\u00f3 a predicar en Galilea por casualidad; quiso llegar a mucha gente: a los de dentro y a los de fuera, a los religiosos y a los no religiosos. No comienza poni\u00e9ndose l\u00edmites, sino abriendo al m\u00e1ximo el radio de su influencia. Eso es tener fe, eso es creer en la posibilidad real del cambio.<\/p>\n<p style=\"text-align: justify\">Con este prop\u00f3sito, <em>recorr\u00eda toda Galilea, ense\u00f1ando en sus sinagogas, proclamando la Buena Nueva y curando toda enfermedad y toda dolencia del pueblo <\/em>(Mt 4,23). Jes\u00fas fue algo as\u00ed como un peregrino, un curandero y un predicador. Una suerte de m\u00e9dico y orador itinerante. Sab\u00eda donde quer\u00eda ir y por qu\u00e9, obedec\u00eda un mandato interior. Jes\u00fas camin\u00f3, predic\u00f3 y cur\u00f3 con una intenci\u00f3n determinada. Caminar: los ojos que miran el horizonte y los pies que conducen hasta \u00e9l. Predicar: la boca, las palabras. Curar: las manos, las obras. Pero todo ello precedido del <em>convert\u00edos y creed<\/em>: la confianza en que todo empieza en un cambio personal. El mundo s\u00f3lo cambia si cambias t\u00fa.<\/p>\n<p style=\"text-align: right\"><em>(Inspirado en el libro: Biograf\u00eda de la luz, de Pablo d\u2019Ors)<\/em><\/p>\n","protected":false},"excerpt":{"rendered":"<p>&nbsp; Lectura espiritual 21. EL REINO El mundo s\u00f3lo cambia si cambias t\u00fa El Reino de Dios est\u00e1 cerca, CONVERT\u00cdOS Y CREED EN LA BUENA NUEVA. (Mc 1,15) Todo buscador espiritual tiene dentro una palabra que le moviliza y da sentido, una palabra que pide ser gestada y alumbrada para el mundo. Para Jes\u00fas de &hellip; <\/p>\n<p><a class=\"more-link btn\" href=\"https:\/\/smaria.salou.arqtgn.cat\/es\/asuncion-de-la-virgen-maria-b-2021\/\">Seguir leyendo<\/a><\/p>\n","protected":false},"author":11,"featured_media":0,"comment_status":"closed","ping_status":"closed","sticky":false,"template":"","format":"standard","meta":{"footnotes":""},"categories":[52,49],"tags":[],"class_list":["post-15415","post","type-post","status-publish","format-standard","hentry","category-para-reflexionar","category-preparando-el-domingo","item-wrap"],"amp_enabled":true,"_links":{"self":[{"href":"https:\/\/smaria.salou.arqtgn.cat\/es\/wp-json\/wp\/v2\/posts\/15415","targetHints":{"allow":["GET"]}}],"collection":[{"href":"https:\/\/smaria.salou.arqtgn.cat\/es\/wp-json\/wp\/v2\/posts"}],"about":[{"href":"https:\/\/smaria.salou.arqtgn.cat\/es\/wp-json\/wp\/v2\/types\/post"}],"author":[{"embeddable":true,"href":"https:\/\/smaria.salou.arqtgn.cat\/es\/wp-json\/wp\/v2\/users\/11"}],"replies":[{"embeddable":true,"href":"https:\/\/smaria.salou.arqtgn.cat\/es\/wp-json\/wp\/v2\/comments?post=15415"}],"version-history":[{"count":3,"href":"https:\/\/smaria.salou.arqtgn.cat\/es\/wp-json\/wp\/v2\/posts\/15415\/revisions"}],"predecessor-version":[{"id":15419,"href":"https:\/\/smaria.salou.arqtgn.cat\/es\/wp-json\/wp\/v2\/posts\/15415\/revisions\/15419"}],"wp:attachment":[{"href":"https:\/\/smaria.salou.arqtgn.cat\/es\/wp-json\/wp\/v2\/media?parent=15415"}],"wp:term":[{"taxonomy":"category","embeddable":true,"href":"https:\/\/smaria.salou.arqtgn.cat\/es\/wp-json\/wp\/v2\/categories?post=15415"},{"taxonomy":"post_tag","embeddable":true,"href":"https:\/\/smaria.salou.arqtgn.cat\/es\/wp-json\/wp\/v2\/tags?post=15415"}],"curies":[{"name":"wp","href":"https:\/\/api.w.org\/{rel}","templated":true}]}}