{"id":15401,"date":"2021-08-06T17:20:08","date_gmt":"2021-08-06T15:20:08","guid":{"rendered":"http:\/\/smaria.salou.arqtgn.cat\/?p=15401"},"modified":"2021-08-06T17:20:08","modified_gmt":"2021-08-06T15:20:08","slug":"xix-domingo-tiempo-ordinario-b-2021","status":"publish","type":"post","link":"https:\/\/smaria.salou.arqtgn.cat\/es\/xix-domingo-tiempo-ordinario-b-2021\/","title":{"rendered":"XIX domingo tiempo ordinario \/ B \/ 2021"},"content":{"rendered":"<table style=\"height: 99px;width: 97.3345%\">\n<tbody>\n<tr style=\"height: 256px\">\n<td style=\"height: 99px;width: 42.9098%\">\n<p><div id=\"attachment_15024\" style=\"width: 279px\" class=\"wp-caption alignnone\"><a href=\"https:\/\/www.lecturesmissa.arquebisbattarragona.cat\/1663\/DIUMENGE-XIX-DURANT-L039ANY-B?lang=es\" target=\"_blank\" rel=\"noopener\"><img loading=\"lazy\" decoding=\"async\" aria-describedby=\"caption-attachment-15024\" class=\"wp-image-15024\" src=\"https:\/\/www.carmiseuropa.org\/imagftp\/im11867pan_vivo-png.jpg?w=584?\" alt=\"\" width=\"279\" height=\"174\" \/><\/a><p id=\"caption-attachment-15024\" class=\"wp-caption-text\">Leer la Palabra de Dios<\/p><\/div><\/td>\n<td style=\"height: 99px;width: 56.8154%;text-align: center\">\n<p><div id=\"attachment_14542\" style=\"width: 400px\" class=\"wp-caption aligncenter\"><a href=\"http:\/\/www.esglesiadetarragona.cat\/wp-content\/uploads\/2021\/08\/hd3726.pdf\" target=\"_blank\" rel=\"noopener noreferrer\"><img loading=\"lazy\" decoding=\"async\" aria-describedby=\"caption-attachment-14542\" class=\"wp-image-14542 size-full\" src=\"http:\/\/smaria.salou.arqtgn.cat\/wp-content\/uploads\/sites\/10\/2021\/01\/full_es.jpg\" alt=\"\" width=\"400\" height=\"235\" srcset=\"https:\/\/smaria.salou.arqtgn.cat\/wp-content\/uploads\/sites\/10\/2021\/01\/full_es.jpg 400w, https:\/\/smaria.salou.arqtgn.cat\/wp-content\/uploads\/sites\/10\/2021\/01\/full_es-300x176.jpg 300w\" sizes=\"auto, (max-width: 400px) 100vw, 400px\" \/><\/a><p id=\"caption-attachment-14542\" class=\"wp-caption-text\">Leer la Hoja Dominical<\/p><\/div><\/td>\n<\/tr>\n<\/tbody>\n<\/table>\n<p>&nbsp;<\/p>\n<h3><span style=\"color: #ff9900\">Lectura espiritual<\/span><\/h3>\n<p><strong>20. LA BODA<br \/>\n<\/strong><\/p>\n<p style=\"text-align: justify\"><em>Al tercer d\u00eda se celebraba una boda en Can\u00e1 de Galilea; all\u00ed estaba la madre de Jes\u00fas. Jes\u00fas y sus disc\u00edpulos estaban invitados a la boda. Se acab\u00f3 el vino, y la madre de Jes\u00fas le dice: NO TIENEN VINO. Le responde Jes\u00fas: \u00bfqu\u00e9 quieres de m\u00ed, mujer? A\u00fan no ha llegado mi hora. La madre dice a los sirvientes: Lo que os diga, hacedlo. Hab\u00eda all\u00ed seis tinajas de piedra para las abluciones de los jud\u00edos, con una capacidad de setenta a cien litros. Jes\u00fas les dice: llenad las tinajas de agua. Las llenaron hasta el borde. Les dice: Ahora sacad algo y llevadlo al maestresala. Se lo llevaron. Cuando el maestresala prob\u00f3 el agua convertida en vino (sin saber de d\u00f3nde proced\u00eda, aunque los sirvientes que hab\u00edan sacado el agua lo sab\u00edan), se dirige al novio y le dice: Todo el mundo sirve primero el vino mejor, y cuando los convidados est\u00e1n algo bebidos, saca el peor. T\u00fa has guardado hasta ahora el vino mejor. <\/em>(Jn 2,1-10)<\/p>\n<p style=\"text-align: justify\">Toda boda celebra que el coraz\u00f3n ha unido la mente con el cuerpo. Porque la mente sin el cuerpo es puro intelectualismo o, lo que es lo mismo, simple ideolog\u00eda y, en \u00faltimo t\u00e9rmino, alienaci\u00f3n. El cuerpo sin coraz\u00f3n, en cambio es pura animalidad, o sea, expresi\u00f3n sin intencionalidad s\u00f3lo desde el coraz\u00f3n podemos tener las ideas justas -ajustadas a la realidad- y los instintos humanizados, orientados a una finalidad.<\/p>\n<p style=\"text-align: justify\">\u00a0La celebraci\u00f3n de estas bodas de la unificaci\u00f3n humana s\u00f3lo es posible cuando Cristo llega a la fiesta, que es lo mismo que decir cuando el coraz\u00f3n -normalmente endurecido o disperso, v\u00edctima de infinitos reclamos- se despierta y se centra. Faltaba el vino en la fiesta, faltaba \u00c9l.<\/p>\n<p style=\"text-align: justify\">Ahora bien, el vino no aparece sin m\u00e1s: alguien tiene que pedirlo y traerlo. \u00c9ste es el papel de Mar\u00eda, la misi\u00f3n de nuestra virginidad interior, de nuestra inocencia primordial. Mar\u00eda es siempre quien reconoce la carencia <em>(no tienen vino)<\/em> y quien pone en marcha la fiesta <em>(lo que os diga, hacedlo)<\/em>. Debemos pues admitir que nos falta esp\u00edritu y pedirlo; y pedirlo de verdad no es c\u00f3modo: requiere concebirlo, gestarlo y alumbrarlo. Todo muy bonito, por supuesto, pero tambi\u00e9n laborioso.<\/p>\n<p style=\"text-align: justify\">\u00a0<em>\u00bfQu\u00e9 quieres de m\u00ed, mujer? Todav\u00eda no ha llegado mi hora<\/em>, a\u00f1ade Jes\u00fas, como rechazando implicarse. Mar\u00eda, que ha posibilitado la entrada biol\u00f3gica de Jes\u00fas a este mundo, le da ahora la entrada espiritual. Empieza tu trabajo, es como si le dijera. Empieza a repartirles vida, que eso es lo que significa el vino. Comienza a celebrar la Eucarist\u00eda para la que has nacido. Jes\u00fas se resiste (todos nos resistimos); pero, al cabo -y en eso marca la diferencia-, supera sus prevenciones y se pone en acci\u00f3n: su hora ha sonado efectivamente. Es la hora de dar cabida en el mundo a la nueva ley del vino y del amor.<\/p>\n<p style=\"text-align: justify\">La tinajas fueron llenadas de agua \u201chasta el borde\u201d, es decir, confiando sin reservas. Nadie quiere ser amado a medias, sino hasta el extremo. El amor a medias no existe. Amar es siempre hasta los bordes, esto es con riesgo de desbordamiento. Sin riesgo no hay amor; sin confianza no hay oraci\u00f3n.<\/p>\n<p style=\"text-align: justify\">Toda el agua se convierte en vino: el esp\u00edritu afecta al hombre entero, desde el principio de su historia (su pasado queda sanado) hasta su fin (su futuro queda liberado de cualquier temor). Agua que purifica; vino que vivifica.<\/p>\n<p style=\"text-align: justify\">Can\u00e1: met\u00e1fora del camino espiritual: reconocer la realidad <em>(no tienen vino)<\/em>, llenar las tinajas de agua hasta los bordes (purificarnos), y ponernos confiadamente en sus manos <em>(lo que os diga, hacedlo).<\/em> Un buscador espiritual es quien dice: \u00e9sta es la hora de abrir los ojos, es el momento de purificarse, es preciso posibilitar el Reino de Dios. Para ello hay que prepararse, cuidar y cuidarse, ponerse en marcha.<\/p>\n<p style=\"text-align: justify\">El mundo se alegrar\u00e1 gracias a esta puesta en marcha de los buscadores espirituales, pero no se lo reconocer\u00e1. No siembras alegr\u00eda para ser reconocido, disfrutar de la alegr\u00eda de los dem\u00e1s es ya el premio de la cosecha.<\/p>\n<p style=\"text-align: right\"><em>(Inspirado en el libro: Biograf\u00eda de la luz, de Pablo d\u2019Ors)<\/em><\/p>\n","protected":false},"excerpt":{"rendered":"<p>&nbsp; Lectura espiritual 20. LA BODA Al tercer d\u00eda se celebraba una boda en Can\u00e1 de Galilea; all\u00ed estaba la madre de Jes\u00fas. Jes\u00fas y sus disc\u00edpulos estaban invitados a la boda. Se acab\u00f3 el vino, y la madre de Jes\u00fas le dice: NO TIENEN VINO. Le responde Jes\u00fas: \u00bfqu\u00e9 quieres de m\u00ed, mujer? A\u00fan &hellip; <\/p>\n<p><a class=\"more-link btn\" href=\"https:\/\/smaria.salou.arqtgn.cat\/es\/xix-domingo-tiempo-ordinario-b-2021\/\">Seguir leyendo<\/a><\/p>\n","protected":false},"author":11,"featured_media":0,"comment_status":"closed","ping_status":"closed","sticky":false,"template":"","format":"standard","meta":{"footnotes":""},"categories":[52,49],"tags":[],"class_list":["post-15401","post","type-post","status-publish","format-standard","hentry","category-para-reflexionar","category-preparando-el-domingo","item-wrap"],"amp_enabled":true,"_links":{"self":[{"href":"https:\/\/smaria.salou.arqtgn.cat\/es\/wp-json\/wp\/v2\/posts\/15401","targetHints":{"allow":["GET"]}}],"collection":[{"href":"https:\/\/smaria.salou.arqtgn.cat\/es\/wp-json\/wp\/v2\/posts"}],"about":[{"href":"https:\/\/smaria.salou.arqtgn.cat\/es\/wp-json\/wp\/v2\/types\/post"}],"author":[{"embeddable":true,"href":"https:\/\/smaria.salou.arqtgn.cat\/es\/wp-json\/wp\/v2\/users\/11"}],"replies":[{"embeddable":true,"href":"https:\/\/smaria.salou.arqtgn.cat\/es\/wp-json\/wp\/v2\/comments?post=15401"}],"version-history":[{"count":4,"href":"https:\/\/smaria.salou.arqtgn.cat\/es\/wp-json\/wp\/v2\/posts\/15401\/revisions"}],"predecessor-version":[{"id":15405,"href":"https:\/\/smaria.salou.arqtgn.cat\/es\/wp-json\/wp\/v2\/posts\/15401\/revisions\/15405"}],"wp:attachment":[{"href":"https:\/\/smaria.salou.arqtgn.cat\/es\/wp-json\/wp\/v2\/media?parent=15401"}],"wp:term":[{"taxonomy":"category","embeddable":true,"href":"https:\/\/smaria.salou.arqtgn.cat\/es\/wp-json\/wp\/v2\/categories?post=15401"},{"taxonomy":"post_tag","embeddable":true,"href":"https:\/\/smaria.salou.arqtgn.cat\/es\/wp-json\/wp\/v2\/tags?post=15401"}],"curies":[{"name":"wp","href":"https:\/\/api.w.org\/{rel}","templated":true}]}}