{"id":15393,"date":"2021-08-03T18:26:28","date_gmt":"2021-08-03T16:26:28","guid":{"rendered":"http:\/\/smaria.salou.arqtgn.cat\/?p=15393"},"modified":"2021-08-05T18:27:46","modified_gmt":"2021-08-05T16:27:46","slug":"el-video-del-papa-agosto-de-2021-la-iglesia-en-camino","status":"publish","type":"post","link":"https:\/\/smaria.salou.arqtgn.cat\/es\/el-video-del-papa-agosto-de-2021-la-iglesia-en-camino\/","title":{"rendered":"El video del Papa, agosto de 2021. La Iglesia en camino"},"content":{"rendered":"<p style=\"text-align: justify\">[youtube https:\/\/www.youtube.com\/watch?v=EmZD4Bgf18M]<\/p>\n<p style=\"text-align: justify\"><span class=\"style-scope yt-formatted-string\" dir=\"auto\">La Iglesia es algo vivo. Y como todas las cosas vivas, va transform\u00e1ndose. En este proceso de cambio puede encontrar dificultades, pero no olvida nunca su identidad evangelizadora. La renovaci\u00f3n de la Iglesia, nos dice el Santo Padre, est\u00e1 guiada por el Esp\u00edritu Santo y empieza \u201ccon una reforma de nosotros mismos. Sin ideas prefabricadas, sin prejuicios ideol\u00f3gicos, sin rigideces\u201d. Un\u00e1monos al sue\u00f1o de Francisco de una Iglesia con \u201cuna opci\u00f3n a\u00fan m\u00e1s misionera, que salga al encuentro del otro sin proselitismo y que transforme todas sus estructuras para la evangelizaci\u00f3n del mundo actual.\u201d <\/span><\/p>\n<p style=\"text-align: justify\"><span class=\"style-scope yt-formatted-string\" dir=\"auto\">Si compartes este sue\u00f1o, comparte el mensaje del Papa con todos los que quieren avanzar por el camino que \u00e9l nos muestra. <\/span><\/p>\n<p style=\"text-align: justify\"><span class=\"style-scope yt-formatted-string\" dir=\"auto\">\u201cLa vocaci\u00f3n propia de la Iglesia es evangelizar, que no es hacer proselitismo, no. La vocaci\u00f3n es evangelizar, m\u00e1s a\u00fan, la identidad de la Iglesia es evangelizar.<\/span><\/p>\n<p style=\"text-align: justify\"><span class=\"style-scope yt-formatted-string\" dir=\"auto\"> Solo podremos renovar la Iglesia desde el discernimiento de la voluntad de Dios en nuestra vida diaria. Y emprendiendo una transformaci\u00f3n guiados por el Esp\u00edritu Santo. Nuestra propia reforma como personas, esa es la transformaci\u00f3n. Dejar que el Esp\u00edritu Santo, que es el don de Dios en nuestros corazones, nos recuerde lo que Jes\u00fas ense\u00f1\u00f3 y nos ayude a ponerlo en pr\u00e1ctica. <\/span><\/p>\n<p style=\"text-align: justify\"><span class=\"style-scope yt-formatted-string\" dir=\"auto\">Empecemos reformando la Iglesia con una reforma de nosotros mismos. Sin ideas prefabricadas, sin prejuicios ideol\u00f3gicos, sin rigideces sino avanzando a partir de una experiencia espiritual, una experiencia de oraci\u00f3n, una experiencia de caridad, una experiencia de servicio. <\/span><\/p>\n<p style=\"text-align: justify\"><span class=\"style-scope yt-formatted-string\" dir=\"auto\">Sue\u00f1o con una opci\u00f3n a\u00fan m\u00e1s misionera, que salga al encuentro del otro sin proselitismo y que transforme todas sus estructuras para la evangelizaci\u00f3n del mundo actual. <\/span><\/p>\n<p style=\"text-align: justify\"><span class=\"style-scope yt-formatted-string\" dir=\"auto\">Recordemos que la Iglesia siempre tiene dificultades, siempre tiene crisis, porque est\u00e1 viva. Las cosas vivas entran en crisis. Solo los muertos no entran en crisis.<\/span><\/p>\n<p style=\"text-align: justify\"><span class=\"style-scope yt-formatted-string\" dir=\"auto\"> Recemos por la Iglesia, para que reciba del Esp\u00edritu Santo la gracia y la fuerza para reformarse a la luz del Evangelio.\u201d<\/span><\/p>\n<p><a href=\"https:\/\/thepopevideo.org\/wp-content\/uploads\/2021\/07\/Infografi%CC%81a-TPV-8-2021-ES-La-Iglesia-en-camino-768x3826.jpg\" target=\"_blank\" rel=\"noopener\"><img loading=\"lazy\" decoding=\"async\" class=\"aligncenter\" src=\"https:\/\/thepopevideo.org\/wp-content\/uploads\/2021\/07\/Infografi%CC%81a-TPV-8-2021-ES-La-Iglesia-en-camino-768x3826.jpg\" alt=\"\" width=\"768\" height=\"3826\" \/><\/a><\/p>\n<p>Si vols veure m\u00e9s v\u00eddeos sobres les intencions del Papa els trobar\u00e0s a http:\/\/www.elvideodelpapa.org<\/p>\n","protected":false},"excerpt":{"rendered":"<p>[youtube https:\/\/www.youtube.com\/watch?v=EmZD4Bgf18M] La Iglesia es algo vivo. Y como todas las cosas vivas, va transform\u00e1ndose. En este proceso de cambio puede encontrar dificultades, pero no olvida nunca su identidad evangelizadora. La renovaci\u00f3n de la Iglesia, nos dice el Santo Padre, est\u00e1 guiada por el Esp\u00edritu Santo y empieza \u201ccon una reforma de nosotros mismos. Sin &hellip; <\/p>\n<p><a class=\"more-link btn\" href=\"https:\/\/smaria.salou.arqtgn.cat\/es\/el-video-del-papa-agosto-de-2021-la-iglesia-en-camino\/\">Seguir leyendo<\/a><\/p>\n","protected":false},"author":11,"featured_media":0,"comment_status":"closed","ping_status":"closed","sticky":false,"template":"","format":"standard","meta":{"footnotes":""},"categories":[56,52],"tags":[70],"class_list":["post-15393","post","type-post","status-publish","format-standard","hentry","category-actualitat-es","category-para-reflexionar","tag-el-video-del-papa-es","item-wrap"],"amp_enabled":true,"_links":{"self":[{"href":"https:\/\/smaria.salou.arqtgn.cat\/es\/wp-json\/wp\/v2\/posts\/15393","targetHints":{"allow":["GET"]}}],"collection":[{"href":"https:\/\/smaria.salou.arqtgn.cat\/es\/wp-json\/wp\/v2\/posts"}],"about":[{"href":"https:\/\/smaria.salou.arqtgn.cat\/es\/wp-json\/wp\/v2\/types\/post"}],"author":[{"embeddable":true,"href":"https:\/\/smaria.salou.arqtgn.cat\/es\/wp-json\/wp\/v2\/users\/11"}],"replies":[{"embeddable":true,"href":"https:\/\/smaria.salou.arqtgn.cat\/es\/wp-json\/wp\/v2\/comments?post=15393"}],"version-history":[{"count":3,"href":"https:\/\/smaria.salou.arqtgn.cat\/es\/wp-json\/wp\/v2\/posts\/15393\/revisions"}],"predecessor-version":[{"id":15396,"href":"https:\/\/smaria.salou.arqtgn.cat\/es\/wp-json\/wp\/v2\/posts\/15393\/revisions\/15396"}],"wp:attachment":[{"href":"https:\/\/smaria.salou.arqtgn.cat\/es\/wp-json\/wp\/v2\/media?parent=15393"}],"wp:term":[{"taxonomy":"category","embeddable":true,"href":"https:\/\/smaria.salou.arqtgn.cat\/es\/wp-json\/wp\/v2\/categories?post=15393"},{"taxonomy":"post_tag","embeddable":true,"href":"https:\/\/smaria.salou.arqtgn.cat\/es\/wp-json\/wp\/v2\/tags?post=15393"}],"curies":[{"name":"wp","href":"https:\/\/api.w.org\/{rel}","templated":true}]}}