{"id":15374,"date":"2021-07-31T00:41:04","date_gmt":"2021-07-30T22:41:04","guid":{"rendered":"http:\/\/smaria.salou.arqtgn.cat\/?p=15374"},"modified":"2021-07-31T07:42:49","modified_gmt":"2021-07-31T05:42:49","slug":"domingo-xviii-del-tiempo-orinario-b-2021","status":"publish","type":"post","link":"https:\/\/smaria.salou.arqtgn.cat\/es\/domingo-xviii-del-tiempo-orinario-b-2021\/","title":{"rendered":"Domingo XVIII del tiempo Orinario  \/ B \/ 2021"},"content":{"rendered":"<table style=\"height: 99px;width: 97.3345%\">\n<tbody>\n<tr style=\"height: 256px\">\n<td style=\"height: 99px;width: 42.9098%\">\n<p><div id=\"attachment_15024\" style=\"width: 260px\" class=\"wp-caption aligncenter\"><a href=\"https:\/\/www.lecturesmissa.arquebisbattarragona.cat\/1661\/XVIII-DOMINGO-ORDINARIO-B\" target=\"_blank\" rel=\"noopener\"><img loading=\"lazy\" decoding=\"async\" aria-describedby=\"caption-attachment-15024\" class=\"wp-image-15024\" src=\"https:\/\/cristobalcastro07.files.wordpress.com\/2011\/08\/jesus-el-pan-de-vida.jpg?w=584?\" alt=\"\" width=\"260\" height=\"309\" \/><\/a><p id=\"caption-attachment-15024\" class=\"wp-caption-text\">Leer la Palabra de Dios<\/p><\/div><\/td>\n<td style=\"height: 99px;width: 56.8154%;text-align: center\">\n<p><div id=\"attachment_14542\" style=\"width: 400px\" class=\"wp-caption aligncenter\"><a href=\"http:\/\/hemeroteca.arqtgn.cat\/bitstream\/123456789\/12813\/2\/hd3725.pdf\" target=\"_blank\" rel=\"noopener noreferrer\"><img loading=\"lazy\" decoding=\"async\" aria-describedby=\"caption-attachment-14542\" class=\"wp-image-14542 size-full\" src=\"http:\/\/smaria.salou.arqtgn.cat\/wp-content\/uploads\/sites\/10\/2021\/01\/full_es.jpg\" alt=\"\" width=\"400\" height=\"235\" srcset=\"https:\/\/smaria.salou.arqtgn.cat\/wp-content\/uploads\/sites\/10\/2021\/01\/full_es.jpg 400w, https:\/\/smaria.salou.arqtgn.cat\/wp-content\/uploads\/sites\/10\/2021\/01\/full_es-300x176.jpg 300w\" sizes=\"auto, (max-width: 400px) 100vw, 400px\" \/><\/a><p id=\"caption-attachment-14542\" class=\"wp-caption-text\">Leer la Hoja Dominical<\/p><\/div><\/td>\n<\/tr>\n<\/tbody>\n<\/table>\n<p>&nbsp;<\/p>\n<p>[youtube https:\/\/www.youtube.com\/watch?v=0JJDflVPnVI]<\/p>\n<p>&nbsp;<\/p>\n<h3><span style=\"color: #ff9900\">Lectura espiritual<\/span><\/h3>\n<p><strong>19. LA MISI\u00d3N. \u00c9ste es tu momento<br \/>\n<\/strong><\/p>\n<p style=\"text-align: justify\"><em>Fue a Nazaret, donde se hab\u00eda criado y, seg\u00fan su costumbre, entr\u00f3 un s\u00e1bado en la sinagoga y se puso en pie para hacer la lectura. Le entregaron el rollo del profeta Isa\u00edas. Lo desenroll\u00f3 y dio con el texto que dice: El esp\u00edritu del Se\u00f1or est\u00e1 sobre m\u00ed, porque \u00e9l me ha ungido para anunciar la buena noticia a los pobres, me ha enviado a [\u2026] dar la vista a los ciegos, a poner en libertad a los oprimidos, a proclamar el a\u00f1o de gracia del Se\u00f1or. Y enrollando el libro, se lo dio al ministro, y se sent\u00f3. LOS OJOS DE TODOS EN LA SINAGOGA ESTABAN FIJOS EN \u00c9L. Y empez\u00f3 dici\u00e9ndoles: Hoy se ha cumplido esta Escritura ante vosotros. <\/em>(Lc 4,16-21)<\/p>\n<p style=\"text-align: justify\">Nadie deber\u00eda guardar para s\u00ed lo que ha recibido para bien de todos. Una vez que su experiencia inici\u00e1tica del bautismo hab\u00eda sido probada en el desierto, Jes\u00fas se presenta en la sinagoga ante su comunidad religiosa. La iluminaci\u00f3n nunca deja a su protagonista encerrado en su vida privada o en su mundo particular, sino que le conduce a exponerse a la vida p\u00fablica.<\/p>\n<p style=\"text-align: justify\">Nosotros preferimos quedarnos en el calor de nuestros hogares, donde nadie nos haga preguntas dif\u00edciles o comprometedoras. Donde nadie ponga en tela de juicio nuestros grandes o peque\u00f1os descubrimientos. No callamos por timidez; mucho menos por humildad, sino por cobard\u00eda: tememos que se ponga de manifiesto que no somos tan valiosos como parec\u00edamos. Tenemos miedo de la verdad.<\/p>\n<p style=\"text-align: justify\">Jes\u00fas se limita a leer un pasaje del profeta Isa\u00edas, es decir, un venerable texto de su tradici\u00f3n. Todo verdadero maestro ayuda a examinar las propias escrituras, la propia historia. Utiliza el pasado para comprender el presente. El esp\u00edritu se dice en la cultura.<\/p>\n<p style=\"text-align: justify\">Cabe suponer que Jes\u00fas se emocion\u00f3 al proclamar: <em>el Esp\u00edritu del Se\u00f1or est\u00e1 sobre m\u00ed, puesto que me ha ungido. <\/em>Est\u00e1 descubriendo en ese preciso momento, ante su auditorio, que la Palabra de Dios puede y debe leerse en clave personal, personal\u00edsima. Porque, como al profeta Isa\u00edas, tambi\u00e9n a \u00e9l se le hab\u00eda ungido para tareas muy concretas.<\/p>\n<p style=\"text-align: justify\">Primera tarea: anunciar la esperanza a los pobres. No s\u00f3lo a los pobres materiales, sino a los que se siente oprimidos y humillados, los olvidados, los sedientos\u2026 Pobres son todos los que sienten hambre y sed. Sin sed no hay nada que hacer. Nada puede hacer Jes\u00fas por quienes no lo desean.<\/p>\n<p style=\"text-align: justify\">Segunda tarea: dar la vista a los ciegos, iluminar. No s\u00f3lo quienes no ven lo de fuera, sino sobre todo lo de dentro. El verdadero problema es que no vemos, que no escuchamos. Jes\u00fas es maestro precisamente porque ense\u00f1a a abrir los ojos y los o\u00eddos. Porque nos saca de nuestra cerraz\u00f3n.<\/p>\n<p style=\"text-align: justify\">Tercera tarea: liberar a los cautivos, ayudar y quitar sufrimiento. Cautivos no solo los juzgados, condenados y encerrados por alg\u00fan delito, sino todos los que somos v\u00edctimas de alguna dependencia o alg\u00fan apego que nos ha robado la libertad.<\/p>\n<p style=\"text-align: justify\">Esto que acabo de leeros se cumple en este momento. Aqu\u00ed y ahora es cuando se est\u00e1 realizando. Hoy es el tiempo de la gracia. Es ahora -y no despu\u00e9s- cuando puedes despertar, \u00e9ste es tu momento para liberarte y liberar. \u00c9ste es tu a\u00f1o de gracia, el d\u00eda que estabas esperando, el instante en que confluyen todos los instantes de tu historia. Cada uno de nosotros est\u00e1 llamado a decir: <em>El Esp\u00edritu est\u00e1 sobre m\u00ed. <\/em>Tengo una misi\u00f3n a cumplir y voy a cumplirla.<\/p>\n<p style=\"text-align: right\"><em>(Inspirado en el libro: Biograf\u00eda de la luz, de Pablo d\u2019Ors)<\/em><\/p>\n","protected":false},"excerpt":{"rendered":"<p>&nbsp; [youtube https:\/\/www.youtube.com\/watch?v=0JJDflVPnVI] &nbsp; Lectura espiritual 19. LA MISI\u00d3N. \u00c9ste es tu momento Fue a Nazaret, donde se hab\u00eda criado y, seg\u00fan su costumbre, entr\u00f3 un s\u00e1bado en la sinagoga y se puso en pie para hacer la lectura. Le entregaron el rollo del profeta Isa\u00edas. Lo desenroll\u00f3 y dio con el texto que dice: &hellip; <\/p>\n<p><a class=\"more-link btn\" href=\"https:\/\/smaria.salou.arqtgn.cat\/es\/domingo-xviii-del-tiempo-orinario-b-2021\/\">Seguir leyendo<\/a><\/p>\n","protected":false},"author":11,"featured_media":0,"comment_status":"closed","ping_status":"closed","sticky":false,"template":"","format":"standard","meta":{"footnotes":""},"categories":[52,49],"tags":[],"class_list":["post-15374","post","type-post","status-publish","format-standard","hentry","category-para-reflexionar","category-preparando-el-domingo","item-wrap"],"amp_enabled":true,"_links":{"self":[{"href":"https:\/\/smaria.salou.arqtgn.cat\/es\/wp-json\/wp\/v2\/posts\/15374","targetHints":{"allow":["GET"]}}],"collection":[{"href":"https:\/\/smaria.salou.arqtgn.cat\/es\/wp-json\/wp\/v2\/posts"}],"about":[{"href":"https:\/\/smaria.salou.arqtgn.cat\/es\/wp-json\/wp\/v2\/types\/post"}],"author":[{"embeddable":true,"href":"https:\/\/smaria.salou.arqtgn.cat\/es\/wp-json\/wp\/v2\/users\/11"}],"replies":[{"embeddable":true,"href":"https:\/\/smaria.salou.arqtgn.cat\/es\/wp-json\/wp\/v2\/comments?post=15374"}],"version-history":[{"count":4,"href":"https:\/\/smaria.salou.arqtgn.cat\/es\/wp-json\/wp\/v2\/posts\/15374\/revisions"}],"predecessor-version":[{"id":15379,"href":"https:\/\/smaria.salou.arqtgn.cat\/es\/wp-json\/wp\/v2\/posts\/15374\/revisions\/15379"}],"wp:attachment":[{"href":"https:\/\/smaria.salou.arqtgn.cat\/es\/wp-json\/wp\/v2\/media?parent=15374"}],"wp:term":[{"taxonomy":"category","embeddable":true,"href":"https:\/\/smaria.salou.arqtgn.cat\/es\/wp-json\/wp\/v2\/categories?post=15374"},{"taxonomy":"post_tag","embeddable":true,"href":"https:\/\/smaria.salou.arqtgn.cat\/es\/wp-json\/wp\/v2\/tags?post=15374"}],"curies":[{"name":"wp","href":"https:\/\/api.w.org\/{rel}","templated":true}]}}