{"id":15309,"date":"2021-07-16T17:29:09","date_gmt":"2021-07-16T15:29:09","guid":{"rendered":"http:\/\/smaria.salou.arqtgn.cat\/?p=15309"},"modified":"2021-07-16T17:30:11","modified_gmt":"2021-07-16T15:30:11","slug":"xvi-domingo-del-tiempo-ordinario-b-2021","status":"publish","type":"post","link":"https:\/\/smaria.salou.arqtgn.cat\/es\/xvi-domingo-del-tiempo-ordinario-b-2021\/","title":{"rendered":"XVI Domingo del tiempo ordinario \/ B \/ 2021"},"content":{"rendered":"<table style=\"height: 99px;width: 97.3345%\">\n<tbody>\n<tr style=\"height: 256px\">\n<td style=\"height: 99px;width: 42.9098%\">\n<p><div id=\"attachment_15024\" style=\"width: 283px\" class=\"wp-caption aligncenter\"><a href=\"https:\/\/www.lecturesmissa.arquebisbattarragona.cat\/1658\/DIUMENGE-XVI-DURANT-L039ANY-B?lang=es\" target=\"_blank\" rel=\"noopener\"><img loading=\"lazy\" decoding=\"async\" aria-describedby=\"caption-attachment-15024\" class=\"wp-image-15024\" src=\"https:\/\/acuarela.files.wordpress.com\/2010\/12\/sermonmontania.jpg?\" alt=\"\" width=\"283\" height=\"239\" \/><\/a><p id=\"caption-attachment-15024\" class=\"wp-caption-text\">Leer la Palabra de Dios<\/p><\/div><\/td>\n<td style=\"height: 99px;width: 56.8154%;text-align: center\">\n<p><div id=\"attachment_14542\" style=\"width: 400px\" class=\"wp-caption aligncenter\"><a href=\"http:\/\/hemeroteca.arqtgn.cat\/bitstream\/123456789\/12811\/2\/hd3723.pdf\" target=\"_blank\" rel=\"noopener noreferrer\"><img loading=\"lazy\" decoding=\"async\" aria-describedby=\"caption-attachment-14542\" class=\"wp-image-14542 size-full\" src=\"http:\/\/smaria.salou.arqtgn.cat\/wp-content\/uploads\/sites\/10\/2021\/01\/full_es.jpg\" alt=\"\" width=\"400\" height=\"235\" srcset=\"https:\/\/smaria.salou.arqtgn.cat\/wp-content\/uploads\/sites\/10\/2021\/01\/full_es.jpg 400w, https:\/\/smaria.salou.arqtgn.cat\/wp-content\/uploads\/sites\/10\/2021\/01\/full_es-300x176.jpg 300w\" sizes=\"auto, (max-width: 400px) 100vw, 400px\" \/><\/a><p id=\"caption-attachment-14542\" class=\"wp-caption-text\">Leer la Hoja Dominical<\/p><\/div><\/td>\n<\/tr>\n<\/tbody>\n<\/table>\n<p>[youtube https:\/\/www.youtube.com\/watch?v=jd49J-PZSAg]<\/p>\n<p>&nbsp;<\/p>\n<p>[youtube https:\/\/www.youtube.com\/watch?v=4wPapajCdns]<\/p>\n<p>&nbsp;<\/p>\n<h3><span style=\"color: #ff9900\">Lectura espiritual<\/span><\/h3>\n<p><strong>17. EL MUNDO<br \/>\n<\/strong><strong>Estar en el mundo sin ser de \u00e9l<\/strong><\/p>\n<p style=\"text-align: justify\"><em>Despu\u00e9s lo llev\u00f3 a una cima y le mostr\u00f3 en un instante todos los reinos del mundo. El diablo le dijo: te dar\u00e9 todo ese poder y su gloria, porque a m\u00ed me lo han dado y lo doy a quien quiero. Por tanto, SI TE POSTRAS ANTE M\u00cd, TODO SER\u00c1 TUYO. Le replic\u00f3 Jes\u00fas: Est\u00e1 escrito. Al Se\u00f1or tu Dios adorar\u00e1s, a \u00e9l s\u00f3lo dar\u00e1s culto. <\/em>(Lc 4,5-8)<\/p>\n<p style=\"text-align: justify\">El diablo coloca a Jes\u00fas ante el mundo y le dice: \u00a1Es tuyo! \u00bfNo dec\u00edas que quer\u00edas ser el mes\u00edas, que quer\u00edas ayudar al pueblo, que ten\u00edas vocaci\u00f3n de servicio\u2026? \u00a1Pues ah\u00ed tienes a tu gente! Olv\u00eddate de lo que est\u00e1s tramando: llamar a unos cuantos, constituir una peque\u00f1a comunidad, ir poco a poco, coraz\u00f3n a coraz\u00f3n, avanzar con modestia, dejar libertad de elecci\u00f3n\u2026 todo lo tienes aqu\u00ed, de golpe\u2026<\/p>\n<p style=\"text-align: justify\">Desde la cima en que ambos se encuentran, lo que Jes\u00fas ve es a una inmensa muchedumbre. \u00c9sta es precisamente la tentaci\u00f3n: creer que para existir se necesita de la multitud. Creer que se depende del reconocimiento ajeno. Pero Jes\u00fas no cae en la trampa de argumentar. Para vencer le bast\u00f3 una palabra: no.<\/p>\n<p style=\"text-align: justify\">\u00a1Cu\u00e1n fuerte debe ser una experiencia (interior) como para resistir una tentaci\u00f3n (exterior) de semejante envergadura! Porque todo, absolutamente todo lo que un hombre puede desear, lo ten\u00eda Jes\u00fas en ese momento ah\u00ed, a su disposici\u00f3n. Pero \u00e9l dijo no.<\/p>\n<p style=\"text-align: justify\">Ese no es el que nos permite seguir a Cristo y realizarlo: ser Cristo, ser esp\u00edritu para el mundo. Lo que nos construye no es \u00fanicamente el s\u00ed que podamos dar a la realidad, tambi\u00e9n el no que hemos de dar a la ilusi\u00f3n. Todos padecemos de un modo u otro esta tentaci\u00f3n del mundo \u00a1Son tantas las cosas magn\u00edficas y apetecibles que esta vida puede brindarnos!<\/p>\n<p style=\"text-align: justify\">La principal dificultad que tenemos en el camino espiritual es que pretendemos meter a Dios en nuestra vida, no meternos nosotros en la suya. Solemos organizar nuestras vidas seg\u00fan nuestros criterios para luego, cuando ya est\u00e1 todo organizado, ver c\u00f3mo encaja la espiritualidad.<\/p>\n<p style=\"text-align: justify\">Entre el mundo y Dios -dicho de otra manera- es minor\u00eda la que elige a Dios. Por supuesto que Dios es compatible con el mundo (son muchos los que le rinden culto en medio de la sociedad), pero s\u00f3lo si primero se despega uno del mundo y se le elige a \u00c9l.<\/p>\n<p style=\"text-align: justify\">Despegarse del mundo en aras de lo espiritual es un paso gigante. El mundo no renunciar\u00e1 a nosotros; seguir\u00e1 llamando a nuestra puerta, aunque nosotros pensemos que lo hemos dejado atr\u00e1s. Del mundo hay que despegarse una y otra vez, cada d\u00eda. Y en la medida en que lo hacemos cobra fuerza en nosotros lo espiritual. S\u00f3lo quien renuncia al mundo lo goza bien. Siempre estamos escogiendo entre el esp\u00edritu y el cuerpo, entre la palabra y el pan.<\/p>\n<p style=\"text-align: justify\"><em>Adora al Se\u00f1or tu Dios y a \u00e9l solo dar\u00e1s culto. <\/em>Nadie puede realizarse por la v\u00eda del ego, sino precisamente superando esa tendencia humana, tan arraigada como nefasta, a la apropiaci\u00f3n y a la autoafirmaci\u00f3n. Adorar a Dios quiere decir dejar de vivir desde el peque\u00f1o yo (el pan, el cuerpo, la mente) y dar paso al yo profundo y aut\u00e9ntico (tambi\u00e9n de la <em>palabra<\/em>, del esp\u00edritu). La adoraci\u00f3n es la \u00fanica medicina sensata frente a la idolatr\u00eda del ego. T\u00fa no eres el centro del mundo, sal de ti.<\/p>\n<p style=\"text-align: right\"><em>(Inspirado en el libro: Biograf\u00eda de la luz, de Pablo d\u2019Ors)<\/em><\/p>\n","protected":false},"excerpt":{"rendered":"<p>[youtube https:\/\/www.youtube.com\/watch?v=jd49J-PZSAg] &nbsp; [youtube https:\/\/www.youtube.com\/watch?v=4wPapajCdns] &nbsp; Lectura espiritual 17. EL MUNDO Estar en el mundo sin ser de \u00e9l Despu\u00e9s lo llev\u00f3 a una cima y le mostr\u00f3 en un instante todos los reinos del mundo. El diablo le dijo: te dar\u00e9 todo ese poder y su gloria, porque a m\u00ed me lo han dado &hellip; <\/p>\n<p><a class=\"more-link btn\" href=\"https:\/\/smaria.salou.arqtgn.cat\/es\/xvi-domingo-del-tiempo-ordinario-b-2021\/\">Seguir leyendo<\/a><\/p>\n","protected":false},"author":11,"featured_media":0,"comment_status":"closed","ping_status":"closed","sticky":false,"template":"","format":"standard","meta":{"footnotes":""},"categories":[52,49],"tags":[],"class_list":["post-15309","post","type-post","status-publish","format-standard","hentry","category-para-reflexionar","category-preparando-el-domingo","item-wrap"],"amp_enabled":true,"_links":{"self":[{"href":"https:\/\/smaria.salou.arqtgn.cat\/es\/wp-json\/wp\/v2\/posts\/15309","targetHints":{"allow":["GET"]}}],"collection":[{"href":"https:\/\/smaria.salou.arqtgn.cat\/es\/wp-json\/wp\/v2\/posts"}],"about":[{"href":"https:\/\/smaria.salou.arqtgn.cat\/es\/wp-json\/wp\/v2\/types\/post"}],"author":[{"embeddable":true,"href":"https:\/\/smaria.salou.arqtgn.cat\/es\/wp-json\/wp\/v2\/users\/11"}],"replies":[{"embeddable":true,"href":"https:\/\/smaria.salou.arqtgn.cat\/es\/wp-json\/wp\/v2\/comments?post=15309"}],"version-history":[{"count":4,"href":"https:\/\/smaria.salou.arqtgn.cat\/es\/wp-json\/wp\/v2\/posts\/15309\/revisions"}],"predecessor-version":[{"id":15313,"href":"https:\/\/smaria.salou.arqtgn.cat\/es\/wp-json\/wp\/v2\/posts\/15309\/revisions\/15313"}],"wp:attachment":[{"href":"https:\/\/smaria.salou.arqtgn.cat\/es\/wp-json\/wp\/v2\/media?parent=15309"}],"wp:term":[{"taxonomy":"category","embeddable":true,"href":"https:\/\/smaria.salou.arqtgn.cat\/es\/wp-json\/wp\/v2\/categories?post=15309"},{"taxonomy":"post_tag","embeddable":true,"href":"https:\/\/smaria.salou.arqtgn.cat\/es\/wp-json\/wp\/v2\/tags?post=15309"}],"curies":[{"name":"wp","href":"https:\/\/api.w.org\/{rel}","templated":true}]}}