{"id":15277,"date":"2021-07-10T07:49:24","date_gmt":"2021-07-10T05:49:24","guid":{"rendered":"http:\/\/smaria.salou.arqtgn.cat\/?p=15277"},"modified":"2021-07-10T08:01:20","modified_gmt":"2021-07-10T06:01:20","slug":"xv-domingo-del-tiempo-ordinario-b-2021","status":"publish","type":"post","link":"https:\/\/smaria.salou.arqtgn.cat\/es\/xv-domingo-del-tiempo-ordinario-b-2021\/","title":{"rendered":"XV Domingo del tiempo ordinario \/ B \/ 2021"},"content":{"rendered":"<table style=\"height: 99px;width: 97.3345%\">\n<tbody>\n<tr style=\"height: 256px\">\n<td style=\"height: 99px;width: 42.9098%\">\n<p><div id=\"attachment_15024\" style=\"width: 318px\" class=\"wp-caption aligncenter\"><a href=\"https:\/\/www.lecturesmissa.arquebisbattarragona.cat\/1657\/XV-DOMINGO-ORDINARIO-B\" target=\"_blank\" rel=\"noopener\"><img loading=\"lazy\" decoding=\"async\" aria-describedby=\"caption-attachment-15024\" class=\"wp-image-15024\" src=\"http:\/\/razonesparacreer.com\/wp-content\/uploads\/2018\/07\/Ev-3.jpg?w=255&amp;h=260\" alt=\"\" width=\"318\" height=\"185\" \/><\/a><p id=\"caption-attachment-15024\" class=\"wp-caption-text\">Leer la Palabra de Dios<\/p><\/div><\/td>\n<td style=\"height: 99px;width: 56.8154%;text-align: center\">\n<p><div id=\"attachment_14542\" style=\"width: 400px\" class=\"wp-caption aligncenter\"><a href=\"http:\/\/hemeroteca.arqtgn.cat\/bitstream\/123456789\/12808\/2\/hd3722.pdf\" target=\"_blank\" rel=\"noopener noreferrer\"><img loading=\"lazy\" decoding=\"async\" aria-describedby=\"caption-attachment-14542\" class=\"wp-image-14542 size-full\" src=\"http:\/\/smaria.salou.arqtgn.cat\/wp-content\/uploads\/sites\/10\/2021\/01\/full_es.jpg\" alt=\"\" width=\"400\" height=\"235\" srcset=\"https:\/\/smaria.salou.arqtgn.cat\/wp-content\/uploads\/sites\/10\/2021\/01\/full_es.jpg 400w, https:\/\/smaria.salou.arqtgn.cat\/wp-content\/uploads\/sites\/10\/2021\/01\/full_es-300x176.jpg 300w\" sizes=\"auto, (max-width: 400px) 100vw, 400px\" \/><\/a><p id=\"caption-attachment-14542\" class=\"wp-caption-text\">Leer la Hoja Dominical<\/p><\/div><\/td>\n<\/tr>\n<\/tbody>\n<\/table>\n<p>[youtube https:\/\/www.youtube.com\/watch?v=Fy1elNUta4E]<\/p>\n<p>&nbsp;<\/p>\n<p>[youtube https:\/\/www.youtube.com\/watch?v=9YJxLEO1ibI]<\/p>\n<p>&nbsp;<\/p>\n<h3><span style=\"color: #ff9900\">Lectura espiritual<\/span><\/h3>\n<p><strong>16. EL Pan Y LA PALABRA<br \/>\n<\/strong><strong>No separar el cuerpo del Esp\u00edritu<br \/>\n<\/strong><\/p>\n<p style=\"text-align: justify\"><em>El diablo le dijo: Si eres el hijo de Dios, di a esta piedra que se convierta en pan. Le replic\u00f3 Jes\u00fas: Escrito est\u00e1: NO S\u00d3LO DE PAN VIVE EL HOMBRE, SINO DE TODA PALABRA QUE SALE DE LOS LABIOS DE DIOS. <\/em>(Lc 4,3-4)<\/p>\n<p style=\"text-align: justify\"><em>Si eres\u2026 <\/em>As\u00ed empieza la primera tentaci\u00f3n, con un cuestionamiento de la propia identidad. Pero Jes\u00fas ya sabe qui\u00e9n es, lo ha descubierto en su bautismo. El saber, sin embargo, debe ser probado. No puede quedarse en lo te\u00f3rico.<\/p>\n<p style=\"text-align: justify\">Demostrar que es hijo de Dios, es decir, que tiene confianza en que alguien cuida de \u00e9l: que \u00e9l no es la referencia absoluta de su vida, sino que hay en su coraz\u00f3n algo m\u00e1s all\u00e1 de su yo individual. \u00c9ste es siempre el n\u00facleo de toda tentaci\u00f3n: hacer que la persona se crea autosuficiente y, de este modo, apartarla de la referencia a un m\u00e1s all\u00e1.<\/p>\n<p style=\"text-align: justify\">El diablo incita a la tentaci\u00f3n primordial: no querer que el mundo sea como es, sino que se ajuste a nuestro capricho o a nuestra necesidad. No dejar que las cosas sean sencillamente lo que son.<\/p>\n<p style=\"text-align: justify\">El diablo comienza tentando con lo m\u00e1s b\u00e1sico: el hambre, los instintos. Jes\u00fas es tentado con lo que se identificar\u00e1 m\u00e1s tarde -el pan de vida-, con aquello por lo que ser\u00e1 reconocido: partir el pan. Jes\u00fas, aunque tiene hambre, sostenido por su trabajo asc\u00e9tico, no vacila.<\/p>\n<p style=\"text-align: justify\">La respuesta de Jes\u00fas va precedida con un <em>escrito est\u00e1<\/em>, es decir, con una referencia a la Sagrada Escritura: apela al pasado como mapa para entender el presente. La principal defensa frente a la tentaci\u00f3n diab\u00f3lica, es la tradici\u00f3n judeocristiana de la Biblia. Escuchar su yo profundo no supone para Jes\u00fas alejarse de la sabidur\u00eda de sus mayores, sino entenderla en profundidad. Esto nos da una pista fundamental: la escucha de la propia conciencia no prescinde de la cultura, sino que, al contrario, la acoge y redimensiona.<\/p>\n<p style=\"text-align: justify\">\u00a0Con este prop\u00f3sito rezaban los padres del desierto con salmos y manducaban sin cesar la Palabra -por decirlo a su modo-, en forma de jaculatorias. \u00c9stas les proteg\u00edan del ataque de cualquier emoci\u00f3n t\u00f3xica o pensamiento oscuro, que podr\u00edan sobrevenirles en cualquier momento. De ah\u00ed su apasionada b\u00fasqueda de una oraci\u00f3n continua y su empe\u00f1o por sincronizarla con el ritmo respiratorio: in-corporar la palabra al cuerpo.<\/p>\n<p style=\"text-align: justify\">Si el coraz\u00f3n est\u00e1 en su sitio, tambi\u00e9n la mente y el cuerpo lo estar\u00e1n y dejar\u00e1n de ofuscar al hombre con sus reclamos. Guardar el coraz\u00f3n es el camino para someter la constante tiran\u00eda de las ideas y de los instintos. Por eso, si nuestra mirada est\u00e1 en lo esencial, tanto lo de arriba (las ideas) como lo de abajo (los instintos) se colocar\u00e1n en su lugar.<\/p>\n<p style=\"text-align: justify\">Jes\u00fas no dud\u00f3. Sab\u00eda que dudar es empezar a perder. Sab\u00eda que por la duda se cuela el maligno. El prop\u00f3sito del entrenamiento espiritual es precisamente aprender a no dudar nunca y a vivir siempre confiados. Aprender una l\u00facida -no est\u00fapida- ingenuidad, una segunda inocencia.<\/p>\n<p style=\"text-align: justify\">Decir que <em>no s\u00f3lo de pan vive el hombre, sino de toda palabra que sale de los labios de Dios<\/em> es tanto como afirmar que el hombre no es s\u00f3lo cuerpo, sino tambi\u00e9n esp\u00edritu. Se trata de una invitaci\u00f3n a tomar consciencia de que el esp\u00edritu, como el cuerpo, se atrofia y hasta se muere si no se alimenta. De modo que esta respuesta de Jes\u00fas -el abc de la espiritualidad- podr\u00edamos traducirla hoy poco m\u00e1s o menos as\u00ed: <em>No vivas s\u00f3lo para lo externo, cuida tu interioridad.<\/em><\/p>\n<p style=\"text-align: justify\">Pero \u00bfc\u00f3mo? Lo primero es solucionar el hambre del mundo, arreglar lo que no funciona -dicen muchos, casi todos-, ya habr\u00e1 tiempo para rezos, meditaciones y ceremonias. Lo primero y lo decisivo es el pan, ya veremos luego lo de Dios. Esto, sin embargo, no es en absoluto lo que Jes\u00fas parece estar diciendo. El afirma m\u00e1s bien: no s\u00f3lo pan, lo primero es tambi\u00e9n la palabra.<\/p>\n<p style=\"text-align: justify\">Todos estamos de acuerdo en que una religi\u00f3n que no se confronte hoy con el problema del hambre en el mundo pierde por completo su credibilidad. Pero \u00bfla perder\u00eda de igual modo si no se confrontase con la sed de Dios? Habr\u00e1 pan para todos -parece estar diciendo Jes\u00fas- si hay conciencia de un Padre com\u00fan, s\u00f3lo as\u00ed.<\/p>\n<p style=\"text-align: justify\">La salvaci\u00f3n s\u00f3lo es posible si lo que Dios ha unido -el pan y la Palabra, el cuerpo y el esp\u00edritu- no lo separa el hombre.<\/p>\n<p style=\"text-align: right\"><em>(Inspirado en el libro: Biograf\u00eda de la luz, De Pablo d\u2019Ors)<\/em><\/p>\n","protected":false},"excerpt":{"rendered":"<p>[youtube https:\/\/www.youtube.com\/watch?v=Fy1elNUta4E] &nbsp; [youtube https:\/\/www.youtube.com\/watch?v=9YJxLEO1ibI] &nbsp; Lectura espiritual 16. EL Pan Y LA PALABRA No separar el cuerpo del Esp\u00edritu El diablo le dijo: Si eres el hijo de Dios, di a esta piedra que se convierta en pan. Le replic\u00f3 Jes\u00fas: Escrito est\u00e1: NO S\u00d3LO DE PAN VIVE EL HOMBRE, SINO DE TODA PALABRA &hellip; <\/p>\n<p><a class=\"more-link btn\" href=\"https:\/\/smaria.salou.arqtgn.cat\/es\/xv-domingo-del-tiempo-ordinario-b-2021\/\">Seguir leyendo<\/a><\/p>\n","protected":false},"author":11,"featured_media":0,"comment_status":"closed","ping_status":"closed","sticky":false,"template":"","format":"standard","meta":{"footnotes":""},"categories":[52,49],"tags":[],"class_list":["post-15277","post","type-post","status-publish","format-standard","hentry","category-para-reflexionar","category-preparando-el-domingo","item-wrap"],"amp_enabled":true,"_links":{"self":[{"href":"https:\/\/smaria.salou.arqtgn.cat\/es\/wp-json\/wp\/v2\/posts\/15277","targetHints":{"allow":["GET"]}}],"collection":[{"href":"https:\/\/smaria.salou.arqtgn.cat\/es\/wp-json\/wp\/v2\/posts"}],"about":[{"href":"https:\/\/smaria.salou.arqtgn.cat\/es\/wp-json\/wp\/v2\/types\/post"}],"author":[{"embeddable":true,"href":"https:\/\/smaria.salou.arqtgn.cat\/es\/wp-json\/wp\/v2\/users\/11"}],"replies":[{"embeddable":true,"href":"https:\/\/smaria.salou.arqtgn.cat\/es\/wp-json\/wp\/v2\/comments?post=15277"}],"version-history":[{"count":8,"href":"https:\/\/smaria.salou.arqtgn.cat\/es\/wp-json\/wp\/v2\/posts\/15277\/revisions"}],"predecessor-version":[{"id":15285,"href":"https:\/\/smaria.salou.arqtgn.cat\/es\/wp-json\/wp\/v2\/posts\/15277\/revisions\/15285"}],"wp:attachment":[{"href":"https:\/\/smaria.salou.arqtgn.cat\/es\/wp-json\/wp\/v2\/media?parent=15277"}],"wp:term":[{"taxonomy":"category","embeddable":true,"href":"https:\/\/smaria.salou.arqtgn.cat\/es\/wp-json\/wp\/v2\/categories?post=15277"},{"taxonomy":"post_tag","embeddable":true,"href":"https:\/\/smaria.salou.arqtgn.cat\/es\/wp-json\/wp\/v2\/tags?post=15277"}],"curies":[{"name":"wp","href":"https:\/\/api.w.org\/{rel}","templated":true}]}}