{"id":15258,"date":"2021-07-09T09:51:31","date_gmt":"2021-07-09T07:51:31","guid":{"rendered":"http:\/\/smaria.salou.arqtgn.cat\/?p=15258"},"modified":"2021-07-09T09:54:39","modified_gmt":"2021-07-09T07:54:39","slug":"defuncion-de-antonio-laguna-caballeros","status":"publish","type":"post","link":"https:\/\/smaria.salou.arqtgn.cat\/es\/defuncion-de-antonio-laguna-caballeros\/","title":{"rendered":"Defunci\u00f3n de Antonio Laguna Caballero"},"content":{"rendered":"<p><a href=\"http:\/\/smaria.salou.arqtgn.cat\/wp-content\/uploads\/sites\/10\/2015\/05\/memora.jpg\"><img loading=\"lazy\" decoding=\"async\" class=\"wp-image-8935 size-full alignleft\" src=\"http:\/\/smaria.salou.arqtgn.cat\/wp-content\/uploads\/sites\/10\/2015\/05\/memora.jpg\" alt=\"\" width=\"124\" height=\"160\" \/><\/a><strong>Edad:<\/strong> 91 \u00a0a\u00f1os<\/p>\n<p><strong>Lugar de la ceremonia: <\/strong>Tanatori de Salou<strong><br \/>\n<\/strong><\/p>\n<p><strong>Fecha y hora: <\/strong>viernes, 9\u00a0de julio de 2021, a las 17:00h<\/p>\n<p><em>Jes\u00fas dijo: Jo soy la resurecci\u00f3n y la vida. Quien cree en mi, aunque muera, vivir\u00e1; y todo aquel que vive y cree en mi, no morir\u00e1 nunca<\/em>.<\/p>\n<p><em>Jn 11, 25-26<br \/>\n<\/em><\/p>\n<p>&nbsp;<\/p>\n","protected":false},"excerpt":{"rendered":"<p>Edad: 91 \u00a0a\u00f1os Lugar de la ceremonia: Tanatori de Salou Fecha y hora: viernes, 9\u00a0de julio de 2021, a las 17:00h Jes\u00fas dijo: Jo soy la resurecci\u00f3n y la vida. Quien cree en mi, aunque muera, vivir\u00e1; y todo aquel que vive y cree en mi, no morir\u00e1 nunca. Jn 11, 25-26 &nbsp;<\/p>\n","protected":false},"author":11,"featured_media":0,"comment_status":"closed","ping_status":"closed","sticky":false,"template":"","format":"standard","meta":{"footnotes":""},"categories":[51],"tags":[],"class_list":["post-15258","post","type-post","status-publish","format-standard","hentry","category-defunciones","item-wrap"],"amp_enabled":true,"_links":{"self":[{"href":"https:\/\/smaria.salou.arqtgn.cat\/es\/wp-json\/wp\/v2\/posts\/15258","targetHints":{"allow":["GET"]}}],"collection":[{"href":"https:\/\/smaria.salou.arqtgn.cat\/es\/wp-json\/wp\/v2\/posts"}],"about":[{"href":"https:\/\/smaria.salou.arqtgn.cat\/es\/wp-json\/wp\/v2\/types\/post"}],"author":[{"embeddable":true,"href":"https:\/\/smaria.salou.arqtgn.cat\/es\/wp-json\/wp\/v2\/users\/11"}],"replies":[{"embeddable":true,"href":"https:\/\/smaria.salou.arqtgn.cat\/es\/wp-json\/wp\/v2\/comments?post=15258"}],"version-history":[{"count":4,"href":"https:\/\/smaria.salou.arqtgn.cat\/es\/wp-json\/wp\/v2\/posts\/15258\/revisions"}],"predecessor-version":[{"id":15264,"href":"https:\/\/smaria.salou.arqtgn.cat\/es\/wp-json\/wp\/v2\/posts\/15258\/revisions\/15264"}],"wp:attachment":[{"href":"https:\/\/smaria.salou.arqtgn.cat\/es\/wp-json\/wp\/v2\/media?parent=15258"}],"wp:term":[{"taxonomy":"category","embeddable":true,"href":"https:\/\/smaria.salou.arqtgn.cat\/es\/wp-json\/wp\/v2\/categories?post=15258"},{"taxonomy":"post_tag","embeddable":true,"href":"https:\/\/smaria.salou.arqtgn.cat\/es\/wp-json\/wp\/v2\/tags?post=15258"}],"curies":[{"name":"wp","href":"https:\/\/api.w.org\/{rel}","templated":true}]}}