{"id":15250,"date":"2021-06-30T10:03:33","date_gmt":"2021-06-30T08:03:33","guid":{"rendered":"http:\/\/smaria.salou.arqtgn.cat\/?p=15250"},"modified":"2021-07-03T10:07:49","modified_gmt":"2021-07-03T08:07:49","slug":"el-video-del-papa-julio-de-2021-la-amistad-social","status":"publish","type":"post","link":"https:\/\/smaria.salou.arqtgn.cat\/es\/el-video-del-papa-julio-de-2021-la-amistad-social\/","title":{"rendered":"El video del Papa, julio de 2021. La amistad social"},"content":{"rendered":"<p>[youtube https:\/\/www.youtube.com\/watch?v=s2_Bh9vU7Hw]<\/p>\n<p style=\"text-align: justify\">Uno de los grandes regalos que nos da la vida es la amistad. Poder contar con amigos en los momentos buenos, y tambi\u00e9n en los momentos malos, es un don de Dios. \u00bfNo ser\u00eda estupendo \u201cir m\u00e1s all\u00e1 de los grupos de amigos y construir la amistad social tan necesaria para la buena convivencia\u201d, c\u00f3mo nos dice Francisco? Buscar amigos en lugar de enemigos, entenderse en lugar de pelearse, \u201csalir de la polarizaci\u00f3n\u201d en palabras del Papa. Tendamos la mano y escuchemos al otro para trabajar juntos por el bien com\u00fan. Comparte este mensaje de Francisco con tus amigos y tambi\u00e9n, por qu\u00e9 no, con los que no lo son.<\/p>\n<p style=\"text-align: justify\">\u201cDice la Biblia que el que encuentra un amigo encuentra un tesoro.<\/p>\n<p style=\"text-align: justify\">Me gustar\u00eda proponer a todos ir m\u00e1s all\u00e1 de los grupos de amigos y construir la amistad social tan necesaria para la buena convivencia.<\/p>\n<p style=\"text-align: justify\">Reencontrarnos especialmente con los m\u00e1s pobres y vulnerables. Los que est\u00e1n en las periferias. Alejarnos de los populismos que explotan la angustia del pueblo sin dar soluciones proponiendo una m\u00edstica que no resuelve nada.<\/p>\n<p style=\"text-align: justify\">Huir de la enemistad social que solo destruye y salir de la \u2018polarizaci\u00f3n\u2019.<\/p>\n<p style=\"text-align: justify\">Y esto no siempre es f\u00e1cil, especialmente hoy cuando una parte de la pol\u00edtica, la sociedad y los medios se empe\u00f1an en crear enemigos para derrotarlos en un juego de poder.<\/p>\n<p style=\"text-align: justify\">El di\u00e1logo es el camino para mirar la realidad de una manera nueva, para vivir con pasi\u00f3n los desaf\u00edos de la construcci\u00f3n del bien com\u00fan.<\/p>\n<p style=\"text-align: justify\">Recemos para que, en situaciones sociales, econ\u00f3micas, pol\u00edticas, conflictivas seamos arquitectos de di\u00e1logo, arquitectos de amistad, valientes y apasionados, hombres y mujeres que siempre tiendan la mano y que no queden espacios de enemistad y de guerra\u201d.<\/p>\n<p><a href=\"https:\/\/www.popesprayer.va\/wp-content\/uploads\/2022\/06\/ES-Infographic-marriage.png\"><img loading=\"lazy\" decoding=\"async\" class=\"aligncenter size-full\" src=\"https:\/\/www.popesprayer.va\/wp-content\/uploads\/2022\/06\/Infografia-TPV-7-2021-ES-La-amistad-social-scaled.jpg\" width=\"1067\" height=\"3200\" \/><\/a><\/p>\n<p>&nbsp;<\/p>\n<p>Si vols veure m\u00e9s v\u00eddeos sobres les intencions del Papa els trobar\u00e0s a <a href=\"http:\/\/www.elvideodelpapa.org\">http:\/\/www.elvideodelpapa.org<\/a><\/p>\n","protected":false},"excerpt":{"rendered":"<p>[youtube https:\/\/www.youtube.com\/watch?v=s2_Bh9vU7Hw] Uno de los grandes regalos que nos da la vida es la amistad. Poder contar con amigos en los momentos buenos, y tambi\u00e9n en los momentos malos, es un don de Dios. \u00bfNo ser\u00eda estupendo \u201cir m\u00e1s all\u00e1 de los grupos de amigos y construir la amistad social tan necesaria para la buena &hellip; <\/p>\n<p><a class=\"more-link btn\" href=\"https:\/\/smaria.salou.arqtgn.cat\/es\/el-video-del-papa-julio-de-2021-la-amistad-social\/\">Seguir leyendo<\/a><\/p>\n","protected":false},"author":11,"featured_media":0,"comment_status":"closed","ping_status":"closed","sticky":false,"template":"","format":"standard","meta":{"footnotes":""},"categories":[52],"tags":[70],"class_list":["post-15250","post","type-post","status-publish","format-standard","hentry","category-para-reflexionar","tag-el-video-del-papa-es","item-wrap"],"amp_enabled":true,"_links":{"self":[{"href":"https:\/\/smaria.salou.arqtgn.cat\/es\/wp-json\/wp\/v2\/posts\/15250","targetHints":{"allow":["GET"]}}],"collection":[{"href":"https:\/\/smaria.salou.arqtgn.cat\/es\/wp-json\/wp\/v2\/posts"}],"about":[{"href":"https:\/\/smaria.salou.arqtgn.cat\/es\/wp-json\/wp\/v2\/types\/post"}],"author":[{"embeddable":true,"href":"https:\/\/smaria.salou.arqtgn.cat\/es\/wp-json\/wp\/v2\/users\/11"}],"replies":[{"embeddable":true,"href":"https:\/\/smaria.salou.arqtgn.cat\/es\/wp-json\/wp\/v2\/comments?post=15250"}],"version-history":[{"count":2,"href":"https:\/\/smaria.salou.arqtgn.cat\/es\/wp-json\/wp\/v2\/posts\/15250\/revisions"}],"predecessor-version":[{"id":15252,"href":"https:\/\/smaria.salou.arqtgn.cat\/es\/wp-json\/wp\/v2\/posts\/15250\/revisions\/15252"}],"wp:attachment":[{"href":"https:\/\/smaria.salou.arqtgn.cat\/es\/wp-json\/wp\/v2\/media?parent=15250"}],"wp:term":[{"taxonomy":"category","embeddable":true,"href":"https:\/\/smaria.salou.arqtgn.cat\/es\/wp-json\/wp\/v2\/categories?post=15250"},{"taxonomy":"post_tag","embeddable":true,"href":"https:\/\/smaria.salou.arqtgn.cat\/es\/wp-json\/wp\/v2\/tags?post=15250"}],"curies":[{"name":"wp","href":"https:\/\/api.w.org\/{rel}","templated":true}]}}