{"id":15241,"date":"2021-06-28T18:11:47","date_gmt":"2021-06-28T16:11:47","guid":{"rendered":"http:\/\/smaria.salou.arqtgn.cat\/?p=15241"},"modified":"2021-07-02T18:13:38","modified_gmt":"2021-07-02T16:13:38","slug":"misa-en-memoria-de-las-victimas-de-la-covid19","status":"publish","type":"post","link":"https:\/\/smaria.salou.arqtgn.cat\/es\/misa-en-memoria-de-las-victimas-de-la-covid19\/","title":{"rendered":"Misa en memoria de las v\u00edctimas de la Covid19"},"content":{"rendered":"<p style=\"text-align: justify\"><a href=\"http:\/\/smaria.salou.arqtgn.cat\/wp-content\/uploads\/sites\/10\/2021\/07\/Missa_Covid.jpg\"><img loading=\"lazy\" decoding=\"async\" class=\"aligncenter wp-image-15237 size-full\" src=\"http:\/\/smaria.salou.arqtgn.cat\/wp-content\/uploads\/sites\/10\/2021\/07\/Missa_Covid.jpg\" alt=\"\" width=\"1024\" height=\"576\" srcset=\"https:\/\/smaria.salou.arqtgn.cat\/wp-content\/uploads\/sites\/10\/2021\/07\/Missa_Covid.jpg 1024w, https:\/\/smaria.salou.arqtgn.cat\/wp-content\/uploads\/sites\/10\/2021\/07\/Missa_Covid-300x169.jpg 300w, https:\/\/smaria.salou.arqtgn.cat\/wp-content\/uploads\/sites\/10\/2021\/07\/Missa_Covid-768x432.jpg 768w, https:\/\/smaria.salou.arqtgn.cat\/wp-content\/uploads\/sites\/10\/2021\/07\/Missa_Covid-756x425.jpg 756w\" sizes=\"auto, (max-width: 1024px) 100vw, 1024px\" \/><\/a><\/p>\n<p style=\"text-align: justify\">Este s\u00e1bado pasado se celebr\u00f3 por la tarde una misa \u00abEn memoria las v\u00edctimas de la Covidien-19\u00bb en el municipio de Salou. Esta celebraci\u00f3n fue una iniciativa conjunta de las dos corales de Salou, jarcia y Ama Lur, con intencionalidad de marcar el inicio de la vuelta a su actividad coral de antes de la pandemia. La iniciativa cont\u00f3 enseguida con el apoyo del Ayuntamiento de Salou y la colaboraci\u00f3n de la Parroquia de Santa Mar\u00eda del Mar, que adem\u00e1s de acoger la misa, durante cerca de 2 meses, ha acogido en la iglesia cada lunes por la noche a las dos corales para ensayar. La amplitud y dimensiones de la iglesia permitieron que se pudieran hacer cumpliendo las prescripciones sanitarias de prevenci\u00f3n de la Covid19<\/p>\n<p style=\"text-align: justify\">Ofrecer una misa cantada en Santa Maria del Mar en recuerdo de los que han muerto durante la Covidien-19, ha resultado un emotivo acto, todo recordado y orando por han ido a la casa del Padre y que por supuesto tenemos bien presentes en nuestros corazones. El acto congreg\u00f3 mucha gente que llen\u00f3 la iglesia hasta alcanzar el l\u00edmite permitido. Las corales dirig\u00edas por Piotr Issel, fueron desgranar cada una de las piezas seg\u00fan iba avanzando lit\u00fargicamente la misa. Al final de la misma, se ofreci\u00f3 un \u00abminiconcierto\u00bb de dos piezas.<\/p>\n<p style=\"text-align: justify\">Agradecemos a las dos corales el esfuerzo y la tenacidad, para que la iniciativa inicial se convirtiera en realidad.<\/p>\n","protected":false},"excerpt":{"rendered":"<p>Este s\u00e1bado pasado se celebr\u00f3 por la tarde una misa \u00abEn memoria las v\u00edctimas de la Covidien-19\u00bb en el municipio de Salou. Esta celebraci\u00f3n fue una iniciativa conjunta de las dos corales de Salou, jarcia y Ama Lur, con intencionalidad de marcar el inicio de la vuelta a su actividad coral de antes de la &hellip; <\/p>\n<p><a class=\"more-link btn\" href=\"https:\/\/smaria.salou.arqtgn.cat\/es\/misa-en-memoria-de-las-victimas-de-la-covid19\/\">Seguir leyendo<\/a><\/p>\n","protected":false},"author":11,"featured_media":0,"comment_status":"closed","ping_status":"closed","sticky":false,"template":"","format":"standard","meta":{"footnotes":""},"categories":[56,64],"tags":[],"class_list":["post-15241","post","type-post","status-publish","format-standard","hentry","category-actualitat-es","category-vida-parroquial-es","item-wrap"],"amp_enabled":true,"_links":{"self":[{"href":"https:\/\/smaria.salou.arqtgn.cat\/es\/wp-json\/wp\/v2\/posts\/15241","targetHints":{"allow":["GET"]}}],"collection":[{"href":"https:\/\/smaria.salou.arqtgn.cat\/es\/wp-json\/wp\/v2\/posts"}],"about":[{"href":"https:\/\/smaria.salou.arqtgn.cat\/es\/wp-json\/wp\/v2\/types\/post"}],"author":[{"embeddable":true,"href":"https:\/\/smaria.salou.arqtgn.cat\/es\/wp-json\/wp\/v2\/users\/11"}],"replies":[{"embeddable":true,"href":"https:\/\/smaria.salou.arqtgn.cat\/es\/wp-json\/wp\/v2\/comments?post=15241"}],"version-history":[{"count":3,"href":"https:\/\/smaria.salou.arqtgn.cat\/es\/wp-json\/wp\/v2\/posts\/15241\/revisions"}],"predecessor-version":[{"id":15244,"href":"https:\/\/smaria.salou.arqtgn.cat\/es\/wp-json\/wp\/v2\/posts\/15241\/revisions\/15244"}],"wp:attachment":[{"href":"https:\/\/smaria.salou.arqtgn.cat\/es\/wp-json\/wp\/v2\/media?parent=15241"}],"wp:term":[{"taxonomy":"category","embeddable":true,"href":"https:\/\/smaria.salou.arqtgn.cat\/es\/wp-json\/wp\/v2\/categories?post=15241"},{"taxonomy":"post_tag","embeddable":true,"href":"https:\/\/smaria.salou.arqtgn.cat\/es\/wp-json\/wp\/v2\/tags?post=15241"}],"curies":[{"name":"wp","href":"https:\/\/api.w.org\/{rel}","templated":true}]}}