{"id":15225,"date":"2021-06-29T17:48:50","date_gmt":"2021-06-29T15:48:50","guid":{"rendered":"http:\/\/smaria.salou.arqtgn.cat\/?p=15225"},"modified":"2021-07-02T23:43:43","modified_gmt":"2021-07-02T21:43:43","slug":"caminata-de-santa-maria-del-mar-al-santuario-de-la-virgen-de-la-pineda","status":"publish","type":"post","link":"https:\/\/smaria.salou.arqtgn.cat\/es\/caminata-de-santa-maria-del-mar-al-santuario-de-la-virgen-de-la-pineda\/","title":{"rendered":"Caminata de Santa Maria del Mar al Santuario de la Virgen de La Pineda"},"content":{"rendered":"<p>&nbsp;<\/p>\n<p style=\"text-align: justify\"><a href=\"https:\/\/photos.app.goo.gl\/3CsEywwdnesQpe32A\" target=\"_blank\" rel=\"noopener\"><img loading=\"lazy\" decoding=\"async\" class=\"aligncenter wp-image-15219 size-full\" src=\"http:\/\/smaria.salou.arqtgn.cat\/wp-content\/uploads\/sites\/10\/2021\/07\/210626_Caminata_Fi_Catequesi.48-e1625240666411.jpg\" alt=\"\" width=\"756\" height=\"270\" srcset=\"https:\/\/smaria.salou.arqtgn.cat\/wp-content\/uploads\/sites\/10\/2021\/07\/210626_Caminata_Fi_Catequesi.48-e1625240666411.jpg 756w, https:\/\/smaria.salou.arqtgn.cat\/wp-content\/uploads\/sites\/10\/2021\/07\/210626_Caminata_Fi_Catequesi.48-e1625240666411-300x107.jpg 300w\" sizes=\"auto, (max-width: 756px) 100vw, 756px\" \/><\/a><br \/>\nEl ma\u00f1ana espl\u00e9ndida de este pasado s\u00e1bado 26 de junio, sirvi\u00f3 de marco para hacer una \u00abcaminata familiar\u00bb como acto de clausura de este curso, tan peculiar, de la catequesis de confirmaci\u00f3n. Estaban convocados las familias de los ni\u00f1os y ni\u00f1as que el domingo \u00faltima domingo por la ma\u00f1ana participan de la catequesis de preparaci\u00f3n para recibir el Sacramento de la Confirmaci\u00f3n, y que luego comparten con sus padres la misa dominical.<\/p>\n<p style=\"text-align: justify\">La caminata a modo de romer\u00eda, consisti\u00f3 en ir desde Santa Mar\u00eda del Mar en el Santuario de la Virgen de La Pineda. Tras una peque\u00f1a oraci\u00f3n delante de Santa Mar\u00eda del Mar, poco despu\u00e9s de las 10h, iniciaremos la caminata pasando por delante de San Ram\u00f3n, atravesando Cueva Mar, yendo por el camino paralelo a autov\u00eda, pasando por los chalets de Salou hasta encontrar el Raval de la Mar. Mientras camin\u00e1bamos fue un buen momento para ir compartiendo tanto los ni\u00f1os como los padres y las madres.<\/p>\n<p style=\"text-align: justify\">Llegados al Santuario de la Virgen del Pinar, Mn. Josep M.\u00a0 explic\u00f3 la historia del santuario, que se remonta al siglo XII, hicimos la visita a la Virgen y finalmente, lo que quisieron, subieron a la torre de vigilancia adherida al santuario.<\/p>\n<p style=\"text-align: justify\">El encuentro se termin\u00f3 con un poco de vermut donde tambi\u00e9n se incorporaron algunos de los padres que vinieron a buscar en coche a los que hab\u00edamos venido caminando.<\/p>\n<p style=\"text-align: justify\">Damos gracias a Santa Mar\u00eda del Mar y a la Virgen de La Pineda por el buen rato y experiencia de convivencia fuera del ambiente habitual que vivimos en la parroquia.<\/p>\n<p>Clicad encima de la imagen para ver las fotos.<\/p>\n<p><a href=\"https:\/\/photos.app.goo.gl\/3CsEywwdnesQpe32A\"><img loading=\"lazy\" decoding=\"async\" class=\"aligncenter size-full\" src=\"https:\/\/lh3.googleusercontent.com\/pw\/AM-JKLWlGWDdMa_WOIpKNhMdsm-esKWk5LIE-1thuwo9-PjuYjCSeMWu-8p1ufHoctooVVOlNyG0kJsrU1M5MBqvI9X9iUM96XOyqHI3tzFh2T7OF7Anz3pcBjsSCAmw1yMrvzNCy3pXP9cH8KUlhBrrl5A9=w1253-h784-no?authuser=0\" width=\"1253\" height=\"783\" \/><\/a><\/p>\n","protected":false},"excerpt":{"rendered":"<p>&nbsp; El ma\u00f1ana espl\u00e9ndida de este pasado s\u00e1bado 26 de junio, sirvi\u00f3 de marco para hacer una \u00abcaminata familiar\u00bb como acto de clausura de este curso, tan peculiar, de la catequesis de confirmaci\u00f3n. Estaban convocados las familias de los ni\u00f1os y ni\u00f1as que el domingo \u00faltima domingo por la ma\u00f1ana participan de la catequesis de &hellip; <\/p>\n<p><a class=\"more-link btn\" href=\"https:\/\/smaria.salou.arqtgn.cat\/es\/caminata-de-santa-maria-del-mar-al-santuario-de-la-virgen-de-la-pineda\/\">Seguir leyendo<\/a><\/p>\n","protected":false},"author":11,"featured_media":0,"comment_status":"closed","ping_status":"closed","sticky":false,"template":"","format":"standard","meta":{"footnotes":""},"categories":[50,64],"tags":[],"class_list":["post-15225","post","type-post","status-publish","format-standard","hentry","category-catequesis","category-vida-parroquial-es","item-wrap"],"amp_enabled":true,"_links":{"self":[{"href":"https:\/\/smaria.salou.arqtgn.cat\/es\/wp-json\/wp\/v2\/posts\/15225","targetHints":{"allow":["GET"]}}],"collection":[{"href":"https:\/\/smaria.salou.arqtgn.cat\/es\/wp-json\/wp\/v2\/posts"}],"about":[{"href":"https:\/\/smaria.salou.arqtgn.cat\/es\/wp-json\/wp\/v2\/types\/post"}],"author":[{"embeddable":true,"href":"https:\/\/smaria.salou.arqtgn.cat\/es\/wp-json\/wp\/v2\/users\/11"}],"replies":[{"embeddable":true,"href":"https:\/\/smaria.salou.arqtgn.cat\/es\/wp-json\/wp\/v2\/comments?post=15225"}],"version-history":[{"count":9,"href":"https:\/\/smaria.salou.arqtgn.cat\/es\/wp-json\/wp\/v2\/posts\/15225\/revisions"}],"predecessor-version":[{"id":15246,"href":"https:\/\/smaria.salou.arqtgn.cat\/es\/wp-json\/wp\/v2\/posts\/15225\/revisions\/15246"}],"wp:attachment":[{"href":"https:\/\/smaria.salou.arqtgn.cat\/es\/wp-json\/wp\/v2\/media?parent=15225"}],"wp:term":[{"taxonomy":"category","embeddable":true,"href":"https:\/\/smaria.salou.arqtgn.cat\/es\/wp-json\/wp\/v2\/categories?post=15225"},{"taxonomy":"post_tag","embeddable":true,"href":"https:\/\/smaria.salou.arqtgn.cat\/es\/wp-json\/wp\/v2\/tags?post=15225"}],"curies":[{"name":"wp","href":"https:\/\/api.w.org\/{rel}","templated":true}]}}