{"id":15213,"date":"2021-07-02T16:50:07","date_gmt":"2021-07-02T14:50:07","guid":{"rendered":"http:\/\/smaria.salou.arqtgn.cat\/?p=15213"},"modified":"2021-07-02T16:50:07","modified_gmt":"2021-07-02T14:50:07","slug":"xiv-domingo-del-tiempo-ordinario-b-2021","status":"publish","type":"post","link":"https:\/\/smaria.salou.arqtgn.cat\/es\/xiv-domingo-del-tiempo-ordinario-b-2021\/","title":{"rendered":"XIV Domingo del tiempo ordinario \/ B \/ 2021"},"content":{"rendered":"<table style=\"height: 99px;width: 97.3345%\">\n<tbody>\n<tr style=\"height: 256px\">\n<td style=\"height: 99px;width: 42.9098%\">\n<p><div id=\"attachment_15024\" style=\"width: 246px\" class=\"wp-caption aligncenter\"><a href=\"https:\/\/www.lecturesmissa.arquebisbattarragona.cat\/1656\/DIUMENGE-XIV-DURANT-L039ANY-B?lang=es\" target=\"_blank\" rel=\"noopener\"><img loading=\"lazy\" decoding=\"async\" aria-describedby=\"caption-attachment-15024\" class=\"wp-image-15024\" src=\"https:\/\/images-na.ssl-images-amazon.com\/images\/I\/81IBSNChcHL._AC_SX425_.jpg?w=255&amp;h=260\" alt=\"\" width=\"246\" height=\"311\" \/><\/a><p id=\"caption-attachment-15024\" class=\"wp-caption-text\">Leer la Palabra de Dios<\/p><\/div><\/td>\n<td style=\"height: 99px;width: 56.8154%;text-align: center\">\n<p><div id=\"attachment_14542\" style=\"width: 400px\" class=\"wp-caption aligncenter\"><a href=\"http:\/\/hemeroteca.arqtgn.cat\/bitstream\/123456789\/12805\/2\/hd3721.pdf\" target=\"_blank\" rel=\"noopener noreferrer\"><img loading=\"lazy\" decoding=\"async\" aria-describedby=\"caption-attachment-14542\" class=\"wp-image-14542 size-full\" src=\"http:\/\/smaria.salou.arqtgn.cat\/wp-content\/uploads\/sites\/10\/2021\/01\/full_es.jpg\" alt=\"\" width=\"400\" height=\"235\" srcset=\"https:\/\/smaria.salou.arqtgn.cat\/wp-content\/uploads\/sites\/10\/2021\/01\/full_es.jpg 400w, https:\/\/smaria.salou.arqtgn.cat\/wp-content\/uploads\/sites\/10\/2021\/01\/full_es-300x176.jpg 300w\" sizes=\"auto, (max-width: 400px) 100vw, 400px\" \/><\/a><p id=\"caption-attachment-14542\" class=\"wp-caption-text\">Leer la Hoja Dominical<\/p><\/div><\/td>\n<\/tr>\n<\/tbody>\n<\/table>\n<p>[youtube https:\/\/www.youtube.com\/watch?v=VDEEXcY5QEo]<\/p>\n<p>&nbsp;<\/p>\n<p>[youtube https:\/\/www.youtube.com\/watch?v=bYjLZaEZnQA]<\/p>\n<p>&nbsp;<\/p>\n<h3><span style=\"color: #ff9900\">Lectura espiritual<\/span><\/h3>\n<p><strong>15. EL DIABLO<br \/>\n<\/strong><strong>Encontrarse con lo oscuro es un regalo<\/strong><\/p>\n<p style=\"text-align: justify\"><em>Jes\u00fas, lleno de Esp\u00edritu Santo, se alej\u00f3 del Jord\u00e1n y SE DEJ\u00d3 LLEVAR POR EL ESP\u00cdRITU AL DESIERTO durante cuarenta d\u00edas, mientras el diablo lo pon\u00eda a prueba. <\/em>(Lc 4,1-2)<\/p>\n<p style=\"text-align: justify\">&#8212;&#8212;&#8212;&#8212;&#8212;&#8211;<\/p>\n<p style=\"text-align: justify\">Jes\u00fas no va al desierto por su propia voluntad, sino conducido por el Esp\u00edritu, es decir, impulsado por una fuerza mayor. Al desierto se va porque no se tiene m\u00e1s remedio, porque comprendemos que hemos de parar y ponernos a escuchar. Que hemos de volver a empezar de verdad.<\/p>\n<p style=\"text-align: justify\">El desierto, como imagen, es la otra cara del jard\u00edn. Es donde el mal acostumbra a presentarse. En el mundo no es que no est\u00e9, sino que el ruido hace dif\u00edcil distinguirlo. En el mundo todos solemos ser v\u00edctimas inconscientes de esp\u00edritus malignos, que juegan con nosotros, poni\u00e9ndonos f\u00e1cilmente a su merced. En el desierto, en cambio, al no reinar ah\u00ed las prisas ni la confusi\u00f3n, es donde podemos desenmascararlos y hasta vencerlos, alej\u00e1ndolos de nosotros una temporada, casi nunca para siempre.<\/p>\n<p style=\"text-align: justify\">&#8212;&#8212;&#8212;&#8212;&#8212;&#8211;<\/p>\n<p style=\"text-align: justify\">Encontrarse con lo oscuro, identificarlo, es un regalo del esp\u00edritu. Nadie lo imaginar\u00eda de entrada, pero darse cuenta de las tinieblas que reinan en el mundo y en nuestro coraz\u00f3n es el mejor indicio de que el camino espiritual ha comenzado. Nuestra <em>biograf\u00eda de la luz<\/em> empieza con la conciencia de la sombra.<\/p>\n<p style=\"text-align: justify\">Quien tiene una misi\u00f3n tiene tambi\u00e9n ante s\u00ed posibles y peligrosas desviaciones. No hay nada sin obst\u00e1culos. Siguiendo el ejemplo de su primo Juan, para discernir bien cu\u00e1l es exactamente su misi\u00f3n y como desarrollarla, Jes\u00fas se aleja de todo y de todos durante algunas semanas. Para no ser distra\u00eddo por nadie ni por nada, decide ir solo y ayunar. Soledad y sobriedad le ayudar\u00e1n en su discernimiento vital.<\/p>\n<p style=\"text-align: justify\">&#8212;&#8212;&#8212;&#8212;&#8212;&#8211;<\/p>\n<p style=\"text-align: justify\">En cualquier caso, todos necesitamos de bastante tiempo para limpiar, purificar o discernir, sobretodo si se trata de una vocaci\u00f3n. Para ilustrar la necesaria extensi\u00f3n de este tiempo de examen o prueba, la biblia utiliza el n\u00famero cuarenta. S\u00f3lo un tiempo prolongado acrisola una vocaci\u00f3n, que para su clarificaci\u00f3n y fortalecimiento debe ser necesariamente puesta a prueba.<\/p>\n<p style=\"text-align: justify\">El cuerpo se pone al l\u00edmite para que el esp\u00edritu se manifieste. Porque el vac\u00edo de alimento (material) predispone y refuerza el vac\u00edo de ideas (mental) y de apegos (afectivo o sentimental). Todo trabajo espiritual es sobre el cuerpo y sobre la mente, no puede ser de otra forma. Los buscadores espirituales de todos los tiempos han entendido que entrenarse es la \u00fanica forma para afrontar con posibilidad de \u00e9xito el combate contra lo oscuro.<\/p>\n<p style=\"text-align: justify\">&#8212;&#8212;&#8212;&#8212;&#8212;&#8212;<\/p>\n<p style=\"text-align: justify\">Al diablo se le representa como a un ser con cuernos y cola porque nos gustar\u00eda creer que es alguien muy diferente a nosotros y alguien que est\u00e1 fuera. El diablo est\u00e1 dentro y, adem\u00e1s, se parece tanto a nosotros que a cualquiera podr\u00eda confundir y hacer creer que somos nosotros. Entre nuestro diablo y nuestro \u00e1ngel la diferencia es m\u00ednima, aunque de consecuencias gigantes.<\/p>\n<p style=\"text-align: justify\">Al diablo nunca hay que convocarlo, pero s\u00ed estar preparados para su visita, pues antes o despu\u00e9s vendr\u00e1. El combate debe librarse y t\u00fa no ser\u00e1s exonerado. Siempre hay resistencias que vencer, nudos que desatar y tinieblas que atravesar.<\/p>\n<p style=\"text-align: justify\">&#8212;&#8212;&#8212;&#8212;&#8212;&#8212;<\/p>\n<p style=\"text-align: justify\">El diablo ataca siempre por nuestro flanco m\u00e1s d\u00e9bil. Es tan malintencionado y astuto que presenta como atractivo y amable lo que al final se revela como decepcionante. Da al mal apariencia de bien. Llama vida a lo que son suced\u00e1neos. El diablo ronda siempre. Su misi\u00f3n es tentar. Una distracci\u00f3n no es sino una tentaci\u00f3n mental.<\/p>\n<p style=\"text-align: justify\">Al diablo, como al \u00e1ngel, se le reconoce por los frutos que proporciona. Si el bien genera paz; el mal, en cambio, inquietud e insatisfacci\u00f3n. El \u00e1ngel engendra amor; el maligno, aislamiento e indiferencia. Uno alegr\u00eda y levedad; el otro tristeza y pesadumbre. Parece sensato, por tanto, escuchar las lecciones de los maestros, si es que pretendemos adentrarnos en un desierto y salir vivos de \u00e9l.<\/p>\n<p style=\"text-align: right\"><em>(Inspirado en el libro: Biograf\u00eda de la luz, De Pablo d\u2019Ors)<\/em><\/p>\n","protected":false},"excerpt":{"rendered":"<p>[youtube https:\/\/www.youtube.com\/watch?v=VDEEXcY5QEo] &nbsp; [youtube https:\/\/www.youtube.com\/watch?v=bYjLZaEZnQA] &nbsp; Lectura espiritual 15. EL DIABLO Encontrarse con lo oscuro es un regalo Jes\u00fas, lleno de Esp\u00edritu Santo, se alej\u00f3 del Jord\u00e1n y SE DEJ\u00d3 LLEVAR POR EL ESP\u00cdRITU AL DESIERTO durante cuarenta d\u00edas, mientras el diablo lo pon\u00eda a prueba. (Lc 4,1-2) &#8212;&#8212;&#8212;&#8212;&#8212;&#8211; Jes\u00fas no va al desierto por &hellip; <\/p>\n<p><a class=\"more-link btn\" href=\"https:\/\/smaria.salou.arqtgn.cat\/es\/xiv-domingo-del-tiempo-ordinario-b-2021\/\">Seguir leyendo<\/a><\/p>\n","protected":false},"author":11,"featured_media":0,"comment_status":"closed","ping_status":"closed","sticky":false,"template":"","format":"standard","meta":{"footnotes":""},"categories":[52,49],"tags":[],"class_list":["post-15213","post","type-post","status-publish","format-standard","hentry","category-para-reflexionar","category-preparando-el-domingo","item-wrap"],"amp_enabled":true,"_links":{"self":[{"href":"https:\/\/smaria.salou.arqtgn.cat\/es\/wp-json\/wp\/v2\/posts\/15213","targetHints":{"allow":["GET"]}}],"collection":[{"href":"https:\/\/smaria.salou.arqtgn.cat\/es\/wp-json\/wp\/v2\/posts"}],"about":[{"href":"https:\/\/smaria.salou.arqtgn.cat\/es\/wp-json\/wp\/v2\/types\/post"}],"author":[{"embeddable":true,"href":"https:\/\/smaria.salou.arqtgn.cat\/es\/wp-json\/wp\/v2\/users\/11"}],"replies":[{"embeddable":true,"href":"https:\/\/smaria.salou.arqtgn.cat\/es\/wp-json\/wp\/v2\/comments?post=15213"}],"version-history":[{"count":4,"href":"https:\/\/smaria.salou.arqtgn.cat\/es\/wp-json\/wp\/v2\/posts\/15213\/revisions"}],"predecessor-version":[{"id":15217,"href":"https:\/\/smaria.salou.arqtgn.cat\/es\/wp-json\/wp\/v2\/posts\/15213\/revisions\/15217"}],"wp:attachment":[{"href":"https:\/\/smaria.salou.arqtgn.cat\/es\/wp-json\/wp\/v2\/media?parent=15213"}],"wp:term":[{"taxonomy":"category","embeddable":true,"href":"https:\/\/smaria.salou.arqtgn.cat\/es\/wp-json\/wp\/v2\/categories?post=15213"},{"taxonomy":"post_tag","embeddable":true,"href":"https:\/\/smaria.salou.arqtgn.cat\/es\/wp-json\/wp\/v2\/tags?post=15213"}],"curies":[{"name":"wp","href":"https:\/\/api.w.org\/{rel}","templated":true}]}}