{"id":15174,"date":"2021-06-25T08:03:49","date_gmt":"2021-06-25T06:03:49","guid":{"rendered":"http:\/\/smaria.salou.arqtgn.cat\/?p=15174"},"modified":"2021-06-25T08:05:08","modified_gmt":"2021-06-25T06:05:08","slug":"xiii-domingo-del-tiempo-ordinario-b-2021","status":"publish","type":"post","link":"https:\/\/smaria.salou.arqtgn.cat\/es\/xiii-domingo-del-tiempo-ordinario-b-2021\/","title":{"rendered":"XIII Domingo del tiempo ordinario \/ B \/ 2021"},"content":{"rendered":"<table style=\"height: 99px;width: 97.3345%\">\n<tbody>\n<tr style=\"height: 256px\">\n<td style=\"height: 99px;width: 42.9098%\">\n<p><div id=\"attachment_15024\" style=\"width: 268px\" class=\"wp-caption aligncenter\"><a href=\"https:\/\/www.lecturesmissa.arquebisbattarragona.cat\/1655\/DIUMENGE-XIII-DURANT-L039ANY-B?lang=es\" target=\"_blank\" rel=\"noopener\"><img loading=\"lazy\" decoding=\"async\" aria-describedby=\"caption-attachment-15024\" class=\"wp-image-15024\" src=\"https:\/\/www.cristianosgays.com\/wp-content\/uploads\/2018\/07\/Hija-de-Jairo.jpg?w=255&amp;h=260\" alt=\"\" width=\"268\" height=\"188\" \/><\/a><p id=\"caption-attachment-15024\" class=\"wp-caption-text\">Llegir la Paraula de D\u00e9u<\/p><\/div><\/td>\n<td style=\"height: 99px;width: 56.8154%;text-align: center\">\n<p><div id=\"attachment_14542\" style=\"width: 400px\" class=\"wp-caption aligncenter\"><a href=\"http:\/\/hemeroteca.arqtgn.cat\/bitstream\/123456789\/12801\/2\/hd3720.pdf\" target=\"_blank\" rel=\"noopener noreferrer\"><img loading=\"lazy\" decoding=\"async\" aria-describedby=\"caption-attachment-14542\" class=\"wp-image-14542 size-full\" src=\"http:\/\/smaria.salou.arqtgn.cat\/wp-content\/uploads\/sites\/10\/2021\/01\/full_es.jpg\" alt=\"\" width=\"400\" height=\"235\" srcset=\"https:\/\/smaria.salou.arqtgn.cat\/wp-content\/uploads\/sites\/10\/2021\/01\/full_es.jpg 400w, https:\/\/smaria.salou.arqtgn.cat\/wp-content\/uploads\/sites\/10\/2021\/01\/full_es-300x176.jpg 300w\" sizes=\"auto, (max-width: 400px) 100vw, 400px\" \/><\/a><p id=\"caption-attachment-14542\" class=\"wp-caption-text\">Leer la Hoja Dominical<\/p><\/div><\/td>\n<\/tr>\n<\/tbody>\n<\/table>\n<p>[youtube https:\/\/www.youtube.com\/watch?v=VQO3iozWOko]<\/p>\n<p>&nbsp;<\/p>\n<p>[youtube https:\/\/www.youtube.com\/watch?v=mbtZPGaH_zs]<\/p>\n<p>&nbsp;<\/p>\n<h3><span style=\"color: #ff9900\">Lectura espiritual<\/span><\/h3>\n<p><strong>14. LA PALOMA<br \/>\n<\/strong><strong>Ponerse a la fila y arrodillarse ante el maestro<\/strong><\/p>\n<p style=\"text-align: justify\"><em>Por entonces fue Jes\u00fas desde Galilea al Jord\u00e1n y se present\u00f3 a Juan para que lo bautizara. Juan se lo imped\u00eda diciendo: Soy yo quien necesita que me bautices, \u00bfy t\u00fa acudes a m\u00ed? Jes\u00fas le respondi\u00f3: Ahora cede, de este modo conviene que realicemos la justicia plena. Ante esto accedi\u00f3. Jes\u00fas se bautiz\u00f3, SALI\u00d3 DEL AGUA Y, AL PUNTO, SE ABRI\u00d3 EL CIELO, y vio al Esp\u00edritu de Dios que bajaba en forma de paloma y se posaba sobre \u00e9l; y se oy\u00f3 una voz del cielo que dec\u00eda: \u00c9ste es mi Hijo amado, en quien me complazco. <\/em>(Mt 3,13-17)<\/p>\n<p style=\"text-align: justify\">&#8212;&#8212;&#8212;&#8212;&#8212;&#8211;<\/p>\n<p style=\"text-align: justify\">Lo primero que sabemos del Jes\u00fas adulto es que acude al Jord\u00e1n y que all\u00ed se pone a la fila, como uno m\u00e1s, para recibir el bautismo de manos de Juan. No se sit\u00faa el primero, no busca distinciones. Se suma a una fila de pecadores, est\u00e1 con los dem\u00e1s. Es all\u00ed donde quiere estar.<\/p>\n<p style=\"text-align: justify\">Jes\u00fas no quiere dejarse bautizar porque tenga heridas que sanar o errores que subsanar, sino porque desea correr el mismo destino que sus semejantes. Sabe que para ser pastor, primero hay que ser cordero.\u00a0 No busca una santidad que le separe del resto. La plenitud a la que se sabe llamado es uni\u00f3n con todos y en todos.<\/p>\n<p style=\"text-align: justify\">&#8212;&#8212;&#8212;&#8212;&#8212;&#8211;<\/p>\n<p style=\"text-align: justify\">Todos necesitamos purificarnos: el tiempo nos llena de traumas y sombras, y llega el momento en que nos damos cuenta de que es necesario barrerlo y limpiarlo todo para volver a empezar. Para volver a fluir. El agua nos purifica, nos limpia, nos prepara; pero el fuego arde, nos quema, nos consume. Si uno no muere, si no arde en llamas, no podr\u00e1 renacer.<\/p>\n<p style=\"text-align: justify\">Juan reconoce a Jes\u00fas de inmediato. Tambi\u00e9n nosotros tenemos momentos as\u00ed: instantes de extrema lucidez en que comprendemos que hacemos aqu\u00ed, ad\u00f3nde vamos, c\u00f3mo actuar, para que este mundo marche, c\u00f3mo resplandece todo\u2026 Entiende que la misi\u00f3n para la que ha nacido se acaba de cumplir y que puede pasar el testigo. Hay un futuro pero t\u00fa no eres su protagonista y eso te deja tranquilo.<\/p>\n<p style=\"text-align: justify\">&#8212;&#8212;&#8212;&#8212;&#8212;&#8211;<\/p>\n<p style=\"text-align: justify\">No soy digno, le dice a Jes\u00fas para disuadirle. No soy nadie. \u00a1Claro que no somos dignos! \u00a1No es cuesti\u00f3n de m\u00e9ritos! A cualquiera que tenga el coraz\u00f3n en su sitio le impondr\u00eda ver que alguien se arrodilla ante \u00e9l. Porque nadie ha sido hecho para ponerse por debajo de nadie. Un maestro que ped\u00eda la bendici\u00f3n a su disc\u00edpulo, un padre que se inclinaba con todo respeto ante su hijo. En esto consiste ser padre o maestro: en no retener al hijo o al disc\u00edpulo, en darle autoridad y libertad.<\/p>\n<p style=\"text-align: justify\">&#8212;&#8212;&#8212;&#8212;&#8212;&#8212;<\/p>\n<p style=\"text-align: justify\">Y las puertas del cielo se abren, es decir, que su percepci\u00f3n se hace de repente absoluta. Voz y visi\u00f3n. El esp\u00edritu, que es invisible cuando necesitamos de purificaci\u00f3n se hace visible una vez purificados. Lo que se llama Dios no es una mera experiencia interior, sino tambi\u00e9n es una evidencia exterior.<\/p>\n<p style=\"text-align: justify\">La paloma es nuestro yo, por eso vuela libremente. Lo que debe hundirse en las aguas es nuestro ego. No podemos pasarnos toda la vida como si tuvi\u00e9ramos una paloma dentro. Necesitamos un bautismo, una iniciaci\u00f3n. Debemos situarnos lo antes posible en alguna fila de pecadores: querer positivamente compartir el destino de los dem\u00e1s. Debemos arrodillarnos ante alg\u00fan maestro o nunca escucharemos nuestra voz interior.<\/p>\n<p style=\"text-align: justify\">&#8212;&#8212;&#8212;&#8212;&#8212;&#8212;<\/p>\n<p style=\"text-align: justify\">Y se oye una voz: \u201cT\u00fa eres mi Hijo amado\u201d. T\u00fa eres de mi familia. La confianza no es est\u00fapida porque se ha experimentado que lo que acontece no es arbitrario o caprichoso, sino que obedece a un designio amoroso y providente. Al confiar hacemos la experiencia de unirnos al otro y al mundo, y en eso consiste la m\u00edstica. Merece la pena confiar.<\/p>\n<p style=\"text-align: justify\">Nuestro principal problema es hoy la p\u00e9rdida de la experiencia de filiaci\u00f3n. Si aprendi\u00e9ramos a escuchar, comprender\u00edamos que la conciencia nos dice lo \u00fanico que necesitamos o\u00edr: eres amado, puedes confiar, eres hijo, hay alguien que vela por ti.<\/p>\n<p style=\"text-align: justify\">Todos podemos renacer y responder a esa voz interior que nos dice: en ti me complazco, es decir, me alegro que seas como eres, me alegro sencillamente de que seas.<\/p>\n<p style=\"text-align: right\"><em>(Inspirado en el libro: Biograf\u00eda de la luz, De Pablo d\u2019Ors)<\/em><\/p>\n","protected":false},"excerpt":{"rendered":"<p>[youtube https:\/\/www.youtube.com\/watch?v=VQO3iozWOko] &nbsp; [youtube https:\/\/www.youtube.com\/watch?v=mbtZPGaH_zs] &nbsp; Lectura espiritual 14. LA PALOMA Ponerse a la fila y arrodillarse ante el maestro Por entonces fue Jes\u00fas desde Galilea al Jord\u00e1n y se present\u00f3 a Juan para que lo bautizara. Juan se lo imped\u00eda diciendo: Soy yo quien necesita que me bautices, \u00bfy t\u00fa acudes a m\u00ed? Jes\u00fas &hellip; <\/p>\n<p><a class=\"more-link btn\" href=\"https:\/\/smaria.salou.arqtgn.cat\/es\/xiii-domingo-del-tiempo-ordinario-b-2021\/\">Seguir leyendo<\/a><\/p>\n","protected":false},"author":11,"featured_media":0,"comment_status":"closed","ping_status":"closed","sticky":false,"template":"","format":"standard","meta":{"footnotes":""},"categories":[52,49],"tags":[],"class_list":["post-15174","post","type-post","status-publish","format-standard","hentry","category-para-reflexionar","category-preparando-el-domingo","item-wrap"],"amp_enabled":true,"_links":{"self":[{"href":"https:\/\/smaria.salou.arqtgn.cat\/es\/wp-json\/wp\/v2\/posts\/15174","targetHints":{"allow":["GET"]}}],"collection":[{"href":"https:\/\/smaria.salou.arqtgn.cat\/es\/wp-json\/wp\/v2\/posts"}],"about":[{"href":"https:\/\/smaria.salou.arqtgn.cat\/es\/wp-json\/wp\/v2\/types\/post"}],"author":[{"embeddable":true,"href":"https:\/\/smaria.salou.arqtgn.cat\/es\/wp-json\/wp\/v2\/users\/11"}],"replies":[{"embeddable":true,"href":"https:\/\/smaria.salou.arqtgn.cat\/es\/wp-json\/wp\/v2\/comments?post=15174"}],"version-history":[{"count":3,"href":"https:\/\/smaria.salou.arqtgn.cat\/es\/wp-json\/wp\/v2\/posts\/15174\/revisions"}],"predecessor-version":[{"id":15178,"href":"https:\/\/smaria.salou.arqtgn.cat\/es\/wp-json\/wp\/v2\/posts\/15174\/revisions\/15178"}],"wp:attachment":[{"href":"https:\/\/smaria.salou.arqtgn.cat\/es\/wp-json\/wp\/v2\/media?parent=15174"}],"wp:term":[{"taxonomy":"category","embeddable":true,"href":"https:\/\/smaria.salou.arqtgn.cat\/es\/wp-json\/wp\/v2\/categories?post=15174"},{"taxonomy":"post_tag","embeddable":true,"href":"https:\/\/smaria.salou.arqtgn.cat\/es\/wp-json\/wp\/v2\/tags?post=15174"}],"curies":[{"name":"wp","href":"https:\/\/api.w.org\/{rel}","templated":true}]}}