{"id":15157,"date":"2021-06-19T00:40:35","date_gmt":"2021-06-18T22:40:35","guid":{"rendered":"http:\/\/smaria.salou.arqtgn.cat\/?p=15157"},"modified":"2021-06-19T00:41:23","modified_gmt":"2021-06-18T22:41:23","slug":"xii-domingo-del-tiempo-ordinario-b-2021","status":"publish","type":"post","link":"https:\/\/smaria.salou.arqtgn.cat\/es\/xii-domingo-del-tiempo-ordinario-b-2021\/","title":{"rendered":"XII Domingo del tiempo ordinario \/ B \/ 2021"},"content":{"rendered":"<table style=\"height: 99px;width: 97.3345%\">\n<tbody>\n<tr style=\"height: 256px\">\n<td style=\"height: 99px;width: 42.9098%\">\n<p><div id=\"attachment_15024\" style=\"width: 195px\" class=\"wp-caption aligncenter\"><a href=\"https:\/\/www.lecturesmissa.arquebisbattarragona.cat\/1413\/DIUMENGE-XII-DURANT-L039ANY-B?lang=es\" target=\"_blank\" rel=\"noopener\"><img loading=\"lazy\" decoding=\"async\" aria-describedby=\"caption-attachment-15024\" class=\"wp-image-15024\" src=\"http:\/\/1.bp.blogspot.com\/-aIihlKzUUBc\/UlSgwl2_3UI\/AAAAAAAAGnk\/aaxTcItGcPE\/s1600\/S+jESUSCALMATEMPESTAD.jpg\" alt=\"\" width=\"195\" height=\"245\" \/><\/a><p id=\"caption-attachment-15024\" class=\"wp-caption-text\">Leer la Palabra de Dios<\/p><\/div><\/td>\n<td style=\"height: 99px;width: 56.8154%;text-align: center\">\n<p><div id=\"attachment_14542\" style=\"width: 400px\" class=\"wp-caption aligncenter\"><a href=\"http:\/\/hemeroteca.arqtgn.cat\/bitstream\/123456789\/12799\/2\/hd3719.pdf\" target=\"_blank\" rel=\"noopener noreferrer\"><img loading=\"lazy\" decoding=\"async\" aria-describedby=\"caption-attachment-14542\" class=\"wp-image-14542 size-full\" src=\"http:\/\/smaria.salou.arqtgn.cat\/wp-content\/uploads\/sites\/10\/2021\/01\/full_es.jpg\" alt=\"\" width=\"400\" height=\"235\" srcset=\"https:\/\/smaria.salou.arqtgn.cat\/wp-content\/uploads\/sites\/10\/2021\/01\/full_es.jpg 400w, https:\/\/smaria.salou.arqtgn.cat\/wp-content\/uploads\/sites\/10\/2021\/01\/full_es-300x176.jpg 300w\" sizes=\"auto, (max-width: 400px) 100vw, 400px\" \/><\/a><p id=\"caption-attachment-14542\" class=\"wp-caption-text\">Leer la Hoja Dominical<\/p><\/div><\/td>\n<\/tr>\n<\/tbody>\n<\/table>\n<p>[youtube https:\/\/www.youtube.com\/watch?v=8ydw-UBU6QQ]<\/p>\n<p>&nbsp;<\/p>\n<p>[youtube https:\/\/www.youtube.com\/watch?v=q969Vb8slIU]<\/p>\n<p>&nbsp;<\/p>\n<h3><span style=\"color: #ff9900\">Lectura espiritual<\/span><\/h3>\n<p><strong>13. EL CORDERO<br \/>\n<\/strong><strong>Asumir el destino com\u00fan de la humanidad<\/strong><\/p>\n<p style=\"text-align: justify\"><em>Al d\u00eda siguiente ve acercarse a Jes\u00fas y dice: AH\u00cd EST\u00c1 EL CORDERO DE DIOS QUE QUITA EL PECADO DEL MUNDO. De \u00e9l dije yo: detr\u00e1s de m\u00ed viene un var\u00f3n que exist\u00eda antes que yo, porque est\u00e1 antes de m\u00ed. <\/em>(Jn 1,29-30)<\/p>\n<p style=\"text-align: justify\">&#8212;&#8212;&#8212;&#8212;&#8212;&#8212;&#8212;&#8212;<\/p>\n<p style=\"text-align: justify\">Un cordero es un animal que, despu\u00e9s de cebarlo bien, se lleva al matadero. El cordero conf\u00eda en que los humanos le lleven al campo a pastar; pero, al final, le llevan a una cinta que le conduce a un precipicio. No le queda mucho para ser triturado por unas m\u00e1quinas y, poco despu\u00e9s, despedazado por unos carniceros.<\/p>\n<p style=\"text-align: justify\">La expresi\u00f3n \u201cCordero de Dios\u201d significa que Dios se deja llevar al matadero, asumiendo un destino terrible y desconocido.<strong>\u00a0<\/strong><\/p>\n<p style=\"text-align: justify\">Tambi\u00e9n nosotros podemos montarnos en esa cinta. \u00a1O no! Pero una persona cabal es aquella que se sube consciente y solidariamente a esa cinta, uniendo su destino al de los dem\u00e1s.<\/p>\n<p style=\"text-align: justify\">Cada vez que nos sentamos a contemplar nos hacemos conscientes de que viajamos en esta cinta. El seguidor de Cristo camina hacia el abismo de carniceros y trituradores, a sabiendas de que esa terrible noche ya ha sido vencida.<\/p>\n<p style=\"text-align: justify\">&#8212;&#8212;&#8212;&#8212;&#8212;&#8212;&#8212;&#8212;&#8211;<\/p>\n<p style=\"text-align: justify\">El Cordero de Dios grita, suda y llora antes de su final; pero eso no le quita un \u00e1pice de mansedumbre ni de valent\u00eda. Manso no es quien calla, sino quien asume su destino como mejor puede. Ese es el hombre. <em>Ecce homo.<\/em><\/p>\n<p style=\"text-align: justify\">La mansedumbre es la virtud que posibilita aceptar lo inevitable. La realidad no tiene siempre un aspecto agradable o atractivo. El edificio se tambalea, naturalmente, puesto que no en vano somos humanos, pero el cimiento es firme.<\/p>\n<p style=\"text-align: justify\">A nadie se le van a ahorrar los sinsabores y el espanto. Pero a todos se nos permite llorar, llorar de verdad, sin fractura entre nuestro llanto y todo lo dem\u00e1s. S\u00f3lo experimentar hasta el fondo esa vulnerabilidad te permite saber que eres un cordero. S\u00f3lo esto te har\u00e1 entender que tu destino es el de tus semejantes, y podr\u00e1s sentir verdadera compasi\u00f3n por ellos.<\/p>\n<p style=\"text-align: justify\">La mansedumbre y la humillaci\u00f3n pueden ser la puerta. Nosotros no querr\u00edamos ni o\u00edr hablar de todo esto, eso no hay ni que decirlo. Pero quiz\u00e1 la mansedumbre ante la humillaci\u00f3n sea, despu\u00e9s de todo, nuestra puerta.<\/p>\n<p style=\"text-align: justify\">&#8212;&#8212;&#8212;&#8212;&#8212;&#8212;&#8212;&#8212;&#8211;<\/p>\n<p style=\"text-align: justify\">Ese Cordero quita el pecado del mundo. Eso significa que, contra toda apariencia, s\u00f3lo el bien puede vencer al mal, que el dolor puede ser derrotado \u00fanicamente con amor, que la mansedumbre o no violencia -la aceptaci\u00f3n sin resistencia- son el \u00fanico modo para hacer frente a la obscuridad.<\/p>\n<p style=\"text-align: justify\">S\u00f3lo cuando eres manso, cuando no hay fractura entre lo que eres y lo que hay, llegas a ser verdaderamente t\u00fa. S\u00f3lo as\u00ed ayudas verdaderamente a los dem\u00e1s y redimes el mundo, esto es, pones luz donde hay oscuridad, compa\u00f1\u00eda donde reina la desolaci\u00f3n, fe en medio del escepticismo.<\/p>\n<p style=\"text-align: justify\">&#8212;&#8212;&#8212;&#8212;&#8212;&#8212;&#8212;&#8212;<\/p>\n<p style=\"text-align: justify\">Esto no se lo cree nadie, por supuesto: toda evidencia muestra que lo d\u00e9bil no puede vencer a lo fuerte. Por eso \u00e9ste es el gran dilema, la gran cuesti\u00f3n, la gran met\u00e1fora, la raz\u00f3n por la que Cristo muri\u00f3 en la Cruz.<\/p>\n<p style=\"text-align: justify\">Frente al mal del mundo, la respuesta cristiana es ser corderos para luego, tras ser degollados, convertirnos en palomas.<\/p>\n<p style=\"text-align: justify\">Me gusta que se haya comparado a Dios con un cordero y -m\u00e1s adelante- con una paloma: animales modestos que no provocan temor o admiraci\u00f3n. Estamos invitados a hacernos corderos, pero para m\u00e1s tarde volar como palomas. El Hijo no puede entenderse sin el Esp\u00edritu.<\/p>\n<p style=\"text-align: justify\">Quienes nos sentamos a contemplar en silencio lo hacemos como corderos, trabajando en nuestro interior la mansedumbre, la aceptaci\u00f3n de lo que hay. Pero en la confianza de levantarnos algo m\u00e1s tarde como palomas, con la visi\u00f3n justa de lo real.<\/p>\n<p style=\"text-align: right\"><em>(Inspirado en el libro: Biograf\u00eda de la luz, De Pablo d\u2019Ors)<\/em><\/p>\n","protected":false},"excerpt":{"rendered":"<p>[youtube https:\/\/www.youtube.com\/watch?v=8ydw-UBU6QQ] &nbsp; [youtube https:\/\/www.youtube.com\/watch?v=q969Vb8slIU] &nbsp; Lectura espiritual 13. EL CORDERO Asumir el destino com\u00fan de la humanidad Al d\u00eda siguiente ve acercarse a Jes\u00fas y dice: AH\u00cd EST\u00c1 EL CORDERO DE DIOS QUE QUITA EL PECADO DEL MUNDO. De \u00e9l dije yo: detr\u00e1s de m\u00ed viene un var\u00f3n que exist\u00eda antes que yo, porque &hellip; <\/p>\n<p><a class=\"more-link btn\" href=\"https:\/\/smaria.salou.arqtgn.cat\/es\/xii-domingo-del-tiempo-ordinario-b-2021\/\">Seguir leyendo<\/a><\/p>\n","protected":false},"author":11,"featured_media":0,"comment_status":"closed","ping_status":"closed","sticky":false,"template":"","format":"standard","meta":{"footnotes":""},"categories":[52,49],"tags":[],"class_list":["post-15157","post","type-post","status-publish","format-standard","hentry","category-para-reflexionar","category-preparando-el-domingo","item-wrap"],"amp_enabled":true,"_links":{"self":[{"href":"https:\/\/smaria.salou.arqtgn.cat\/es\/wp-json\/wp\/v2\/posts\/15157","targetHints":{"allow":["GET"]}}],"collection":[{"href":"https:\/\/smaria.salou.arqtgn.cat\/es\/wp-json\/wp\/v2\/posts"}],"about":[{"href":"https:\/\/smaria.salou.arqtgn.cat\/es\/wp-json\/wp\/v2\/types\/post"}],"author":[{"embeddable":true,"href":"https:\/\/smaria.salou.arqtgn.cat\/es\/wp-json\/wp\/v2\/users\/11"}],"replies":[{"embeddable":true,"href":"https:\/\/smaria.salou.arqtgn.cat\/es\/wp-json\/wp\/v2\/comments?post=15157"}],"version-history":[{"count":3,"href":"https:\/\/smaria.salou.arqtgn.cat\/es\/wp-json\/wp\/v2\/posts\/15157\/revisions"}],"predecessor-version":[{"id":15160,"href":"https:\/\/smaria.salou.arqtgn.cat\/es\/wp-json\/wp\/v2\/posts\/15157\/revisions\/15160"}],"wp:attachment":[{"href":"https:\/\/smaria.salou.arqtgn.cat\/es\/wp-json\/wp\/v2\/media?parent=15157"}],"wp:term":[{"taxonomy":"category","embeddable":true,"href":"https:\/\/smaria.salou.arqtgn.cat\/es\/wp-json\/wp\/v2\/categories?post=15157"},{"taxonomy":"post_tag","embeddable":true,"href":"https:\/\/smaria.salou.arqtgn.cat\/es\/wp-json\/wp\/v2\/tags?post=15157"}],"curies":[{"name":"wp","href":"https:\/\/api.w.org\/{rel}","templated":true}]}}