{"id":15138,"date":"2021-06-08T10:23:13","date_gmt":"2021-06-08T08:23:13","guid":{"rendered":"http:\/\/smaria.salou.arqtgn.cat\/?p=15138"},"modified":"2021-06-12T10:43:00","modified_gmt":"2021-06-12T08:43:00","slug":"caritas-interparroquial-de-salou-recibe-el-merito-de-servicio-distinguido-del-consell-comarcal-del-tarragones","status":"publish","type":"post","link":"https:\/\/smaria.salou.arqtgn.cat\/es\/caritas-interparroquial-de-salou-recibe-el-merito-de-servicio-distinguido-del-consell-comarcal-del-tarragones\/","title":{"rendered":"C\u00e0ritas Interparroquial de Salou recibe el m\u00e9rito de servicio distinguido del Consell Comarcal del Tarragon\u00e8s"},"content":{"rendered":"<p style=\"text-align: justify\"><a href=\"https:\/\/www.arquebisbattarragona.cat\/wp-content\/uploads\/bfi_thumb\/nt_premis-p8cze46ei8nul18tg1uwbqpywlcrh77j2df6u488co.jpg\"><img loading=\"lazy\" decoding=\"async\" class=\"aligncenter size-full\" src=\"https:\/\/www.arquebisbattarragona.cat\/wp-content\/uploads\/bfi_thumb\/nt_premis-p8cze46ei8nul18tg1uwbqpywlcrh77j2df6u488co.jpg\" width=\"1100\" height=\"340\" \/><\/a>El pasado viernes, d\u00eda 4 de junio, en la plaza de la iglesia de Perafort, tuvo lugar la sexta edici\u00f3n del acto de entrega del M\u00e9rito de Servicios Distinguidos que otorga el Consejo Comarcal del Tarragon\u00e8s. En este reconocimiento, que tiene por objetivo honrar a las personas o entidades que hayan contribuido con su trabajo a aumentar el prestigio de un municipio del Tarragon\u00e8s o de la comarca en su conjunto, fueron galardonados el Museo B\u00edblico Tarraconense y la C\u00e1ritas Interparroquial de Salou, entre otros.<\/p>\n<p style=\"text-align: justify\">C\u00e1ritas Interparroquial de Salou ha sido distinguida por su continuada labor social y humanitaria ofreciendo acogida, acompa\u00f1amiento y cobertura de las necesidades b\u00e1sicas a las familias de Salou de m\u00e1s vulnerables.<\/p>\n<p style=\"text-align: justify\">El acto, conducido por la periodista Nuria Cartany\u00e0 y amenizado por la Stromboli Jazz Band, cont\u00f3 con la asistencia de alcaldes\/desas y concejales\/as de los municipios del Tarragon\u00e8s as\u00ed como representantes de las entidades y personalidades distinguidas.<\/p>\n","protected":false},"excerpt":{"rendered":"<p>El pasado viernes, d\u00eda 4 de junio, en la plaza de la iglesia de Perafort, tuvo lugar la sexta edici\u00f3n del acto de entrega del M\u00e9rito de Servicios Distinguidos que otorga el Consejo Comarcal del Tarragon\u00e8s. En este reconocimiento, que tiene por objetivo honrar a las personas o entidades que hayan contribuido con su trabajo &hellip; <\/p>\n<p><a class=\"more-link btn\" href=\"https:\/\/smaria.salou.arqtgn.cat\/es\/caritas-interparroquial-de-salou-recibe-el-merito-de-servicio-distinguido-del-consell-comarcal-del-tarragones\/\">Seguir leyendo<\/a><\/p>\n","protected":false},"author":11,"featured_media":0,"comment_status":"closed","ping_status":"closed","sticky":false,"template":"","format":"standard","meta":{"footnotes":""},"categories":[57],"tags":[],"class_list":["post-15138","post","type-post","status-publish","format-standard","hentry","category-caritas-interparroquial-es-2","item-wrap"],"amp_enabled":true,"_links":{"self":[{"href":"https:\/\/smaria.salou.arqtgn.cat\/es\/wp-json\/wp\/v2\/posts\/15138","targetHints":{"allow":["GET"]}}],"collection":[{"href":"https:\/\/smaria.salou.arqtgn.cat\/es\/wp-json\/wp\/v2\/posts"}],"about":[{"href":"https:\/\/smaria.salou.arqtgn.cat\/es\/wp-json\/wp\/v2\/types\/post"}],"author":[{"embeddable":true,"href":"https:\/\/smaria.salou.arqtgn.cat\/es\/wp-json\/wp\/v2\/users\/11"}],"replies":[{"embeddable":true,"href":"https:\/\/smaria.salou.arqtgn.cat\/es\/wp-json\/wp\/v2\/comments?post=15138"}],"version-history":[{"count":2,"href":"https:\/\/smaria.salou.arqtgn.cat\/es\/wp-json\/wp\/v2\/posts\/15138\/revisions"}],"predecessor-version":[{"id":15140,"href":"https:\/\/smaria.salou.arqtgn.cat\/es\/wp-json\/wp\/v2\/posts\/15138\/revisions\/15140"}],"wp:attachment":[{"href":"https:\/\/smaria.salou.arqtgn.cat\/es\/wp-json\/wp\/v2\/media?parent=15138"}],"wp:term":[{"taxonomy":"category","embeddable":true,"href":"https:\/\/smaria.salou.arqtgn.cat\/es\/wp-json\/wp\/v2\/categories?post=15138"},{"taxonomy":"post_tag","embeddable":true,"href":"https:\/\/smaria.salou.arqtgn.cat\/es\/wp-json\/wp\/v2\/tags?post=15138"}],"curies":[{"name":"wp","href":"https:\/\/api.w.org\/{rel}","templated":true}]}}