{"id":15132,"date":"2021-06-07T10:11:22","date_gmt":"2021-06-07T08:11:22","guid":{"rendered":"http:\/\/smaria.salou.arqtgn.cat\/?p=15132"},"modified":"2021-06-12T10:12:04","modified_gmt":"2021-06-12T08:12:04","slug":"encuentro-diocesano-de-catequistas","status":"publish","type":"post","link":"https:\/\/smaria.salou.arqtgn.cat\/es\/encuentro-diocesano-de-catequistas\/","title":{"rendered":"Encuentro Diocesano de Catequistas"},"content":{"rendered":"<p style=\"text-align: justify\"><a href=\"http:\/\/smaria.salou.arqtgn.cat\/wp-content\/uploads\/sites\/10\/2021\/06\/trob_cate.jpg\"><img loading=\"lazy\" decoding=\"async\" class=\"aligncenter size-full wp-image-15130\" src=\"http:\/\/smaria.salou.arqtgn.cat\/wp-content\/uploads\/sites\/10\/2021\/06\/trob_cate.jpg\" alt=\"\" width=\"800\" height=\"564\" srcset=\"https:\/\/smaria.salou.arqtgn.cat\/wp-content\/uploads\/sites\/10\/2021\/06\/trob_cate.jpg 800w, https:\/\/smaria.salou.arqtgn.cat\/wp-content\/uploads\/sites\/10\/2021\/06\/trob_cate-300x212.jpg 300w, https:\/\/smaria.salou.arqtgn.cat\/wp-content\/uploads\/sites\/10\/2021\/06\/trob_cate-768x541.jpg 768w, https:\/\/smaria.salou.arqtgn.cat\/wp-content\/uploads\/sites\/10\/2021\/06\/trob_cate-756x533.jpg 756w\" sizes=\"auto, (max-width: 800px) 100vw, 800px\" \/><\/a>Un buen grupito de nuestros catequistas particip\u00f3 este pasado s\u00e1bado 5 de junio en el Encuentro Diocesano de fin de curso para catequistas y animadores de j\u00f3venes en el Claustro de San Pablo del Centro de Tarraconense.<\/p>\n<p>Despu\u00e9s de la oraci\u00f3n inicial, el arzobispo Joan comparti\u00f3 una reflexi\u00f3n sobre los retos que hay que afrontar en el \u00e1mbito catequ\u00e9tico, en el acompa\u00f1amiento tanto de ni\u00f1os como de j\u00f3venes. El Sr. Arzobispo, en el marco del A\u00f1o de la familia convocado por el papa Francisco, incidi\u00f3 mucho en la necesidad de que los catequistas y animadores de j\u00f3venes acojan las familias de los ni\u00f1os y j\u00f3venes que acompa\u00f1an y en la importancia de que toda la comunidad eclesial participe tambi\u00e9n de esta acogida. \u00ab<em>Debemos acoger con toda su vulnerabilidad, estim\u00e1ndose las y acompa\u00f1ante para que puedan tener una experiencia positiva de Iglesia. Lo tenemos que ver como un reto evangelizador<\/em>\u00bb, dijo.<\/p>\n<p><a href=\"http:\/\/fototeca.mcs.arqtgn.cat\/index.php?\/category\/2118\" target=\"_blank\" rel=\"noopener\">Ver la galer\u00eda de im\u00e1genes.<\/a><\/p>\n","protected":false},"excerpt":{"rendered":"<p>Un buen grupito de nuestros catequistas particip\u00f3 este pasado s\u00e1bado 5 de junio en el Encuentro Diocesano de fin de curso para catequistas y animadores de j\u00f3venes en el Claustro de San Pablo del Centro de Tarraconense. Despu\u00e9s de la oraci\u00f3n inicial, el arzobispo Joan comparti\u00f3 una reflexi\u00f3n sobre los retos que hay que afrontar &hellip; <\/p>\n<p><a class=\"more-link btn\" href=\"https:\/\/smaria.salou.arqtgn.cat\/es\/encuentro-diocesano-de-catequistas\/\">Seguir leyendo<\/a><\/p>\n","protected":false},"author":11,"featured_media":0,"comment_status":"closed","ping_status":"closed","sticky":false,"template":"","format":"standard","meta":{"footnotes":""},"categories":[50,64],"tags":[],"class_list":["post-15132","post","type-post","status-publish","format-standard","hentry","category-catequesis","category-vida-parroquial-es","item-wrap"],"amp_enabled":true,"_links":{"self":[{"href":"https:\/\/smaria.salou.arqtgn.cat\/es\/wp-json\/wp\/v2\/posts\/15132","targetHints":{"allow":["GET"]}}],"collection":[{"href":"https:\/\/smaria.salou.arqtgn.cat\/es\/wp-json\/wp\/v2\/posts"}],"about":[{"href":"https:\/\/smaria.salou.arqtgn.cat\/es\/wp-json\/wp\/v2\/types\/post"}],"author":[{"embeddable":true,"href":"https:\/\/smaria.salou.arqtgn.cat\/es\/wp-json\/wp\/v2\/users\/11"}],"replies":[{"embeddable":true,"href":"https:\/\/smaria.salou.arqtgn.cat\/es\/wp-json\/wp\/v2\/comments?post=15132"}],"version-history":[{"count":2,"href":"https:\/\/smaria.salou.arqtgn.cat\/es\/wp-json\/wp\/v2\/posts\/15132\/revisions"}],"predecessor-version":[{"id":15134,"href":"https:\/\/smaria.salou.arqtgn.cat\/es\/wp-json\/wp\/v2\/posts\/15132\/revisions\/15134"}],"wp:attachment":[{"href":"https:\/\/smaria.salou.arqtgn.cat\/es\/wp-json\/wp\/v2\/media?parent=15132"}],"wp:term":[{"taxonomy":"category","embeddable":true,"href":"https:\/\/smaria.salou.arqtgn.cat\/es\/wp-json\/wp\/v2\/categories?post=15132"},{"taxonomy":"post_tag","embeddable":true,"href":"https:\/\/smaria.salou.arqtgn.cat\/es\/wp-json\/wp\/v2\/tags?post=15132"}],"curies":[{"name":"wp","href":"https:\/\/api.w.org\/{rel}","templated":true}]}}