{"id":15117,"date":"2021-06-11T00:37:12","date_gmt":"2021-06-10T22:37:12","guid":{"rendered":"http:\/\/smaria.salou.arqtgn.cat\/?p=15117"},"modified":"2021-06-12T10:53:49","modified_gmt":"2021-06-12T08:53:49","slug":"cena-del-hambre-virtual-de-manos-unidas","status":"publish","type":"post","link":"https:\/\/smaria.salou.arqtgn.cat\/es\/cena-del-hambre-virtual-de-manos-unidas\/","title":{"rendered":"Cena del hambre virtual de Manos Unidas"},"content":{"rendered":"<p style=\"text-align: justify\"><a href=\"http:\/\/smaria.salou.arqtgn.cat\/wp-content\/uploads\/sites\/10\/2021\/06\/Cart_Sopar_Fam_21a.jpg\"><img loading=\"lazy\" decoding=\"async\" class=\"aligncenter size-full wp-image-15109\" src=\"http:\/\/smaria.salou.arqtgn.cat\/wp-content\/uploads\/sites\/10\/2021\/06\/Cart_Sopar_Fam_21a.jpg\" alt=\"\" width=\"800\" height=\"600\" srcset=\"https:\/\/smaria.salou.arqtgn.cat\/wp-content\/uploads\/sites\/10\/2021\/06\/Cart_Sopar_Fam_21a.jpg 800w, https:\/\/smaria.salou.arqtgn.cat\/wp-content\/uploads\/sites\/10\/2021\/06\/Cart_Sopar_Fam_21a-300x225.jpg 300w, https:\/\/smaria.salou.arqtgn.cat\/wp-content\/uploads\/sites\/10\/2021\/06\/Cart_Sopar_Fam_21a-768x576.jpg 768w, https:\/\/smaria.salou.arqtgn.cat\/wp-content\/uploads\/sites\/10\/2021\/06\/Cart_Sopar_Fam_21a-756x567.jpg 756w\" sizes=\"auto, (max-width: 800px) 100vw, 800px\" \/><\/a><\/p>\n<p>Como es tradicional cada a\u00f1o por estas fechas, las parroquias de Salou organizan la <strong><span style=\"color: #ff6600\">CENA de la FAM de Manos Unidas.<\/span><\/strong><\/p>\n<p>El a\u00f1o pasado con la situaci\u00f3n de pandemia que se viv\u00eda no se pudo organizar. Este a\u00f1o a pesar de que todav\u00eda hay restricciones para hacer encuentros, se organiza una<span style=\"color: #ff6600\"><strong> CENA de la FAM VIRTUAL<\/strong><\/span>, que durar\u00e1 un mes,<span style=\"color: #ff6600\"><strong><em> del 15 de junio al 15 de julio y la aportaci\u00f3n es de 12\u20ac.<\/em><\/strong><br \/>\n<\/span><\/p>\n<p>Para participar lo puede hacer de dos maneras:<br \/>\n* Presencialmente en las dos parroquias. Encontrar\u00e1 un buz\u00f3n en cada una de las dos parroquias, donde se le facilitar\u00e1 un sobre para que haga su donativo.<br \/>\n* Por transferencia bancaria a una de estas dos cuentas indicando en el concepto, \u00ab<em><strong>Salou, cena del hambre 2021<\/strong><\/em>\u00bb<\/p>\n<p><span style=\"color: #ff0000\"><strong>-&gt;<\/strong> <\/span>BBVA CX\u00a0 ES03 0182 1238 69 0200316187<br \/>\n<span style=\"color: #ff0000\"><strong>-&gt;<\/strong><\/span> CAIXABANK ES20 2100 0006 390200703422<\/p>\n<p><a href=\"http:\/\/El%20projecte%20se%20situa%20al%20districte%20de%20Rubrizi,%20a%20la%20regi\u00f3%20de%20Mbarara%20(Uganda)%20al%20Sud-Oest%20del%20pa\u00eds,%20en%20una%20zona%20agr\u00edcola%20deprimida%20en%20qu\u00e8%20diferents%20factors%20han%20provocat%20l'empobriment%20del%20s\u00f2l:%20desforestaci\u00f3,%20sequera%20i%20falta%20de%20coneixements%20agr\u00edcoles%20per%20part%20dels%20camperols.\"><img loading=\"lazy\" decoding=\"async\" class=\"size-full alignleft\" src=\"https:\/\/www.mansunides.org\/sites\/default\/files\/styles\/fullpage-breakpoints_theme_manosunidas_bootstrap_desktop-xl_1x\/public\/2021_uga75173_foto.jpg?itok=YE_as4tp&amp;timestamp=1613731312\" width=\"330\" height=\"265\" \/><\/a>El proyecto se sit\u00faa en el distrito de Rubrizi, en la regi\u00f3n de Mbarara (Uganda) en el Sur-Oeste del pa\u00eds, en una zona agr\u00edcola deprimida en que diferentes factores han provocado el empobrecimiento del suelo: deforestaci\u00f3n, sequ\u00eda y falta de conocimientos agr\u00edcolas para parte de los campesinos.<\/p>\n<p>El dinero que se recojan ir\u00e1n a ayudar al proyecto de \u00abMejora de la seguridad alimentaria y de los ingresos de familias campesinas\u00bb (Uganda). El proyecto se sit\u00faa en el distrito de Rubrizi, en la regi\u00f3n de Mbarara (Uganda) en el Sur-Oeste del pa\u00eds, en una zona agr\u00edcola deprimida en que diferentes factores han provocado el empobrecimiento del suelo: deforestaci\u00f3n, sequ\u00eda y falta de conocimientos agr\u00edcolas para parte de los campesinos.<\/p>\n<p>Clique <a href=\"https:\/\/www.mansunides.org\/projecte\/millora-seguretat-alimentaria-i-dels-ingressos-families-camperoles-uganda\" target=\"_blank\" rel=\"noopener\">aqu\u00ed<\/a> para m\u00e1s informaci\u00f3n del proyecto.<\/p>\n<p style=\"text-align: justify\">\n","protected":false},"excerpt":{"rendered":"<p>Como es tradicional cada a\u00f1o por estas fechas, las parroquias de Salou organizan la CENA de la FAM de Manos Unidas. El a\u00f1o pasado con la situaci\u00f3n de pandemia que se viv\u00eda no se pudo organizar. Este a\u00f1o a pesar de que todav\u00eda hay restricciones para hacer encuentros, se organiza una CENA de la FAM &hellip; <\/p>\n<p><a class=\"more-link btn\" href=\"https:\/\/smaria.salou.arqtgn.cat\/es\/cena-del-hambre-virtual-de-manos-unidas\/\">Seguir leyendo<\/a><\/p>\n","protected":false},"author":11,"featured_media":0,"comment_status":"closed","ping_status":"closed","sticky":false,"template":"","format":"standard","meta":{"footnotes":""},"categories":[61],"tags":[],"class_list":["post-15117","post","type-post","status-publish","format-standard","hentry","category-mans-unides-es","item-wrap"],"amp_enabled":true,"_links":{"self":[{"href":"https:\/\/smaria.salou.arqtgn.cat\/es\/wp-json\/wp\/v2\/posts\/15117","targetHints":{"allow":["GET"]}}],"collection":[{"href":"https:\/\/smaria.salou.arqtgn.cat\/es\/wp-json\/wp\/v2\/posts"}],"about":[{"href":"https:\/\/smaria.salou.arqtgn.cat\/es\/wp-json\/wp\/v2\/types\/post"}],"author":[{"embeddable":true,"href":"https:\/\/smaria.salou.arqtgn.cat\/es\/wp-json\/wp\/v2\/users\/11"}],"replies":[{"embeddable":true,"href":"https:\/\/smaria.salou.arqtgn.cat\/es\/wp-json\/wp\/v2\/comments?post=15117"}],"version-history":[{"count":7,"href":"https:\/\/smaria.salou.arqtgn.cat\/es\/wp-json\/wp\/v2\/posts\/15117\/revisions"}],"predecessor-version":[{"id":15143,"href":"https:\/\/smaria.salou.arqtgn.cat\/es\/wp-json\/wp\/v2\/posts\/15117\/revisions\/15143"}],"wp:attachment":[{"href":"https:\/\/smaria.salou.arqtgn.cat\/es\/wp-json\/wp\/v2\/media?parent=15117"}],"wp:term":[{"taxonomy":"category","embeddable":true,"href":"https:\/\/smaria.salou.arqtgn.cat\/es\/wp-json\/wp\/v2\/categories?post=15117"},{"taxonomy":"post_tag","embeddable":true,"href":"https:\/\/smaria.salou.arqtgn.cat\/es\/wp-json\/wp\/v2\/tags?post=15117"}],"curies":[{"name":"wp","href":"https:\/\/api.w.org\/{rel}","templated":true}]}}