{"id":15099,"date":"2021-06-11T17:24:17","date_gmt":"2021-06-11T15:24:17","guid":{"rendered":"http:\/\/smaria.salou.arqtgn.cat\/?p=15099"},"modified":"2021-06-11T17:31:31","modified_gmt":"2021-06-11T15:31:31","slug":"xi-domingo-del-tiempo-ordinario-b-2021","status":"publish","type":"post","link":"https:\/\/smaria.salou.arqtgn.cat\/es\/xi-domingo-del-tiempo-ordinario-b-2021\/","title":{"rendered":"XI Domingo del tiempo ordinario \/ B \/ 2021"},"content":{"rendered":"<table style=\"height: 99px;width: 97.3345%\">\n<tbody>\n<tr style=\"height: 256px\">\n<td style=\"height: 99px;width: 42.9098%\">\n<p><div id=\"attachment_15024\" style=\"width: 195px\" class=\"wp-caption aligncenter\"><a href=\"https:\/\/www.lecturesmissa.arquebisbattarragona.cat\/1652\/DIUMENGE-XI-DURANT-L039ANY-B?lang=es\" target=\"_blank\" rel=\"noopener\"><img loading=\"lazy\" decoding=\"async\" aria-describedby=\"caption-attachment-15024\" class=\"wp-image-15024\" src=\"https:\/\/2.bp.blogspot.com\/-GbbJpjNdgkg\/Vbep6Z_2EnI\/AAAAAAAAPxM\/i1YVcU3i5U4\/s1600\/Jes%25C3%25BAs%2Bexplica%2Bla%2Bpar%25C3%25A1bola%2Bdel%2Bgrano%2Bde%2Bmostaza.jpg\" alt=\"\" width=\"195\" height=\"245\" \/><\/a><p id=\"caption-attachment-15024\" class=\"wp-caption-text\">Leer la Palabra de Dios<\/p><\/div><\/td>\n<td style=\"height: 99px;width: 56.8154%;text-align: center\">\n<p><div id=\"attachment_14542\" style=\"width: 400px\" class=\"wp-caption aligncenter\"><a href=\"http:\/\/hemeroteca.arqtgn.cat\/bitstream\/123456789\/12797\/2\/hd3718.pdf\" target=\"_blank\" rel=\"noopener noreferrer\"><img loading=\"lazy\" decoding=\"async\" aria-describedby=\"caption-attachment-14542\" class=\"wp-image-14542 size-full\" src=\"http:\/\/smaria.salou.arqtgn.cat\/wp-content\/uploads\/sites\/10\/2021\/01\/full_es.jpg\" alt=\"\" width=\"400\" height=\"235\" srcset=\"https:\/\/smaria.salou.arqtgn.cat\/wp-content\/uploads\/sites\/10\/2021\/01\/full_es.jpg 400w, https:\/\/smaria.salou.arqtgn.cat\/wp-content\/uploads\/sites\/10\/2021\/01\/full_es-300x176.jpg 300w\" sizes=\"auto, (max-width: 400px) 100vw, 400px\" \/><\/a><p id=\"caption-attachment-14542\" class=\"wp-caption-text\">Leer la Hoja Dominical<\/p><\/div><\/td>\n<\/tr>\n<\/tbody>\n<\/table>\n<p>[youtube https:\/\/www.youtube.com\/watch?v=vVuRpU6c5I8]<\/p>\n<p>&nbsp;<\/p>\n<p>[youtube https:\/\/www.youtube.com\/watch?v=dJiSUP_PQI8]<\/p>\n<p>&nbsp;<\/p>\n<h3><span style=\"color: #ff9900\">Lectura espiritual<\/span><\/h3>\n<p><strong>12. EL CAMINO<br \/>\n<\/strong><strong>Desprenderse de todo lo accesorio<\/strong><\/p>\n<p style=\"text-align: justify\"><em>\u00c9ste es el testimonio de Juan, cuando los jud\u00edos le enviaron desde Jerusal\u00e9n sacerdotes y levitas a preguntarle qui\u00e9n era. \u00c9l confes\u00f3 sin reticencias que no era el Mes\u00edas. Le preguntaron: Entonces, \u00bferes El\u00edas? Respondi\u00f3: No lo soy. \u00bfEres el profeta? Respondi\u00f3: No. Le dijeron: \u00bfQui\u00e9n eres? Tenemos que llevar una respuesta a quienes nos enviaron, \u00bfqu\u00e9 dices de ti? Respondi\u00f3: Jo soy la voz el que clama en el desierto: ALLANAD EL CAMINO DEL SE\u00d1OR (seg\u00fan dice el profeta Isa\u00edas). Algunos fariseos de los enviados dijeron: Si no eres el Mes\u00edas ni El\u00edas ni el profeta, \u00bfpor qu\u00e9 bautizas? Juan les respondi\u00f3: Yo bautizo con agua. Entre vosotros est\u00e1 uno que no conoc\u00e9is, que viene detr\u00e1s de m\u00ed, y yo no soy qui\u00e9n para soltarle la correa de la sandalia. Esto suced\u00eda en Betania, junto al Jord\u00e1n, donde Juan bautizaba. <\/em>(Jn 1,19-28)<\/p>\n<p style=\"text-align: justify\">&#8212;&#8212;&#8212;&#8212;&#8212;&#8212;&#8212;-<\/p>\n<p style=\"text-align: justify\">S\u00f3lo despu\u00e9s de una larga temporada en el desierto, ese asceta que fue Juan se atreve a predicar y a bautizar. El se ha purificado y quiere ayudar a otros a iniciarse en este camino. El t\u00e9rmino <em>camino<\/em> es muy importante en toda b\u00fasqueda espiritual. No se trata de un camino cualquiera sino del camino del Se\u00f1or, el que conduce a la vida de verdad.<\/p>\n<p style=\"text-align: justify\">A menudo tomamos el camino equivocado. Incluso podemos perder nuestra condici\u00f3n de caminantes. Quiz\u00e1s vayamos despistados y errantes. Siempre podemos rectificar. Tendemos a pensar que hemos de ir a qui\u00e9n sabe d\u00f3nde y hacer qui\u00e9n sabe qu\u00e9 cosas raras. El camino del Se\u00f1or y el tuyo son el mismo. Lo que el quiere es que t\u00fa vivas.<\/p>\n<p style=\"text-align: justify\">&#8212;&#8212;&#8212;&#8212;&#8212;&#8212;&#8212;<\/p>\n<p style=\"text-align: justify\">Lo \u00fanico que debe exhortar un maestro o gu\u00eda espiritual es a recorrer el camino y a irse desprendiendo de todo lo que no es imprescindible.<\/p>\n<p style=\"text-align: justify\">Ve al desierto y permanece en \u00e9l. No lo llenes. Retorna a lo esencial y deja de buscar fuera lo que ya tienes dentro. Es una invitaci\u00f3n a \u201cser\u201d, s\u00f3lo a \u201cser\u201d, sin aferrase al poder, al placer o al tener. \u00bfQuieres \u201cser\u201d? \u00bfTe atreves a vivir desnudo, sin entretenerte en lo anecd\u00f3tico o circunstancial? Juan ha dejado casas y propiedades (seguridad), familia y amigos (afectos), y el templo (la religi\u00f3n oficial, exterior).<\/p>\n<p style=\"text-align: justify\">Dejar atr\u00e1s las propias ideas, el propio pasado, proyectos e ilusiones, las peque\u00f1as alegr\u00edas y placeres cotidianos\u00a0 y meterse en un gran vac\u00edo no es f\u00e1cil. \u00bfQu\u00e9 intensidad debe tener la llamada interior para que uno pueda abrazar todo esto y, sobre todo, mantenerlo?<\/p>\n<p style=\"text-align: justify\">&#8212;&#8212;&#8212;&#8212;&#8212;&#8212;&#8212;&#8212;&#8212;&#8212;&#8212;<\/p>\n<p style=\"text-align: justify\">Para ir al centro, hay que abandonar la periferia del mundo, aunque luego sea el verdadero mundo, lo que encontraremos en ese centro. En ese centro est\u00e1 el Amado. Ese centro es el Amado. Sabes que es el Amado si por \u00c9l lo has dejado todo. Todo es nada ante el Amado, por eso precisamente es nuestro amado.<\/p>\n<p style=\"text-align: justify\">\u201cYo soy una voz que clama en el desierto\u201d. El hombre (el testigo) es el mensaje, y el desierto es el escenario para que este mensaje pueda descifrarse. La voz de Juan apunta a otra voz, la de Jes\u00fas. Nuestra voz m\u00e1s profunda es la suya.<\/p>\n<p style=\"text-align: justify\">&#8212;&#8212;&#8212;&#8212;&#8212;&#8212;&#8212;&#8212;&#8212;-<\/p>\n<p style=\"text-align: justify\">\u201cYo bautizo con agua; pero \u00c9l bautizar\u00e1 con fuego\u201d. Yo preparo la experiencia, pero \u00c9l es la experiencia.<\/p>\n<p style=\"text-align: justify\">Juan supo quitarse de en medio para que quienes estaban ante \u00e9l vieran la verdad. Quitarse de en medio no resulta f\u00e1cil. Creemos tener derechos sobre nuestros c\u00f3nyuges e hijos, sobre nuestros alumnos y amigos. Soltarles, permitir que hagan su camino -distinto del nuestro- supone poseer una gran madurez. El verdadero maestro nunca se apunta a s\u00ed mismo, sino al maestro interior que todos llevamos dentro.<\/p>\n<p style=\"text-align: justify\">&#8212;&#8212;&#8212;&#8212;&#8212;<\/p>\n<p style=\"text-align: justify\">Todo lo que habitualmente ocupa nuestra mente y nuestro coraz\u00f3n se desvanece cuando entramos en nuestro desierto. Por eso, justamente, no queremos entrar: porque no queremos ver que hemos estado durante d\u00e9cadas entretenidos en nader\u00edas.<\/p>\n<p style=\"text-align: justify\">En la soledad des\u00e9rtica, desenmascaradas nuestras idolatr\u00edas y finalmente desapegados de lo circunstancial, descubrimos que \u201csomos\u201d y \u201cqu\u00e9 somos\u201d.<\/p>\n<p style=\"text-align: right\"><em>(Inspirado en el libro: Biograf\u00eda de la luz, De Pablo d\u2019Ors)<\/em><\/p>\n","protected":false},"excerpt":{"rendered":"<p>[youtube https:\/\/www.youtube.com\/watch?v=vVuRpU6c5I8] &nbsp; [youtube https:\/\/www.youtube.com\/watch?v=dJiSUP_PQI8] &nbsp; Lectura espiritual 12. EL CAMINO Desprenderse de todo lo accesorio \u00c9ste es el testimonio de Juan, cuando los jud\u00edos le enviaron desde Jerusal\u00e9n sacerdotes y levitas a preguntarle qui\u00e9n era. \u00c9l confes\u00f3 sin reticencias que no era el Mes\u00edas. Le preguntaron: Entonces, \u00bferes El\u00edas? Respondi\u00f3: No lo soy. \u00bfEres &hellip; <\/p>\n<p><a class=\"more-link btn\" href=\"https:\/\/smaria.salou.arqtgn.cat\/es\/xi-domingo-del-tiempo-ordinario-b-2021\/\">Seguir leyendo<\/a><\/p>\n","protected":false},"author":11,"featured_media":0,"comment_status":"closed","ping_status":"closed","sticky":false,"template":"","format":"standard","meta":{"footnotes":""},"categories":[52,49],"tags":[],"class_list":["post-15099","post","type-post","status-publish","format-standard","hentry","category-para-reflexionar","category-preparando-el-domingo","item-wrap"],"amp_enabled":true,"_links":{"self":[{"href":"https:\/\/smaria.salou.arqtgn.cat\/es\/wp-json\/wp\/v2\/posts\/15099","targetHints":{"allow":["GET"]}}],"collection":[{"href":"https:\/\/smaria.salou.arqtgn.cat\/es\/wp-json\/wp\/v2\/posts"}],"about":[{"href":"https:\/\/smaria.salou.arqtgn.cat\/es\/wp-json\/wp\/v2\/types\/post"}],"author":[{"embeddable":true,"href":"https:\/\/smaria.salou.arqtgn.cat\/es\/wp-json\/wp\/v2\/users\/11"}],"replies":[{"embeddable":true,"href":"https:\/\/smaria.salou.arqtgn.cat\/es\/wp-json\/wp\/v2\/comments?post=15099"}],"version-history":[{"count":4,"href":"https:\/\/smaria.salou.arqtgn.cat\/es\/wp-json\/wp\/v2\/posts\/15099\/revisions"}],"predecessor-version":[{"id":15106,"href":"https:\/\/smaria.salou.arqtgn.cat\/es\/wp-json\/wp\/v2\/posts\/15099\/revisions\/15106"}],"wp:attachment":[{"href":"https:\/\/smaria.salou.arqtgn.cat\/es\/wp-json\/wp\/v2\/media?parent=15099"}],"wp:term":[{"taxonomy":"category","embeddable":true,"href":"https:\/\/smaria.salou.arqtgn.cat\/es\/wp-json\/wp\/v2\/categories?post=15099"},{"taxonomy":"post_tag","embeddable":true,"href":"https:\/\/smaria.salou.arqtgn.cat\/es\/wp-json\/wp\/v2\/tags?post=15099"}],"curies":[{"name":"wp","href":"https:\/\/api.w.org\/{rel}","templated":true}]}}