{"id":15088,"date":"2021-06-07T23:19:56","date_gmt":"2021-06-07T21:19:56","guid":{"rendered":"http:\/\/smaria.salou.arqtgn.cat\/?p=15088"},"modified":"2021-06-07T23:19:56","modified_gmt":"2021-06-07T21:19:56","slug":"defuncion-de-miguel-jose-bel-llop","status":"publish","type":"post","link":"https:\/\/smaria.salou.arqtgn.cat\/es\/defuncion-de-miguel-jose-bel-llop\/","title":{"rendered":"Defunci\u00f3n de Miguel Jos\u00e9 Bel Llop"},"content":{"rendered":"<p><a href=\"http:\/\/salou2.wEp.arqtgn.cat\/wp-content\/uploads\/sites\/10\/2015\/05\/memora.jpg\"><img loading=\"lazy\" decoding=\"async\" class=\"alignleft wp-image-8935 size-full\" src=\"http:\/\/smaria.salou.arqtgn.cat\/wp-content\/uploads\/sites\/10\/2015\/05\/memora.jpg\" alt=\"memora\" width=\"124\" height=\"160\" \/><\/a><strong>Edad:<\/strong> 52 a\u00f1os<\/p>\n<p><strong>Lugar de la ceremonia: <\/strong>Santa Maria del Mar de Salou<strong><br \/>\n<\/strong><\/p>\n<p><strong>Fecha y hora: <\/strong>martes, 8 de junio de 2021, a las 16:00h<\/p>\n<p><em>Jes\u00fas dijo: Jo soy la resurecci\u00f3n y la vida. Quien cree en mi, aunque muera, vivir\u00e1; y todo aquel que vive y cree en mi, no morir\u00e1 nunca<\/em>.<\/p>\n<p><em>Jn 11, 25-26<br \/>\n<\/em><\/p>\n","protected":false},"excerpt":{"rendered":"<p>Edad: 52 a\u00f1os Lugar de la ceremonia: Santa Maria del Mar de Salou Fecha y hora: martes, 8 de junio de 2021, a las 16:00h Jes\u00fas dijo: Jo soy la resurecci\u00f3n y la vida. Quien cree en mi, aunque muera, vivir\u00e1; y todo aquel que vive y cree en mi, no morir\u00e1 nunca. Jn 11, &hellip; <\/p>\n<p><a class=\"more-link btn\" href=\"https:\/\/smaria.salou.arqtgn.cat\/es\/defuncion-de-miguel-jose-bel-llop\/\">Seguir leyendo<\/a><\/p>\n","protected":false},"author":11,"featured_media":0,"comment_status":"closed","ping_status":"closed","sticky":false,"template":"","format":"standard","meta":{"footnotes":""},"categories":[51],"tags":[],"class_list":["post-15088","post","type-post","status-publish","format-standard","hentry","category-defunciones","item-wrap"],"amp_enabled":true,"_links":{"self":[{"href":"https:\/\/smaria.salou.arqtgn.cat\/es\/wp-json\/wp\/v2\/posts\/15088","targetHints":{"allow":["GET"]}}],"collection":[{"href":"https:\/\/smaria.salou.arqtgn.cat\/es\/wp-json\/wp\/v2\/posts"}],"about":[{"href":"https:\/\/smaria.salou.arqtgn.cat\/es\/wp-json\/wp\/v2\/types\/post"}],"author":[{"embeddable":true,"href":"https:\/\/smaria.salou.arqtgn.cat\/es\/wp-json\/wp\/v2\/users\/11"}],"replies":[{"embeddable":true,"href":"https:\/\/smaria.salou.arqtgn.cat\/es\/wp-json\/wp\/v2\/comments?post=15088"}],"version-history":[{"count":1,"href":"https:\/\/smaria.salou.arqtgn.cat\/es\/wp-json\/wp\/v2\/posts\/15088\/revisions"}],"predecessor-version":[{"id":15089,"href":"https:\/\/smaria.salou.arqtgn.cat\/es\/wp-json\/wp\/v2\/posts\/15088\/revisions\/15089"}],"wp:attachment":[{"href":"https:\/\/smaria.salou.arqtgn.cat\/es\/wp-json\/wp\/v2\/media?parent=15088"}],"wp:term":[{"taxonomy":"category","embeddable":true,"href":"https:\/\/smaria.salou.arqtgn.cat\/es\/wp-json\/wp\/v2\/categories?post=15088"},{"taxonomy":"post_tag","embeddable":true,"href":"https:\/\/smaria.salou.arqtgn.cat\/es\/wp-json\/wp\/v2\/tags?post=15088"}],"curies":[{"name":"wp","href":"https:\/\/api.w.org\/{rel}","templated":true}]}}